{"id":10832,"date":"2020-05-12T15:46:22","date_gmt":"2020-05-12T21:46:22","guid":{"rendered":"https:\/\/cira.unan.edu.ni\/?p=10832"},"modified":"2020-05-12T15:46:22","modified_gmt":"2020-05-12T21:46:22","slug":"cira-presenta-avances-educativos-e-investigativos-ante-el-consejo-universitario","status":"publish","type":"post","link":"https:\/\/cira.unan.edu.ni\/index.php\/cira-presenta-avances-educativos-e-investigativos-ante-el-consejo-universitario\/","title":{"rendered":"CIRA presenta avances educativos e investigativos ante el Consejo Universitario"},"content":{"rendered":"<div class=\"elementor-widget-container\">\n<div class=\"elementor-text-editor elementor-clearfix\">\n<p style=\"text-align: justify;\">En sesi\u00f3n ordinaria 09-2020 del Consejo Universitario, m\u00e1ximo \u00f3rgano de gobierno de la UNAN-Managua, que tuvo, entre otras dedicatorias, el A\u00f1o de la Educaci\u00f3n con Calidad y Pertinencia, el 125 aniversario del natalicio del General Augusto C. Sandino y la ampliaci\u00f3n del Programa Universidad en el Campo, el Centro para la Investigaci\u00f3n en Recursos Acu\u00e1ticos de Nicaragua CIRA\/UNAN-Managua dio a conocer al pleno los logros obtenidos en materia acad\u00e9mica e investigativa.<\/p>\n<p style=\"text-align: justify;\">La presentaci\u00f3n del desarrollo del Centro estuvo a cargo de la Directora, maestra Selvia Flores S\u00e1nchez, quien refiri\u00f3 que el CIRA ha logrado la proyecci\u00f3n y los aportes planteados acorde a la misi\u00f3n y visi\u00f3n institucional. El trabajo que se realiza conforme a las funciones sustantivas ha permitido la acreditaci\u00f3n de los laboratorios, consolidaci\u00f3n de programas posgrado, adquisici\u00f3n de equipos para la investigaci\u00f3n y mejoramiento en su infraestructura. Actualmente en el \u00e1rea laboran m\u00e1s de cien profesionales entre analistas de laboratorio, docentes e investigadores que han demostrado el compromiso y dedicaci\u00f3n de contribuir a la mejora continua de la instituci\u00f3n.<\/p>\n<p style=\"text-align: justify;\">Los aportes del CIRA a la educaci\u00f3n superior, la investigaci\u00f3n, innovaci\u00f3n y proyecci\u00f3n social en el \u00e1mbito de los recursos h\u00eddricos lo han posicionado como un centro de referencia nacional e internacional. En marzo de 2020 obtuvo su tercera acreditaci\u00f3n al demostrar su competencia t\u00e9cnica y confiabilidad en sus resultados anal\u00edticos. Actualmente ejecuta 12 proyectos financiados con fondos FPI, conjuntamente colabora en iniciativas con instituciones estatales con la finalidad ampliar los estudios de recursos h\u00eddricos en el pa\u00eds.<\/p>\n<p style=\"text-align: justify;\">En la misma sesi\u00f3n el Vicerrector de Docencia, Doctor Hugo Guti\u00e9rrez Oc\u00f3n, expuso los avances del perfeccionamiento curricular en el que est\u00e1n trabajando todas las facultades. Seg\u00fan el acad\u00e9mico, el proceso se desarrolla de manera satisfactoria, por lo que se prev\u00e9 culminar en noviembre de 2020, para comenzar el a\u00f1o lectivo 2021 con el curr\u00edculo renovado.<\/p>\n<p><img fetchpriority=\"high\" decoding=\"async\" data-attachment-id=\"10834\" data-permalink=\"https:\/\/cira.unan.edu.ni\/index.php\/cira-presenta-avances-educativos-e-investigativos-ante-el-consejo-universitario\/cu9202-2\/\" data-orig-file=\"https:\/\/cira.unan.edu.ni\/wp-content\/uploads\/2020\/05\/CU9202-2.gif\" data-orig-size=\"825,440\" data-comments-opened=\"0\" data-image-meta=\"{&quot;aperture&quot;:&quot;0&quot;,&quot;credit&quot;:&quot;&quot;,&quot;camera&quot;:&quot;&quot;,&quot;caption&quot;:&quot;&quot;,&quot;created_timestamp&quot;:&quot;0&quot;,&quot;copyright&quot;:&quot;&quot;,&quot;focal_length&quot;:&quot;0&quot;,&quot;iso&quot;:&quot;0&quot;,&quot;shutter_speed&quot;:&quot;0&quot;,&quot;title&quot;:&quot;&quot;,&quot;orientation&quot;:&quot;0&quot;}\" data-image-title=\"CU9202-2\" data-image-description=\"\" data-image-caption=\"\" data-medium-file=\"https:\/\/cira.unan.edu.ni\/wp-content\/uploads\/2020\/05\/CU9202-2-300x160.gif\" data-large-file=\"https:\/\/cira.unan.edu.ni\/wp-content\/uploads\/2020\/05\/CU9202-2.gif\" class=\"size-full wp-image-10834 aligncenter\" src=\"https:\/\/cira.unan.edu.ni\/wp-content\/uploads\/2020\/05\/CU9202-2.gif\" alt=\"\" width=\"825\" height=\"440\"><\/p>\n<\/div>\n<\/div>\n<p style=\"text-align: justify;\">Durante la reuni\u00f3n, a propuesta de la Facultad Multidisciplinaria de Estel\u00ed, FAREM-Estel\u00ed, el pleno aprob\u00f3 por unanimidad la C\u00e1tedra Leonel Rugama Rugama, creada en reconocimiento al legado pol\u00edtico-literario del poeta revolucionario. Se aprob\u00f3, adem\u00e1s, la propuesta de modalidad virtual de la Especializaci\u00f3n en Internacionalizaci\u00f3n y Cooperaci\u00f3n Universitaria. Este programa dar\u00e1 inicio el primero de junio del a\u00f1o en curso.<\/p>\n<p style=\"text-align: justify;\">Entre los temas de agenda de la reuni\u00f3n tambi\u00e9n estuvo la presentaci\u00f3n del Informe de Rectorado, que fue dado a conocer por la maestra Ramona Rodr\u00edguez P\u00e9rez, Rectora de la UNAN-Managua y Presidenta del Consejo Nacional de Universidades, quien valor\u00f3 como importante el comienzo del proceso de formaci\u00f3n de 130 profesionales en medicina, optometr\u00eda y odontolog\u00eda en el Tuma-La Dalia, Matagalpa, porque los j\u00f3venes podr\u00e1n brindar soluciones a los desaf\u00edos de salud de sus comunidades.<\/p>\n<p><img decoding=\"async\" data-attachment-id=\"10835\" data-permalink=\"https:\/\/cira.unan.edu.ni\/index.php\/cira-presenta-avances-educativos-e-investigativos-ante-el-consejo-universitario\/cu9201\/\" data-orig-file=\"https:\/\/cira.unan.edu.ni\/wp-content\/uploads\/2020\/05\/CU9201.gif\" data-orig-size=\"825,440\" data-comments-opened=\"0\" data-image-meta=\"{&quot;aperture&quot;:&quot;0&quot;,&quot;credit&quot;:&quot;&quot;,&quot;camera&quot;:&quot;&quot;,&quot;caption&quot;:&quot;&quot;,&quot;created_timestamp&quot;:&quot;0&quot;,&quot;copyright&quot;:&quot;&quot;,&quot;focal_length&quot;:&quot;0&quot;,&quot;iso&quot;:&quot;0&quot;,&quot;shutter_speed&quot;:&quot;0&quot;,&quot;title&quot;:&quot;&quot;,&quot;orientation&quot;:&quot;0&quot;}\" data-image-title=\"CU9201\" data-image-description=\"\" data-image-caption=\"\" data-medium-file=\"https:\/\/cira.unan.edu.ni\/wp-content\/uploads\/2020\/05\/CU9201-300x160.gif\" data-large-file=\"https:\/\/cira.unan.edu.ni\/wp-content\/uploads\/2020\/05\/CU9201.gif\" class=\"size-full wp-image-10835 aligncenter\" src=\"https:\/\/cira.unan.edu.ni\/wp-content\/uploads\/2020\/05\/CU9201.gif\" alt=\"\" width=\"825\" height=\"440\"><\/p>\n<p style=\"text-align: justify;\">La acad\u00e9mica tambi\u00e9n se refiri\u00f3 a la articulaci\u00f3n de esfuerzos con el MINSA para ampliar la oferta de la carrera de enfermer\u00eda auxiliar. Conjuntamente, las autoridades ratificaron su compromiso de trabajo con la Comisi\u00f3n Nacional de Ciencia y Tecnolog\u00eda para la Educaci\u00f3n en el Campo, conformada el cinco de mayo por el CONICYT para unir esfuerzos y coordinar acciones en materia de capacitaci\u00f3n t\u00e9cnica que propicien el desarrollar la producci\u00f3n y garanticen la seguridad alimentaria en el pa\u00eds.<\/p>\nngg_shortcode_0_placeholder\n","protected":false},"excerpt":{"rendered":"<p>En sesi\u00f3n ordinaria 09-2020 del Consejo Universitario, m\u00e1ximo \u00f3rgano de gobierno de la UNAN-Managua, que tuvo, entre otras dedicatorias, el A\u00f1o de la Educaci\u00f3n con Calidad y Pertinencia, el 125 aniversario del natalicio del General Augusto C. Sandino y la ampliaci\u00f3n del Programa Universidad en el Campo, el Centro para la Investigaci\u00f3n en Recursos Acu\u00e1ticos de Nicaragua CIRA\/UNAN-Managua dio a conocer al pleno los logros obtenidos en materia acad\u00e9mica e investigativa. La presentaci\u00f3n del desarrollo del Centro estuvo a cargo de la Directora, maestra Selvia Flores S\u00e1nchez, quien refiri\u00f3 que el CIRA ha logrado la proyecci\u00f3n y los aportes planteados acorde a la misi\u00f3n y visi\u00f3n institucional. El trabajo que se realiza conforme a las funciones sustantivas ha permitido la acreditaci\u00f3n de los laboratorios, consolidaci\u00f3n de programas posgrado, adquisici\u00f3n de equipos para la investigaci\u00f3n y mejoramiento en su infraestructura. Actualmente en el \u00e1rea laboran m\u00e1s de cien profesionales entre analistas de laboratorio, docentes e investigadores que han demostrado el compromiso y dedicaci\u00f3n de contribuir a la mejora continua de la instituci\u00f3n. Los aportes del CIRA a la educaci\u00f3n superior, la investigaci\u00f3n, innovaci\u00f3n y proyecci\u00f3n social en el \u00e1mbito de los recursos h\u00eddricos lo han posicionado como un centro de referencia nacional e internacional. En marzo de 2020 obtuvo su tercera acreditaci\u00f3n al demostrar su competencia t\u00e9cnica y confiabilidad en sus resultados anal\u00edticos. Actualmente ejecuta 12 proyectos financiados con fondos FPI, conjuntamente colabora en iniciativas con instituciones estatales con la finalidad ampliar los estudios de recursos h\u00eddricos en el pa\u00eds. En la misma sesi\u00f3n el Vicerrector de Docencia, Doctor Hugo Guti\u00e9rrez Oc\u00f3n, expuso los avances del perfeccionamiento curricular en el que est\u00e1n trabajando todas las facultades. Seg\u00fan el acad\u00e9mico, el proceso se desarrolla de manera satisfactoria, por lo que se prev\u00e9 culminar en noviembre de 2020, para comenzar el a\u00f1o lectivo 2021 con el curr\u00edculo renovado. Durante la reuni\u00f3n, a propuesta de la Facultad Multidisciplinaria de Estel\u00ed, FAREM-Estel\u00ed, el pleno aprob\u00f3 por unanimidad la C\u00e1tedra Leonel Rugama Rugama, creada en reconocimiento al legado pol\u00edtico-literario del poeta revolucionario. Se aprob\u00f3, adem\u00e1s, la propuesta de modalidad virtual de la Especializaci\u00f3n en Internacionalizaci\u00f3n y Cooperaci\u00f3n Universitaria. Este programa dar\u00e1 inicio el primero de junio del a\u00f1o en curso. Entre los temas de agenda de la reuni\u00f3n tambi\u00e9n estuvo la presentaci\u00f3n del Informe de Rectorado, que fue dado a conocer por la maestra Ramona Rodr\u00edguez P\u00e9rez, Rectora de la UNAN-Managua y Presidenta del Consejo Nacional de Universidades, quien valor\u00f3 como importante el comienzo del proceso de formaci\u00f3n de 130 profesionales en medicina, optometr\u00eda y odontolog\u00eda en el Tuma-La Dalia, Matagalpa, porque los j\u00f3venes podr\u00e1n brindar soluciones a los desaf\u00edos de salud de sus comunidades. La acad\u00e9mica tambi\u00e9n se refiri\u00f3 a la articulaci\u00f3n de esfuerzos con el MINSA para ampliar la oferta de la carrera de enfermer\u00eda auxiliar. Conjuntamente, las autoridades ratificaron su compromiso de trabajo con la Comisi\u00f3n Nacional de Ciencia y Tecnolog\u00eda para la Educaci\u00f3n en el Campo, conformada el cinco de mayo por el CONICYT para unir esfuerzos y coordinar acciones en materia de capacitaci\u00f3n t\u00e9cnica que propicien el desarrollar la producci\u00f3n y garanticen la seguridad alimentaria en el pa\u00eds.<\/p>\n","protected":false},"author":1,"featured_media":10833,"comment_status":"closed","ping_status":"closed","sticky":false,"template":"","format":"standard","meta":{"site-sidebar-layout":"default","site-content-layout":"default","ast-site-content-layout":"default","site-content-style":"default","site-sidebar-style":"default","ast-global-header-display":"","ast-banner-title-visibility":"","ast-main-header-display":"","ast-hfb-above-header-display":"","ast-hfb-below-header-display":"","ast-hfb-mobile-header-display":"","site-post-title":"","ast-breadcrumbs-content":"","ast-featured-img":"","footer-sml-layout":"","ast-disable-related-posts":"","theme-transparent-header-meta":"default","adv-header-id-meta":"","stick-header-meta":"","header-above-stick-meta":"","header-main-stick-meta":"","header-below-stick-meta":"","astra-migrate-meta-layouts":"default","ast-page-background-enabled":"default","ast-page-background-meta":{"desktop":{"background-color":"","background-image":"","background-repeat":"repeat","background-position":"center center","background-size":"auto","background-attachment":"scroll","background-type":"","background-media":"","overlay-type":"","overlay-color":"","overlay-opacity":"","overlay-gradient":""},"tablet":{"background-color":"","background-image":"","background-repeat":"repeat","background-position":"center center","background-size":"auto","background-attachment":"scroll","background-type":"","background-media":"","overlay-type":"","overlay-color":"","overlay-opacity":"","overlay-gradient":""},"mobile":{"background-color":"","background-image":"","background-repeat":"repeat","background-position":"center center","background-size":"auto","background-attachment":"scroll","background-type":"","background-media":"","overlay-type":"","overlay-color":"","overlay-opacity":"","overlay-gradient":""}},"ast-content-background-meta":{"desktop":{"background-color":"var(--ast-global-color-5)","background-image":"","background-repeat":"repeat","background-position":"center center","background-size":"auto","background-attachment":"scroll","background-type":"","background-media":"","overlay-type":"","overlay-color":"","overlay-opacity":"","overlay-gradient":""},"tablet":{"background-color":"var(--ast-global-color-5)","background-image":"","background-repeat":"repeat","background-position":"center center","background-size":"auto","background-attachment":"scroll","background-type":"","background-media":"","overlay-type":"","overlay-color":"","overlay-opacity":"","overlay-gradient":""},"mobile":{"background-color":"var(--ast-global-color-5)","background-image":"","background-repeat":"repeat","background-position":"center center","background-size":"auto","background-attachment":"scroll","background-type":"","background-media":"","overlay-type":"","overlay-color":"","overlay-opacity":"","overlay-gradient":""}},"ngg_post_thumbnail":0,"_jetpack_memberships_contains_paid_content":false,"footnotes":"","jetpack_publicize_message":"","jetpack_publicize_feature_enabled":true,"jetpack_social_post_already_shared":false,"jetpack_social_options":{"image_generator_settings":{"template":"highway","default_image_id":0,"font":"","enabled":false},"version":2}},"categories":[155],"tags":[],"class_list":["post-10832","post","type-post","status-publish","format-standard","has-post-thumbnail","hentry","category-ultimas-noticias"],"yoast_head":"<!-- This site is optimized with the Yoast SEO plugin v27.2 - https:\/\/yoast.com\/product\/yoast-seo-wordpress\/ -->\n<title>CIRA presenta avances educativos e investigativos ante el Consejo Universitario - UNAN-Managua\/CIRA<\/title>\n<meta name=\"robots\" content=\"index, follow, max-snippet:-1, max-image-preview:large, max-video-preview:-1\" \/>\n<link rel=\"canonical\" href=\"https:\/\/cira.unan.edu.ni\/index.php\/cira-presenta-avances-educativos-e-investigativos-ante-el-consejo-universitario\/\" \/>\n<meta property=\"og:locale\" content=\"es_ES\" \/>\n<meta property=\"og:type\" content=\"article\" \/>\n<meta property=\"og:title\" content=\"CIRA presenta avances educativos e investigativos ante el Consejo Universitario - UNAN-Managua\/CIRA\" \/>\n<meta property=\"og:description\" content=\"En sesi\u00f3n ordinaria 09-2020 del Consejo Universitario, m\u00e1ximo \u00f3rgano de gobierno de la UNAN-Managua, que tuvo, entre otras dedicatorias, el A\u00f1o de la Educaci\u00f3n con Calidad y Pertinencia, el 125 aniversario del natalicio del General Augusto C. Sandino y la ampliaci\u00f3n del Programa Universidad en el Campo, el Centro para la Investigaci\u00f3n en Recursos Acu\u00e1ticos de Nicaragua CIRA\/UNAN-Managua dio a conocer al pleno los logros obtenidos en materia acad\u00e9mica e investigativa. La presentaci\u00f3n del desarrollo del Centro estuvo a cargo de la Directora, maestra Selvia Flores S\u00e1nchez, quien refiri\u00f3 que el CIRA ha logrado la proyecci\u00f3n y los aportes planteados acorde a la misi\u00f3n y visi\u00f3n institucional. El trabajo que se realiza conforme a las funciones sustantivas ha permitido la acreditaci\u00f3n de los laboratorios, consolidaci\u00f3n de programas posgrado, adquisici\u00f3n de equipos para la investigaci\u00f3n y mejoramiento en su infraestructura. Actualmente en el \u00e1rea laboran m\u00e1s de cien profesionales entre analistas de laboratorio, docentes e investigadores que han demostrado el compromiso y dedicaci\u00f3n de contribuir a la mejora continua de la instituci\u00f3n. Los aportes del CIRA a la educaci\u00f3n superior, la investigaci\u00f3n, innovaci\u00f3n y proyecci\u00f3n social en el \u00e1mbito de los recursos h\u00eddricos lo han posicionado como un centro de referencia nacional e internacional. En marzo de 2020 obtuvo su tercera acreditaci\u00f3n al demostrar su competencia t\u00e9cnica y confiabilidad en sus resultados anal\u00edticos. Actualmente ejecuta 12 proyectos financiados con fondos FPI, conjuntamente colabora en iniciativas con instituciones estatales con la finalidad ampliar los estudios de recursos h\u00eddricos en el pa\u00eds. En la misma sesi\u00f3n el Vicerrector de Docencia, Doctor Hugo Guti\u00e9rrez Oc\u00f3n, expuso los avances del perfeccionamiento curricular en el que est\u00e1n trabajando todas las facultades. Seg\u00fan el acad\u00e9mico, el proceso se desarrolla de manera satisfactoria, por lo que se prev\u00e9 culminar en noviembre de 2020, para comenzar el a\u00f1o lectivo 2021 con el curr\u00edculo renovado. Durante la reuni\u00f3n, a propuesta de la Facultad Multidisciplinaria de Estel\u00ed, FAREM-Estel\u00ed, el pleno aprob\u00f3 por unanimidad la C\u00e1tedra Leonel Rugama Rugama, creada en reconocimiento al legado pol\u00edtico-literario del poeta revolucionario. Se aprob\u00f3, adem\u00e1s, la propuesta de modalidad virtual de la Especializaci\u00f3n en Internacionalizaci\u00f3n y Cooperaci\u00f3n Universitaria. Este programa dar\u00e1 inicio el primero de junio del a\u00f1o en curso. Entre los temas de agenda de la reuni\u00f3n tambi\u00e9n estuvo la presentaci\u00f3n del Informe de Rectorado, que fue dado a conocer por la maestra Ramona Rodr\u00edguez P\u00e9rez, Rectora de la UNAN-Managua y Presidenta del Consejo Nacional de Universidades, quien valor\u00f3 como importante el comienzo del proceso de formaci\u00f3n de 130 profesionales en medicina, optometr\u00eda y odontolog\u00eda en el Tuma-La Dalia, Matagalpa, porque los j\u00f3venes podr\u00e1n brindar soluciones a los desaf\u00edos de salud de sus comunidades. La acad\u00e9mica tambi\u00e9n se refiri\u00f3 a la articulaci\u00f3n de esfuerzos con el MINSA para ampliar la oferta de la carrera de enfermer\u00eda auxiliar. Conjuntamente, las autoridades ratificaron su compromiso de trabajo con la Comisi\u00f3n Nacional de Ciencia y Tecnolog\u00eda para la Educaci\u00f3n en el Campo, conformada el cinco de mayo por el CONICYT para unir esfuerzos y coordinar acciones en materia de capacitaci\u00f3n t\u00e9cnica que propicien el desarrollar la producci\u00f3n y garanticen la seguridad alimentaria en el pa\u00eds.\" \/>\n<meta property=\"og:url\" content=\"https:\/\/cira.unan.edu.ni\/index.php\/cira-presenta-avances-educativos-e-investigativos-ante-el-consejo-universitario\/\" \/>\n<meta property=\"og:site_name\" content=\"UNAN-Managua\/CIRA\" \/>\n<meta property=\"article:publisher\" content=\"https:\/\/www.facebook.com\/Cira.Unan\/\" \/>\n<meta property=\"article:published_time\" content=\"2020-05-12T21:46:22+00:00\" \/>\n<meta property=\"og:image\" content=\"https:\/\/i0.wp.com\/cira.unan.edu.ni\/wp-content\/uploads\/2020\/05\/CU920-5.gif?fit=825%2C440&ssl=1\" \/>\n\t<meta property=\"og:image:width\" content=\"825\" \/>\n\t<meta property=\"og:image:height\" content=\"440\" \/>\n\t<meta property=\"og:image:type\" content=\"image\/gif\" \/>\n<meta name=\"author\" content=\"admin-cira\" \/>\n<meta name=\"twitter:card\" content=\"summary_large_image\" \/>\n<meta name=\"twitter:creator\" content=\"@CiraUnan\" \/>\n<meta name=\"twitter:site\" content=\"@CiraUnan\" \/>\n<meta name=\"twitter:label1\" content=\"Escrito por\" \/>\n\t<meta name=\"twitter:data1\" content=\"\" \/>\n\t<meta name=\"twitter:label2\" content=\"Tiempo de lectura\" \/>\n\t<meta name=\"twitter:data2\" content=\"3 minutos\" \/>\n<script type=\"application\/ld+json\" class=\"yoast-schema-graph\">{\"@context\":\"https:\/\/schema.org\",\"@graph\":[{\"@type\":\"Article\",\"@id\":\"https:\/\/cira.unan.edu.ni\/index.php\/cira-presenta-avances-educativos-e-investigativos-ante-el-consejo-universitario\/#article\",\"isPartOf\":{\"@id\":\"https:\/\/cira.unan.edu.ni\/index.php\/cira-presenta-avances-educativos-e-investigativos-ante-el-consejo-universitario\/\"},\"author\":{\"name\":\"admin-cira\",\"@id\":\"https:\/\/cira.unan.edu.ni\/#\/schema\/person\/ea471033ecfbf0f1297140bb71bc2661\"},\"headline\":\"CIRA presenta avances educativos e investigativos ante el Consejo Universitario\",\"datePublished\":\"2020-05-12T21:46:22+00:00\",\"mainEntityOfPage\":{\"@id\":\"https:\/\/cira.unan.edu.ni\/index.php\/cira-presenta-avances-educativos-e-investigativos-ante-el-consejo-universitario\/\"},\"wordCount\":618,\"publisher\":{\"@id\":\"https:\/\/cira.unan.edu.ni\/#organization\"},\"image\":{\"@id\":\"https:\/\/cira.unan.edu.ni\/index.php\/cira-presenta-avances-educativos-e-investigativos-ante-el-consejo-universitario\/#primaryimage\"},\"thumbnailUrl\":\"https:\/\/cira.unan.edu.ni\/wp-content\/uploads\/2020\/05\/CU920-5.gif\",\"articleSection\":[\"Ultimas noticias\"],\"inLanguage\":\"es\"},{\"@type\":\"WebPage\",\"@id\":\"https:\/\/cira.unan.edu.ni\/index.php\/cira-presenta-avances-educativos-e-investigativos-ante-el-consejo-universitario\/\",\"url\":\"https:\/\/cira.unan.edu.ni\/index.php\/cira-presenta-avances-educativos-e-investigativos-ante-el-consejo-universitario\/\",\"name\":\"CIRA presenta avances educativos e investigativos ante el Consejo Universitario - UNAN-Managua\/CIRA\",\"isPartOf\":{\"@id\":\"https:\/\/cira.unan.edu.ni\/#website\"},\"primaryImageOfPage\":{\"@id\":\"https:\/\/cira.unan.edu.ni\/index.php\/cira-presenta-avances-educativos-e-investigativos-ante-el-consejo-universitario\/#primaryimage\"},\"image\":{\"@id\":\"https:\/\/cira.unan.edu.ni\/index.php\/cira-presenta-avances-educativos-e-investigativos-ante-el-consejo-universitario\/#primaryimage\"},\"thumbnailUrl\":\"https:\/\/cira.unan.edu.ni\/wp-content\/uploads\/2020\/05\/CU920-5.gif\",\"datePublished\":\"2020-05-12T21:46:22+00:00\",\"breadcrumb\":{\"@id\":\"https:\/\/cira.unan.edu.ni\/index.php\/cira-presenta-avances-educativos-e-investigativos-ante-el-consejo-universitario\/#breadcrumb\"},\"inLanguage\":\"es\",\"potentialAction\":[{\"@type\":\"ReadAction\",\"target\":[\"https:\/\/cira.unan.edu.ni\/index.php\/cira-presenta-avances-educativos-e-investigativos-ante-el-consejo-universitario\/\"]}]},{\"@type\":\"ImageObject\",\"inLanguage\":\"es\",\"@id\":\"https:\/\/cira.unan.edu.ni\/index.php\/cira-presenta-avances-educativos-e-investigativos-ante-el-consejo-universitario\/#primaryimage\",\"url\":\"https:\/\/cira.unan.edu.ni\/wp-content\/uploads\/2020\/05\/CU920-5.gif\",\"contentUrl\":\"https:\/\/cira.unan.edu.ni\/wp-content\/uploads\/2020\/05\/CU920-5.gif\",\"width\":825,\"height\":440},{\"@type\":\"BreadcrumbList\",\"@id\":\"https:\/\/cira.unan.edu.ni\/index.php\/cira-presenta-avances-educativos-e-investigativos-ante-el-consejo-universitario\/#breadcrumb\",\"itemListElement\":[{\"@type\":\"ListItem\",\"position\":1,\"name\":\"Portada\",\"item\":\"https:\/\/cira.unan.edu.ni\/\"},{\"@type\":\"ListItem\",\"position\":2,\"name\":\"CIRA presenta avances educativos e investigativos ante el Consejo Universitario\"}]},{\"@type\":\"WebSite\",\"@id\":\"https:\/\/cira.unan.edu.ni\/#website\",\"url\":\"https:\/\/cira.unan.edu.ni\/\",\"name\":\"CIRA\/UNAN-Managua\",\"description\":\"\",\"publisher\":{\"@id\":\"https:\/\/cira.unan.edu.ni\/#organization\"},\"potentialAction\":[{\"@type\":\"SearchAction\",\"target\":{\"@type\":\"EntryPoint\",\"urlTemplate\":\"https:\/\/cira.unan.edu.ni\/?s={search_term_string}\"},\"query-input\":{\"@type\":\"PropertyValueSpecification\",\"valueRequired\":true,\"valueName\":\"search_term_string\"}}],\"inLanguage\":\"es\"},{\"@type\":\"Organization\",\"@id\":\"https:\/\/cira.unan.edu.ni\/#organization\",\"name\":\"CIRA\/UNAN-Managua\",\"url\":\"https:\/\/cira.unan.edu.ni\/\",\"logo\":{\"@type\":\"ImageObject\",\"inLanguage\":\"es\",\"@id\":\"https:\/\/cira.unan.edu.ni\/#\/schema\/logo\/image\/\",\"url\":\"https:\/\/cira.unan.edu.ni\/wp-content\/uploads\/2018\/01\/logo_web_2018.fw_.png\",\"contentUrl\":\"https:\/\/cira.unan.edu.ni\/wp-content\/uploads\/2018\/01\/logo_web_2018.fw_.png\",\"width\":413,\"height\":88,\"caption\":\"CIRA\/UNAN-Managua\"},\"image\":{\"@id\":\"https:\/\/cira.unan.edu.ni\/#\/schema\/logo\/image\/\"},\"sameAs\":[\"https:\/\/www.facebook.com\/Cira.Unan\/\",\"https:\/\/x.com\/CiraUnan\",\"https:\/\/www.linkedin.com\/in\/cira-unan-managua-77058327\/\",\"https:\/\/www.youtube.com\/channel\/UCJ6caCqajBqeuhTqIPz5shg\"]},{\"@type\":\"Person\",\"@id\":\"https:\/\/cira.unan.edu.ni\/#\/schema\/person\/ea471033ecfbf0f1297140bb71bc2661\",\"name\":\"admin-cira\",\"image\":{\"@type\":\"ImageObject\",\"inLanguage\":\"es\",\"@id\":\"https:\/\/secure.gravatar.com\/avatar\/0760a9b63fc3293644d0450eb8175c0c7d9ddd41708cd3d9ab626d656a9a9876?s=96&d=mm&r=g\",\"url\":\"https:\/\/secure.gravatar.com\/avatar\/0760a9b63fc3293644d0450eb8175c0c7d9ddd41708cd3d9ab626d656a9a9876?s=96&d=mm&r=g\",\"contentUrl\":\"https:\/\/secure.gravatar.com\/avatar\/0760a9b63fc3293644d0450eb8175c0c7d9ddd41708cd3d9ab626d656a9a9876?s=96&d=mm&r=g\",\"caption\":\"admin-cira\"}}]}<\/script>\n<!-- \/ Yoast SEO plugin. -->","yoast_head_json":{"title":"CIRA presenta avances educativos e investigativos ante el Consejo Universitario - UNAN-Managua\/CIRA","robots":{"index":"index","follow":"follow","max-snippet":"max-snippet:-1","max-image-preview":"max-image-preview:large","max-video-preview":"max-video-preview:-1"},"canonical":"https:\/\/cira.unan.edu.ni\/index.php\/cira-presenta-avances-educativos-e-investigativos-ante-el-consejo-universitario\/","og_locale":"es_ES","og_type":"article","og_title":"CIRA presenta avances educativos e investigativos ante el Consejo Universitario - UNAN-Managua\/CIRA","og_description":"En sesi\u00f3n ordinaria 09-2020 del Consejo Universitario, m\u00e1ximo \u00f3rgano de gobierno de la UNAN-Managua, que tuvo, entre otras dedicatorias, el A\u00f1o de la Educaci\u00f3n con Calidad y Pertinencia, el 125 aniversario del natalicio del General Augusto C. Sandino y la ampliaci\u00f3n del Programa Universidad en el Campo, el Centro para la Investigaci\u00f3n en Recursos Acu\u00e1ticos de Nicaragua CIRA\/UNAN-Managua dio a conocer al pleno los logros obtenidos en materia acad\u00e9mica e investigativa. La presentaci\u00f3n del desarrollo del Centro estuvo a cargo de la Directora, maestra Selvia Flores S\u00e1nchez, quien refiri\u00f3 que el CIRA ha logrado la proyecci\u00f3n y los aportes planteados acorde a la misi\u00f3n y visi\u00f3n institucional. El trabajo que se realiza conforme a las funciones sustantivas ha permitido la acreditaci\u00f3n de los laboratorios, consolidaci\u00f3n de programas posgrado, adquisici\u00f3n de equipos para la investigaci\u00f3n y mejoramiento en su infraestructura. Actualmente en el \u00e1rea laboran m\u00e1s de cien profesionales entre analistas de laboratorio, docentes e investigadores que han demostrado el compromiso y dedicaci\u00f3n de contribuir a la mejora continua de la instituci\u00f3n. Los aportes del CIRA a la educaci\u00f3n superior, la investigaci\u00f3n, innovaci\u00f3n y proyecci\u00f3n social en el \u00e1mbito de los recursos h\u00eddricos lo han posicionado como un centro de referencia nacional e internacional. En marzo de 2020 obtuvo su tercera acreditaci\u00f3n al demostrar su competencia t\u00e9cnica y confiabilidad en sus resultados anal\u00edticos. Actualmente ejecuta 12 proyectos financiados con fondos FPI, conjuntamente colabora en iniciativas con instituciones estatales con la finalidad ampliar los estudios de recursos h\u00eddricos en el pa\u00eds. En la misma sesi\u00f3n el Vicerrector de Docencia, Doctor Hugo Guti\u00e9rrez Oc\u00f3n, expuso los avances del perfeccionamiento curricular en el que est\u00e1n trabajando todas las facultades. Seg\u00fan el acad\u00e9mico, el proceso se desarrolla de manera satisfactoria, por lo que se prev\u00e9 culminar en noviembre de 2020, para comenzar el a\u00f1o lectivo 2021 con el curr\u00edculo renovado. Durante la reuni\u00f3n, a propuesta de la Facultad Multidisciplinaria de Estel\u00ed, FAREM-Estel\u00ed, el pleno aprob\u00f3 por unanimidad la C\u00e1tedra Leonel Rugama Rugama, creada en reconocimiento al legado pol\u00edtico-literario del poeta revolucionario. Se aprob\u00f3, adem\u00e1s, la propuesta de modalidad virtual de la Especializaci\u00f3n en Internacionalizaci\u00f3n y Cooperaci\u00f3n Universitaria. Este programa dar\u00e1 inicio el primero de junio del a\u00f1o en curso. Entre los temas de agenda de la reuni\u00f3n tambi\u00e9n estuvo la presentaci\u00f3n del Informe de Rectorado, que fue dado a conocer por la maestra Ramona Rodr\u00edguez P\u00e9rez, Rectora de la UNAN-Managua y Presidenta del Consejo Nacional de Universidades, quien valor\u00f3 como importante el comienzo del proceso de formaci\u00f3n de 130 profesionales en medicina, optometr\u00eda y odontolog\u00eda en el Tuma-La Dalia, Matagalpa, porque los j\u00f3venes podr\u00e1n brindar soluciones a los desaf\u00edos de salud de sus comunidades. La acad\u00e9mica tambi\u00e9n se refiri\u00f3 a la articulaci\u00f3n de esfuerzos con el MINSA para ampliar la oferta de la carrera de enfermer\u00eda auxiliar. Conjuntamente, las autoridades ratificaron su compromiso de trabajo con la Comisi\u00f3n Nacional de Ciencia y Tecnolog\u00eda para la Educaci\u00f3n en el Campo, conformada el cinco de mayo por el CONICYT para unir esfuerzos y coordinar acciones en materia de capacitaci\u00f3n t\u00e9cnica que propicien el desarrollar la producci\u00f3n y garanticen la seguridad alimentaria en el pa\u00eds.","og_url":"https:\/\/cira.unan.edu.ni\/index.php\/cira-presenta-avances-educativos-e-investigativos-ante-el-consejo-universitario\/","og_site_name":"UNAN-Managua\/CIRA","article_publisher":"https:\/\/www.facebook.com\/Cira.Unan\/","article_published_time":"2020-05-12T21:46:22+00:00","og_image":[{"width":825,"height":440,"url":"https:\/\/i0.wp.com\/cira.unan.edu.ni\/wp-content\/uploads\/2020\/05\/CU920-5.gif?fit=825%2C440&ssl=1","type":"image\/gif"}],"author":"admin-cira","twitter_card":"summary_large_image","twitter_creator":"@CiraUnan","twitter_site":"@CiraUnan","twitter_misc":{"Escrito por":false,"Tiempo de lectura":"3 minutos"},"schema":{"@context":"https:\/\/schema.org","@graph":[{"@type":"Article","@id":"https:\/\/cira.unan.edu.ni\/index.php\/cira-presenta-avances-educativos-e-investigativos-ante-el-consejo-universitario\/#article","isPartOf":{"@id":"https:\/\/cira.unan.edu.ni\/index.php\/cira-presenta-avances-educativos-e-investigativos-ante-el-consejo-universitario\/"},"author":{"name":"admin-cira","@id":"https:\/\/cira.unan.edu.ni\/#\/schema\/person\/ea471033ecfbf0f1297140bb71bc2661"},"headline":"CIRA presenta avances educativos e investigativos ante el Consejo Universitario","datePublished":"2020-05-12T21:46:22+00:00","mainEntityOfPage":{"@id":"https:\/\/cira.unan.edu.ni\/index.php\/cira-presenta-avances-educativos-e-investigativos-ante-el-consejo-universitario\/"},"wordCount":618,"publisher":{"@id":"https:\/\/cira.unan.edu.ni\/#organization"},"image":{"@id":"https:\/\/cira.unan.edu.ni\/index.php\/cira-presenta-avances-educativos-e-investigativos-ante-el-consejo-universitario\/#primaryimage"},"thumbnailUrl":"https:\/\/cira.unan.edu.ni\/wp-content\/uploads\/2020\/05\/CU920-5.gif","articleSection":["Ultimas noticias"],"inLanguage":"es"},{"@type":"WebPage","@id":"https:\/\/cira.unan.edu.ni\/index.php\/cira-presenta-avances-educativos-e-investigativos-ante-el-consejo-universitario\/","url":"https:\/\/cira.unan.edu.ni\/index.php\/cira-presenta-avances-educativos-e-investigativos-ante-el-consejo-universitario\/","name":"CIRA presenta avances educativos e investigativos ante el Consejo Universitario - UNAN-Managua\/CIRA","isPartOf":{"@id":"https:\/\/cira.unan.edu.ni\/#website"},"primaryImageOfPage":{"@id":"https:\/\/cira.unan.edu.ni\/index.php\/cira-presenta-avances-educativos-e-investigativos-ante-el-consejo-universitario\/#primaryimage"},"image":{"@id":"https:\/\/cira.unan.edu.ni\/index.php\/cira-presenta-avances-educativos-e-investigativos-ante-el-consejo-universitario\/#primaryimage"},"thumbnailUrl":"https:\/\/cira.unan.edu.ni\/wp-content\/uploads\/2020\/05\/CU920-5.gif","datePublished":"2020-05-12T21:46:22+00:00","breadcrumb":{"@id":"https:\/\/cira.unan.edu.ni\/index.php\/cira-presenta-avances-educativos-e-investigativos-ante-el-consejo-universitario\/#breadcrumb"},"inLanguage":"es","potentialAction":[{"@type":"ReadAction","target":["https:\/\/cira.unan.edu.ni\/index.php\/cira-presenta-avances-educativos-e-investigativos-ante-el-consejo-universitario\/"]}]},{"@type":"ImageObject","inLanguage":"es","@id":"https:\/\/cira.unan.edu.ni\/index.php\/cira-presenta-avances-educativos-e-investigativos-ante-el-consejo-universitario\/#primaryimage","url":"https:\/\/cira.unan.edu.ni\/wp-content\/uploads\/2020\/05\/CU920-5.gif","contentUrl":"https:\/\/cira.unan.edu.ni\/wp-content\/uploads\/2020\/05\/CU920-5.gif","width":825,"height":440},{"@type":"BreadcrumbList","@id":"https:\/\/cira.unan.edu.ni\/index.php\/cira-presenta-avances-educativos-e-investigativos-ante-el-consejo-universitario\/#breadcrumb","itemListElement":[{"@type":"ListItem","position":1,"name":"Portada","item":"https:\/\/cira.unan.edu.ni\/"},{"@type":"ListItem","position":2,"name":"CIRA presenta avances educativos e investigativos ante el Consejo Universitario"}]},{"@type":"WebSite","@id":"https:\/\/cira.unan.edu.ni\/#website","url":"https:\/\/cira.unan.edu.ni\/","name":"CIRA\/UNAN-Managua","description":"","publisher":{"@id":"https:\/\/cira.unan.edu.ni\/#organization"},"potentialAction":[{"@type":"SearchAction","target":{"@type":"EntryPoint","urlTemplate":"https:\/\/cira.unan.edu.ni\/?s={search_term_string}"},"query-input":{"@type":"PropertyValueSpecification","valueRequired":true,"valueName":"search_term_string"}}],"inLanguage":"es"},{"@type":"Organization","@id":"https:\/\/cira.unan.edu.ni\/#organization","name":"CIRA\/UNAN-Managua","url":"https:\/\/cira.unan.edu.ni\/","logo":{"@type":"ImageObject","inLanguage":"es","@id":"https:\/\/cira.unan.edu.ni\/#\/schema\/logo\/image\/","url":"https:\/\/cira.unan.edu.ni\/wp-content\/uploads\/2018\/01\/logo_web_2018.fw_.png","contentUrl":"https:\/\/cira.unan.edu.ni\/wp-content\/uploads\/2018\/01\/logo_web_2018.fw_.png","width":413,"height":88,"caption":"CIRA\/UNAN-Managua"},"image":{"@id":"https:\/\/cira.unan.edu.ni\/#\/schema\/logo\/image\/"},"sameAs":["https:\/\/www.facebook.com\/Cira.Unan\/","https:\/\/x.com\/CiraUnan","https:\/\/www.linkedin.com\/in\/cira-unan-managua-77058327\/","https:\/\/www.youtube.com\/channel\/UCJ6caCqajBqeuhTqIPz5shg"]},{"@type":"Person","@id":"https:\/\/cira.unan.edu.ni\/#\/schema\/person\/ea471033ecfbf0f1297140bb71bc2661","name":"admin-cira","image":{"@type":"ImageObject","inLanguage":"es","@id":"https:\/\/secure.gravatar.com\/avatar\/0760a9b63fc3293644d0450eb8175c0c7d9ddd41708cd3d9ab626d656a9a9876?s=96&d=mm&r=g","url":"https:\/\/secure.gravatar.com\/avatar\/0760a9b63fc3293644d0450eb8175c0c7d9ddd41708cd3d9ab626d656a9a9876?s=96&d=mm&r=g","contentUrl":"https:\/\/secure.gravatar.com\/avatar\/0760a9b63fc3293644d0450eb8175c0c7d9ddd41708cd3d9ab626d656a9a9876?s=96&d=mm&r=g","caption":"admin-cira"}}]}},"jetpack_publicize_connections":[],"jetpack_featured_media_url":"https:\/\/cira.unan.edu.ni\/wp-content\/uploads\/2020\/05\/CU920-5.gif","jetpack_sharing_enabled":true,"_links":{"self":[{"href":"https:\/\/cira.unan.edu.ni\/index.php\/wp-json\/wp\/v2\/posts\/10832","targetHints":{"allow":["GET"]}}],"collection":[{"href":"https:\/\/cira.unan.edu.ni\/index.php\/wp-json\/wp\/v2\/posts"}],"about":[{"href":"https:\/\/cira.unan.edu.ni\/index.php\/wp-json\/wp\/v2\/types\/post"}],"author":[{"embeddable":true,"href":"https:\/\/cira.unan.edu.ni\/index.php\/wp-json\/wp\/v2\/users\/1"}],"replies":[{"embeddable":true,"href":"https:\/\/cira.unan.edu.ni\/index.php\/wp-json\/wp\/v2\/comments?post=10832"}],"version-history":[{"count":0,"href":"https:\/\/cira.unan.edu.ni\/index.php\/wp-json\/wp\/v2\/posts\/10832\/revisions"}],"wp:featuredmedia":[{"embeddable":true,"href":"https:\/\/cira.unan.edu.ni\/index.php\/wp-json\/wp\/v2\/media\/10833"}],"wp:attachment":[{"href":"https:\/\/cira.unan.edu.ni\/index.php\/wp-json\/wp\/v2\/media?parent=10832"}],"wp:term":[{"taxonomy":"category","embeddable":true,"href":"https:\/\/cira.unan.edu.ni\/index.php\/wp-json\/wp\/v2\/categories?post=10832"},{"taxonomy":"post_tag","embeddable":true,"href":"https:\/\/cira.unan.edu.ni\/index.php\/wp-json\/wp\/v2\/tags?post=10832"}],"curies":[{"name":"wp","href":"https:\/\/api.w.org\/{rel}","templated":true}]}}