{"id":10886,"date":"2020-04-27T11:44:54","date_gmt":"2020-04-27T17:44:54","guid":{"rendered":"https:\/\/cira.unan.edu.ni\/?p=10886"},"modified":"2020-06-05T11:45:39","modified_gmt":"2020-06-05T17:45:39","slug":"estudiante-del-iv-ciclo-del-programa-de-maestria-en-ciencias-del-agua-realiza-defensa-de-tesis-sobre-potencial-hidrico-y-calidad-de-agua-subterranea-en-la-sub-cuenca-rio-mayales","status":"publish","type":"post","link":"https:\/\/cira.unan.edu.ni\/index.php\/estudiante-del-iv-ciclo-del-programa-de-maestria-en-ciencias-del-agua-realiza-defensa-de-tesis-sobre-potencial-hidrico-y-calidad-de-agua-subterranea-en-la-sub-cuenca-rio-mayales\/","title":{"rendered":"Estudiante del IV Ciclo del Programa de Maestr\u00eda en Ciencias del Agua realiza defensa de tesis sobre potencial h\u00eddrico y calidad de agua subterr\u00e1nea en la sub-cuenca R\u00edo Mayales."},"content":{"rendered":"<p><strong>Abril 27, 2020<\/strong><\/p>\n<p style=\"text-align: justify;\">El Ing. Carlos Manuel Barberena Moncada realiz\u00f3 su defensa de tesis para obtener el t\u00edtulo de M\u00e1ster en Ciencias del Agua con \u00e9nfasis en Calidad del Agua, con la investigaci\u00f3n titulada&nbsp; \u201cPotencial h\u00eddrico y calidad de agua subterr\u00e1nea en la sub-cuenca R\u00edo Mayales, que permita la definici\u00f3n de iniciativa para el aprovechamiento del recurso\u201d.<\/p>\n<p style=\"text-align: justify;\">La investigaci\u00f3n realizada por el Ing. Barberena tuvo como objetivos espec\u00edficos i) determinar el potencial h\u00eddrico subterr\u00e1neo en la sub-cuenca R\u00edo Mayales, ii) evaluar la calidad del agua subterr\u00e1nea desde el punto vista fisicoqu\u00edmico, bacteriol\u00f3gico &nbsp;y de metales pesados y iii) formular iniciativas de aprovechamiento del agua.<\/p>\n<p style=\"text-align: justify;\">Entre las principales conclusiones del estudio est\u00e1n que hay en la sub-cuenca dos tipos de acu\u00edferos someros de bajo rendimiento por lo que existe disponibilidad de agua subterr\u00e1nea pero que no podr\u00eda ser aprovechada en grandes cantidades; la hidroqu\u00edmica refleja aguas de tipo Bicarbonatadas C\u00e1lcicas y Bicarbonatadas S\u00f3dicas, de reciente infiltraci\u00f3n y de buena calidad para consumo humano en base a las concentraciones de los par\u00e1metros fisicoqu\u00edmicos y metales. Sin embargo, el agua de la sub-cuenca presenta una mala calidad microbiol\u00f3gica en base a los indicadores de contaminaci\u00f3n Coliformes totales, termotolerantes y <em>Escherichia coli<\/em>. En base a los hallazgos anteriores se proponen tres alternativas de aprovechamiento del agua en la zona de estudio, de las cuales deber\u00e1 seleccionarse la m\u00e1s adecuada seg\u00fan las necesidades de la poblaci\u00f3n, tomando en cuenta &nbsp;los factores clim\u00e1ticos, geomorfol\u00f3gicos y ed\u00e1ficos que favorecen la zona de aprovechamiento.<\/p>\nngg_shortcode_0_placeholder\n","protected":false},"excerpt":{"rendered":"<p>Abril 27, 2020 El Ing. Carlos Manuel Barberena Moncada realiz\u00f3 su defensa de tesis para obtener el t\u00edtulo de M\u00e1ster en Ciencias del Agua con \u00e9nfasis en Calidad del Agua, con la investigaci\u00f3n titulada&nbsp; \u201cPotencial h\u00eddrico y calidad de agua subterr\u00e1nea en la sub-cuenca R\u00edo Mayales, que permita la definici\u00f3n de iniciativa para el aprovechamiento del recurso\u201d. La investigaci\u00f3n realizada por el Ing. Barberena tuvo como objetivos espec\u00edficos i) determinar el potencial h\u00eddrico subterr\u00e1neo en la sub-cuenca R\u00edo Mayales, ii) evaluar la calidad del agua subterr\u00e1nea desde el punto vista fisicoqu\u00edmico, bacteriol\u00f3gico &nbsp;y de metales pesados y iii) formular iniciativas de aprovechamiento del agua. Entre las principales conclusiones del estudio est\u00e1n que hay en la sub-cuenca dos tipos de acu\u00edferos someros de bajo rendimiento por lo que existe disponibilidad de agua subterr\u00e1nea pero que no podr\u00eda ser aprovechada en grandes cantidades; la hidroqu\u00edmica refleja aguas de tipo Bicarbonatadas C\u00e1lcicas y Bicarbonatadas S\u00f3dicas, de reciente infiltraci\u00f3n y de buena calidad para consumo humano en base a las concentraciones de los par\u00e1metros fisicoqu\u00edmicos y metales. Sin embargo, el agua de la sub-cuenca presenta una mala calidad microbiol\u00f3gica en base a los indicadores de contaminaci\u00f3n Coliformes totales, termotolerantes y Escherichia coli. En base a los hallazgos anteriores se proponen tres alternativas de aprovechamiento del agua en la zona de estudio, de las cuales deber\u00e1 seleccionarse la m\u00e1s adecuada seg\u00fan las necesidades de la poblaci\u00f3n, tomando en cuenta &nbsp;los factores clim\u00e1ticos, geomorfol\u00f3gicos y ed\u00e1ficos que favorecen la zona de aprovechamiento.<\/p>\n","protected":false},"author":1,"featured_media":10888,"comment_status":"closed","ping_status":"closed","sticky":false,"template":"","format":"standard","meta":{"site-sidebar-layout":"default","site-content-layout":"default","ast-site-content-layout":"default","site-content-style":"default","site-sidebar-style":"default","ast-global-header-display":"","ast-banner-title-visibility":"","ast-main-header-display":"","ast-hfb-above-header-display":"","ast-hfb-below-header-display":"","ast-hfb-mobile-header-display":"","site-post-title":"","ast-breadcrumbs-content":"","ast-featured-img":"","footer-sml-layout":"","ast-disable-related-posts":"","theme-transparent-header-meta":"default","adv-header-id-meta":"","stick-header-meta":"","header-above-stick-meta":"","header-main-stick-meta":"","header-below-stick-meta":"","astra-migrate-meta-layouts":"default","ast-page-background-enabled":"default","ast-page-background-meta":{"desktop":{"background-color":"","background-image":"","background-repeat":"repeat","background-position":"center center","background-size":"auto","background-attachment":"scroll","background-type":"","background-media":"","overlay-type":"","overlay-color":"","overlay-opacity":"","overlay-gradient":""},"tablet":{"background-color":"","background-image":"","background-repeat":"repeat","background-position":"center center","background-size":"auto","background-attachment":"scroll","background-type":"","background-media":"","overlay-type":"","overlay-color":"","overlay-opacity":"","overlay-gradient":""},"mobile":{"background-color":"","background-image":"","background-repeat":"repeat","background-position":"center center","background-size":"auto","background-attachment":"scroll","background-type":"","background-media":"","overlay-type":"","overlay-color":"","overlay-opacity":"","overlay-gradient":""}},"ast-content-background-meta":{"desktop":{"background-color":"var(--ast-global-color-5)","background-image":"","background-repeat":"repeat","background-position":"center center","background-size":"auto","background-attachment":"scroll","background-type":"","background-media":"","overlay-type":"","overlay-color":"","overlay-opacity":"","overlay-gradient":""},"tablet":{"background-color":"var(--ast-global-color-5)","background-image":"","background-repeat":"repeat","background-position":"center center","background-size":"auto","background-attachment":"scroll","background-type":"","background-media":"","overlay-type":"","overlay-color":"","overlay-opacity":"","overlay-gradient":""},"mobile":{"background-color":"var(--ast-global-color-5)","background-image":"","background-repeat":"repeat","background-position":"center center","background-size":"auto","background-attachment":"scroll","background-type":"","background-media":"","overlay-type":"","overlay-color":"","overlay-opacity":"","overlay-gradient":""}},"ngg_post_thumbnail":0,"_jetpack_memberships_contains_paid_content":false,"footnotes":"","jetpack_publicize_message":"","jetpack_publicize_feature_enabled":true,"jetpack_social_post_already_shared":false,"jetpack_social_options":{"image_generator_settings":{"template":"highway","default_image_id":0,"font":"","enabled":false},"version":2}},"categories":[155],"tags":[],"class_list":["post-10886","post","type-post","status-publish","format-standard","has-post-thumbnail","hentry","category-ultimas-noticias"],"yoast_head":"<!-- This site is optimized with the Yoast SEO plugin v27.2 - https:\/\/yoast.com\/product\/yoast-seo-wordpress\/ -->\n<title>Estudiante del IV Ciclo del Programa de Maestr\u00eda en Ciencias del Agua realiza defensa de tesis sobre potencial h\u00eddrico y calidad de agua subterr\u00e1nea en la sub-cuenca R\u00edo Mayales. - UNAN-Managua\/CIRA<\/title>\n<meta name=\"robots\" content=\"index, follow, max-snippet:-1, max-image-preview:large, max-video-preview:-1\" \/>\n<link rel=\"canonical\" href=\"https:\/\/cira.unan.edu.ni\/index.php\/estudiante-del-iv-ciclo-del-programa-de-maestria-en-ciencias-del-agua-realiza-defensa-de-tesis-sobre-potencial-hidrico-y-calidad-de-agua-subterranea-en-la-sub-cuenca-rio-mayales\/\" \/>\n<meta property=\"og:locale\" content=\"es_ES\" \/>\n<meta property=\"og:type\" content=\"article\" \/>\n<meta property=\"og:title\" content=\"Estudiante del IV Ciclo del Programa de Maestr\u00eda en Ciencias del Agua realiza defensa de tesis sobre potencial h\u00eddrico y calidad de agua subterr\u00e1nea en la sub-cuenca R\u00edo Mayales. - UNAN-Managua\/CIRA\" \/>\n<meta property=\"og:description\" content=\"Abril 27, 2020 El Ing. Carlos Manuel Barberena Moncada realiz\u00f3 su defensa de tesis para obtener el t\u00edtulo de M\u00e1ster en Ciencias del Agua con \u00e9nfasis en Calidad del Agua, con la investigaci\u00f3n titulada&nbsp; \u201cPotencial h\u00eddrico y calidad de agua subterr\u00e1nea en la sub-cuenca R\u00edo Mayales, que permita la definici\u00f3n de iniciativa para el aprovechamiento del recurso\u201d. La investigaci\u00f3n realizada por el Ing. Barberena tuvo como objetivos espec\u00edficos i) determinar el potencial h\u00eddrico subterr\u00e1neo en la sub-cuenca R\u00edo Mayales, ii) evaluar la calidad del agua subterr\u00e1nea desde el punto vista fisicoqu\u00edmico, bacteriol\u00f3gico &nbsp;y de metales pesados y iii) formular iniciativas de aprovechamiento del agua. Entre las principales conclusiones del estudio est\u00e1n que hay en la sub-cuenca dos tipos de acu\u00edferos someros de bajo rendimiento por lo que existe disponibilidad de agua subterr\u00e1nea pero que no podr\u00eda ser aprovechada en grandes cantidades; la hidroqu\u00edmica refleja aguas de tipo Bicarbonatadas C\u00e1lcicas y Bicarbonatadas S\u00f3dicas, de reciente infiltraci\u00f3n y de buena calidad para consumo humano en base a las concentraciones de los par\u00e1metros fisicoqu\u00edmicos y metales. Sin embargo, el agua de la sub-cuenca presenta una mala calidad microbiol\u00f3gica en base a los indicadores de contaminaci\u00f3n Coliformes totales, termotolerantes y Escherichia coli. En base a los hallazgos anteriores se proponen tres alternativas de aprovechamiento del agua en la zona de estudio, de las cuales deber\u00e1 seleccionarse la m\u00e1s adecuada seg\u00fan las necesidades de la poblaci\u00f3n, tomando en cuenta &nbsp;los factores clim\u00e1ticos, geomorfol\u00f3gicos y ed\u00e1ficos que favorecen la zona de aprovechamiento.\" \/>\n<meta property=\"og:url\" content=\"https:\/\/cira.unan.edu.ni\/index.php\/estudiante-del-iv-ciclo-del-programa-de-maestria-en-ciencias-del-agua-realiza-defensa-de-tesis-sobre-potencial-hidrico-y-calidad-de-agua-subterranea-en-la-sub-cuenca-rio-mayales\/\" \/>\n<meta property=\"og:site_name\" content=\"UNAN-Managua\/CIRA\" \/>\n<meta property=\"article:publisher\" content=\"https:\/\/www.facebook.com\/Cira.Unan\/\" \/>\n<meta property=\"article:published_time\" content=\"2020-04-27T17:44:54+00:00\" \/>\n<meta property=\"article:modified_time\" content=\"2020-06-05T17:45:39+00:00\" \/>\n<meta property=\"og:image\" content=\"https:\/\/i0.wp.com\/cira.unan.edu.ni\/wp-content\/uploads\/2020\/06\/IMG_4768.jpg?fit=1600%2C899&ssl=1\" \/>\n\t<meta property=\"og:image:width\" content=\"1600\" \/>\n\t<meta property=\"og:image:height\" content=\"899\" \/>\n\t<meta property=\"og:image:type\" content=\"image\/jpeg\" \/>\n<meta name=\"author\" content=\"admin-cira\" \/>\n<meta name=\"twitter:card\" content=\"summary_large_image\" \/>\n<meta name=\"twitter:creator\" content=\"@CiraUnan\" \/>\n<meta name=\"twitter:site\" content=\"@CiraUnan\" \/>\n<meta name=\"twitter:label1\" content=\"Escrito por\" \/>\n\t<meta name=\"twitter:data1\" content=\"\" \/>\n\t<meta name=\"twitter:label2\" content=\"Tiempo de lectura\" \/>\n\t<meta name=\"twitter:data2\" content=\"1 minuto\" \/>\n<script type=\"application\/ld+json\" class=\"yoast-schema-graph\">{\"@context\":\"https:\/\/schema.org\",\"@graph\":[{\"@type\":\"Article\",\"@id\":\"https:\/\/cira.unan.edu.ni\/index.php\/estudiante-del-iv-ciclo-del-programa-de-maestria-en-ciencias-del-agua-realiza-defensa-de-tesis-sobre-potencial-hidrico-y-calidad-de-agua-subterranea-en-la-sub-cuenca-rio-mayales\/#article\",\"isPartOf\":{\"@id\":\"https:\/\/cira.unan.edu.ni\/index.php\/estudiante-del-iv-ciclo-del-programa-de-maestria-en-ciencias-del-agua-realiza-defensa-de-tesis-sobre-potencial-hidrico-y-calidad-de-agua-subterranea-en-la-sub-cuenca-rio-mayales\/\"},\"author\":{\"name\":\"admin-cira\",\"@id\":\"https:\/\/cira.unan.edu.ni\/#\/schema\/person\/ea471033ecfbf0f1297140bb71bc2661\"},\"headline\":\"Estudiante del IV Ciclo del Programa de Maestr\u00eda en Ciencias del Agua realiza defensa de tesis sobre potencial h\u00eddrico y calidad de agua subterr\u00e1nea en la sub-cuenca R\u00edo Mayales.\",\"datePublished\":\"2020-04-27T17:44:54+00:00\",\"dateModified\":\"2020-06-05T17:45:39+00:00\",\"mainEntityOfPage\":{\"@id\":\"https:\/\/cira.unan.edu.ni\/index.php\/estudiante-del-iv-ciclo-del-programa-de-maestria-en-ciencias-del-agua-realiza-defensa-de-tesis-sobre-potencial-hidrico-y-calidad-de-agua-subterranea-en-la-sub-cuenca-rio-mayales\/\"},\"wordCount\":325,\"publisher\":{\"@id\":\"https:\/\/cira.unan.edu.ni\/#organization\"},\"image\":{\"@id\":\"https:\/\/cira.unan.edu.ni\/index.php\/estudiante-del-iv-ciclo-del-programa-de-maestria-en-ciencias-del-agua-realiza-defensa-de-tesis-sobre-potencial-hidrico-y-calidad-de-agua-subterranea-en-la-sub-cuenca-rio-mayales\/#primaryimage\"},\"thumbnailUrl\":\"https:\/\/cira.unan.edu.ni\/wp-content\/uploads\/2020\/06\/IMG_4768.jpg\",\"articleSection\":[\"Ultimas noticias\"],\"inLanguage\":\"es\"},{\"@type\":\"WebPage\",\"@id\":\"https:\/\/cira.unan.edu.ni\/index.php\/estudiante-del-iv-ciclo-del-programa-de-maestria-en-ciencias-del-agua-realiza-defensa-de-tesis-sobre-potencial-hidrico-y-calidad-de-agua-subterranea-en-la-sub-cuenca-rio-mayales\/\",\"url\":\"https:\/\/cira.unan.edu.ni\/index.php\/estudiante-del-iv-ciclo-del-programa-de-maestria-en-ciencias-del-agua-realiza-defensa-de-tesis-sobre-potencial-hidrico-y-calidad-de-agua-subterranea-en-la-sub-cuenca-rio-mayales\/\",\"name\":\"Estudiante del IV Ciclo del Programa de Maestr\u00eda en Ciencias del Agua realiza defensa de tesis sobre potencial h\u00eddrico y calidad de agua subterr\u00e1nea en la sub-cuenca R\u00edo Mayales. - UNAN-Managua\/CIRA\",\"isPartOf\":{\"@id\":\"https:\/\/cira.unan.edu.ni\/#website\"},\"primaryImageOfPage\":{\"@id\":\"https:\/\/cira.unan.edu.ni\/index.php\/estudiante-del-iv-ciclo-del-programa-de-maestria-en-ciencias-del-agua-realiza-defensa-de-tesis-sobre-potencial-hidrico-y-calidad-de-agua-subterranea-en-la-sub-cuenca-rio-mayales\/#primaryimage\"},\"image\":{\"@id\":\"https:\/\/cira.unan.edu.ni\/index.php\/estudiante-del-iv-ciclo-del-programa-de-maestria-en-ciencias-del-agua-realiza-defensa-de-tesis-sobre-potencial-hidrico-y-calidad-de-agua-subterranea-en-la-sub-cuenca-rio-mayales\/#primaryimage\"},\"thumbnailUrl\":\"https:\/\/cira.unan.edu.ni\/wp-content\/uploads\/2020\/06\/IMG_4768.jpg\",\"datePublished\":\"2020-04-27T17:44:54+00:00\",\"dateModified\":\"2020-06-05T17:45:39+00:00\",\"breadcrumb\":{\"@id\":\"https:\/\/cira.unan.edu.ni\/index.php\/estudiante-del-iv-ciclo-del-programa-de-maestria-en-ciencias-del-agua-realiza-defensa-de-tesis-sobre-potencial-hidrico-y-calidad-de-agua-subterranea-en-la-sub-cuenca-rio-mayales\/#breadcrumb\"},\"inLanguage\":\"es\",\"potentialAction\":[{\"@type\":\"ReadAction\",\"target\":[\"https:\/\/cira.unan.edu.ni\/index.php\/estudiante-del-iv-ciclo-del-programa-de-maestria-en-ciencias-del-agua-realiza-defensa-de-tesis-sobre-potencial-hidrico-y-calidad-de-agua-subterranea-en-la-sub-cuenca-rio-mayales\/\"]}]},{\"@type\":\"ImageObject\",\"inLanguage\":\"es\",\"@id\":\"https:\/\/cira.unan.edu.ni\/index.php\/estudiante-del-iv-ciclo-del-programa-de-maestria-en-ciencias-del-agua-realiza-defensa-de-tesis-sobre-potencial-hidrico-y-calidad-de-agua-subterranea-en-la-sub-cuenca-rio-mayales\/#primaryimage\",\"url\":\"https:\/\/cira.unan.edu.ni\/wp-content\/uploads\/2020\/06\/IMG_4768.jpg\",\"contentUrl\":\"https:\/\/cira.unan.edu.ni\/wp-content\/uploads\/2020\/06\/IMG_4768.jpg\",\"width\":1198,\"height\":673},{\"@type\":\"BreadcrumbList\",\"@id\":\"https:\/\/cira.unan.edu.ni\/index.php\/estudiante-del-iv-ciclo-del-programa-de-maestria-en-ciencias-del-agua-realiza-defensa-de-tesis-sobre-potencial-hidrico-y-calidad-de-agua-subterranea-en-la-sub-cuenca-rio-mayales\/#breadcrumb\",\"itemListElement\":[{\"@type\":\"ListItem\",\"position\":1,\"name\":\"Portada\",\"item\":\"https:\/\/cira.unan.edu.ni\/\"},{\"@type\":\"ListItem\",\"position\":2,\"name\":\"Estudiante del IV Ciclo del Programa de Maestr\u00eda en Ciencias del Agua realiza defensa de tesis sobre potencial h\u00eddrico y calidad de agua subterr\u00e1nea en la sub-cuenca R\u00edo Mayales.\"}]},{\"@type\":\"WebSite\",\"@id\":\"https:\/\/cira.unan.edu.ni\/#website\",\"url\":\"https:\/\/cira.unan.edu.ni\/\",\"name\":\"CIRA\/UNAN-Managua\",\"description\":\"\",\"publisher\":{\"@id\":\"https:\/\/cira.unan.edu.ni\/#organization\"},\"potentialAction\":[{\"@type\":\"SearchAction\",\"target\":{\"@type\":\"EntryPoint\",\"urlTemplate\":\"https:\/\/cira.unan.edu.ni\/?s={search_term_string}\"},\"query-input\":{\"@type\":\"PropertyValueSpecification\",\"valueRequired\":true,\"valueName\":\"search_term_string\"}}],\"inLanguage\":\"es\"},{\"@type\":\"Organization\",\"@id\":\"https:\/\/cira.unan.edu.ni\/#organization\",\"name\":\"CIRA\/UNAN-Managua\",\"url\":\"https:\/\/cira.unan.edu.ni\/\",\"logo\":{\"@type\":\"ImageObject\",\"inLanguage\":\"es\",\"@id\":\"https:\/\/cira.unan.edu.ni\/#\/schema\/logo\/image\/\",\"url\":\"https:\/\/cira.unan.edu.ni\/wp-content\/uploads\/2018\/01\/logo_web_2018.fw_.png\",\"contentUrl\":\"https:\/\/cira.unan.edu.ni\/wp-content\/uploads\/2018\/01\/logo_web_2018.fw_.png\",\"width\":413,\"height\":88,\"caption\":\"CIRA\/UNAN-Managua\"},\"image\":{\"@id\":\"https:\/\/cira.unan.edu.ni\/#\/schema\/logo\/image\/\"},\"sameAs\":[\"https:\/\/www.facebook.com\/Cira.Unan\/\",\"https:\/\/x.com\/CiraUnan\",\"https:\/\/www.linkedin.com\/in\/cira-unan-managua-77058327\/\",\"https:\/\/www.youtube.com\/channel\/UCJ6caCqajBqeuhTqIPz5shg\"]},{\"@type\":\"Person\",\"@id\":\"https:\/\/cira.unan.edu.ni\/#\/schema\/person\/ea471033ecfbf0f1297140bb71bc2661\",\"name\":\"admin-cira\",\"image\":{\"@type\":\"ImageObject\",\"inLanguage\":\"es\",\"@id\":\"https:\/\/secure.gravatar.com\/avatar\/0760a9b63fc3293644d0450eb8175c0c7d9ddd41708cd3d9ab626d656a9a9876?s=96&d=mm&r=g\",\"url\":\"https:\/\/secure.gravatar.com\/avatar\/0760a9b63fc3293644d0450eb8175c0c7d9ddd41708cd3d9ab626d656a9a9876?s=96&d=mm&r=g\",\"contentUrl\":\"https:\/\/secure.gravatar.com\/avatar\/0760a9b63fc3293644d0450eb8175c0c7d9ddd41708cd3d9ab626d656a9a9876?s=96&d=mm&r=g\",\"caption\":\"admin-cira\"}}]}<\/script>\n<!-- \/ Yoast SEO plugin. -->","yoast_head_json":{"title":"Estudiante del IV Ciclo del Programa de Maestr\u00eda en Ciencias del Agua realiza defensa de tesis sobre potencial h\u00eddrico y calidad de agua subterr\u00e1nea en la sub-cuenca R\u00edo Mayales. - UNAN-Managua\/CIRA","robots":{"index":"index","follow":"follow","max-snippet":"max-snippet:-1","max-image-preview":"max-image-preview:large","max-video-preview":"max-video-preview:-1"},"canonical":"https:\/\/cira.unan.edu.ni\/index.php\/estudiante-del-iv-ciclo-del-programa-de-maestria-en-ciencias-del-agua-realiza-defensa-de-tesis-sobre-potencial-hidrico-y-calidad-de-agua-subterranea-en-la-sub-cuenca-rio-mayales\/","og_locale":"es_ES","og_type":"article","og_title":"Estudiante del IV Ciclo del Programa de Maestr\u00eda en Ciencias del Agua realiza defensa de tesis sobre potencial h\u00eddrico y calidad de agua subterr\u00e1nea en la sub-cuenca R\u00edo Mayales. - UNAN-Managua\/CIRA","og_description":"Abril 27, 2020 El Ing. Carlos Manuel Barberena Moncada realiz\u00f3 su defensa de tesis para obtener el t\u00edtulo de M\u00e1ster en Ciencias del Agua con \u00e9nfasis en Calidad del Agua, con la investigaci\u00f3n titulada&nbsp; \u201cPotencial h\u00eddrico y calidad de agua subterr\u00e1nea en la sub-cuenca R\u00edo Mayales, que permita la definici\u00f3n de iniciativa para el aprovechamiento del recurso\u201d. La investigaci\u00f3n realizada por el Ing. Barberena tuvo como objetivos espec\u00edficos i) determinar el potencial h\u00eddrico subterr\u00e1neo en la sub-cuenca R\u00edo Mayales, ii) evaluar la calidad del agua subterr\u00e1nea desde el punto vista fisicoqu\u00edmico, bacteriol\u00f3gico &nbsp;y de metales pesados y iii) formular iniciativas de aprovechamiento del agua. Entre las principales conclusiones del estudio est\u00e1n que hay en la sub-cuenca dos tipos de acu\u00edferos someros de bajo rendimiento por lo que existe disponibilidad de agua subterr\u00e1nea pero que no podr\u00eda ser aprovechada en grandes cantidades; la hidroqu\u00edmica refleja aguas de tipo Bicarbonatadas C\u00e1lcicas y Bicarbonatadas S\u00f3dicas, de reciente infiltraci\u00f3n y de buena calidad para consumo humano en base a las concentraciones de los par\u00e1metros fisicoqu\u00edmicos y metales. Sin embargo, el agua de la sub-cuenca presenta una mala calidad microbiol\u00f3gica en base a los indicadores de contaminaci\u00f3n Coliformes totales, termotolerantes y Escherichia coli. En base a los hallazgos anteriores se proponen tres alternativas de aprovechamiento del agua en la zona de estudio, de las cuales deber\u00e1 seleccionarse la m\u00e1s adecuada seg\u00fan las necesidades de la poblaci\u00f3n, tomando en cuenta &nbsp;los factores clim\u00e1ticos, geomorfol\u00f3gicos y ed\u00e1ficos que favorecen la zona de aprovechamiento.","og_url":"https:\/\/cira.unan.edu.ni\/index.php\/estudiante-del-iv-ciclo-del-programa-de-maestria-en-ciencias-del-agua-realiza-defensa-de-tesis-sobre-potencial-hidrico-y-calidad-de-agua-subterranea-en-la-sub-cuenca-rio-mayales\/","og_site_name":"UNAN-Managua\/CIRA","article_publisher":"https:\/\/www.facebook.com\/Cira.Unan\/","article_published_time":"2020-04-27T17:44:54+00:00","article_modified_time":"2020-06-05T17:45:39+00:00","og_image":[{"width":1600,"height":899,"url":"https:\/\/i0.wp.com\/cira.unan.edu.ni\/wp-content\/uploads\/2020\/06\/IMG_4768.jpg?fit=1600%2C899&ssl=1","type":"image\/jpeg"}],"author":"admin-cira","twitter_card":"summary_large_image","twitter_creator":"@CiraUnan","twitter_site":"@CiraUnan","twitter_misc":{"Escrito por":false,"Tiempo de lectura":"1 minuto"},"schema":{"@context":"https:\/\/schema.org","@graph":[{"@type":"Article","@id":"https:\/\/cira.unan.edu.ni\/index.php\/estudiante-del-iv-ciclo-del-programa-de-maestria-en-ciencias-del-agua-realiza-defensa-de-tesis-sobre-potencial-hidrico-y-calidad-de-agua-subterranea-en-la-sub-cuenca-rio-mayales\/#article","isPartOf":{"@id":"https:\/\/cira.unan.edu.ni\/index.php\/estudiante-del-iv-ciclo-del-programa-de-maestria-en-ciencias-del-agua-realiza-defensa-de-tesis-sobre-potencial-hidrico-y-calidad-de-agua-subterranea-en-la-sub-cuenca-rio-mayales\/"},"author":{"name":"admin-cira","@id":"https:\/\/cira.unan.edu.ni\/#\/schema\/person\/ea471033ecfbf0f1297140bb71bc2661"},"headline":"Estudiante del IV Ciclo del Programa de Maestr\u00eda en Ciencias del Agua realiza defensa de tesis sobre potencial h\u00eddrico y calidad de agua subterr\u00e1nea en la sub-cuenca R\u00edo Mayales.","datePublished":"2020-04-27T17:44:54+00:00","dateModified":"2020-06-05T17:45:39+00:00","mainEntityOfPage":{"@id":"https:\/\/cira.unan.edu.ni\/index.php\/estudiante-del-iv-ciclo-del-programa-de-maestria-en-ciencias-del-agua-realiza-defensa-de-tesis-sobre-potencial-hidrico-y-calidad-de-agua-subterranea-en-la-sub-cuenca-rio-mayales\/"},"wordCount":325,"publisher":{"@id":"https:\/\/cira.unan.edu.ni\/#organization"},"image":{"@id":"https:\/\/cira.unan.edu.ni\/index.php\/estudiante-del-iv-ciclo-del-programa-de-maestria-en-ciencias-del-agua-realiza-defensa-de-tesis-sobre-potencial-hidrico-y-calidad-de-agua-subterranea-en-la-sub-cuenca-rio-mayales\/#primaryimage"},"thumbnailUrl":"https:\/\/cira.unan.edu.ni\/wp-content\/uploads\/2020\/06\/IMG_4768.jpg","articleSection":["Ultimas noticias"],"inLanguage":"es"},{"@type":"WebPage","@id":"https:\/\/cira.unan.edu.ni\/index.php\/estudiante-del-iv-ciclo-del-programa-de-maestria-en-ciencias-del-agua-realiza-defensa-de-tesis-sobre-potencial-hidrico-y-calidad-de-agua-subterranea-en-la-sub-cuenca-rio-mayales\/","url":"https:\/\/cira.unan.edu.ni\/index.php\/estudiante-del-iv-ciclo-del-programa-de-maestria-en-ciencias-del-agua-realiza-defensa-de-tesis-sobre-potencial-hidrico-y-calidad-de-agua-subterranea-en-la-sub-cuenca-rio-mayales\/","name":"Estudiante del IV Ciclo del Programa de Maestr\u00eda en Ciencias del Agua realiza defensa de tesis sobre potencial h\u00eddrico y calidad de agua subterr\u00e1nea en la sub-cuenca R\u00edo Mayales. - UNAN-Managua\/CIRA","isPartOf":{"@id":"https:\/\/cira.unan.edu.ni\/#website"},"primaryImageOfPage":{"@id":"https:\/\/cira.unan.edu.ni\/index.php\/estudiante-del-iv-ciclo-del-programa-de-maestria-en-ciencias-del-agua-realiza-defensa-de-tesis-sobre-potencial-hidrico-y-calidad-de-agua-subterranea-en-la-sub-cuenca-rio-mayales\/#primaryimage"},"image":{"@id":"https:\/\/cira.unan.edu.ni\/index.php\/estudiante-del-iv-ciclo-del-programa-de-maestria-en-ciencias-del-agua-realiza-defensa-de-tesis-sobre-potencial-hidrico-y-calidad-de-agua-subterranea-en-la-sub-cuenca-rio-mayales\/#primaryimage"},"thumbnailUrl":"https:\/\/cira.unan.edu.ni\/wp-content\/uploads\/2020\/06\/IMG_4768.jpg","datePublished":"2020-04-27T17:44:54+00:00","dateModified":"2020-06-05T17:45:39+00:00","breadcrumb":{"@id":"https:\/\/cira.unan.edu.ni\/index.php\/estudiante-del-iv-ciclo-del-programa-de-maestria-en-ciencias-del-agua-realiza-defensa-de-tesis-sobre-potencial-hidrico-y-calidad-de-agua-subterranea-en-la-sub-cuenca-rio-mayales\/#breadcrumb"},"inLanguage":"es","potentialAction":[{"@type":"ReadAction","target":["https:\/\/cira.unan.edu.ni\/index.php\/estudiante-del-iv-ciclo-del-programa-de-maestria-en-ciencias-del-agua-realiza-defensa-de-tesis-sobre-potencial-hidrico-y-calidad-de-agua-subterranea-en-la-sub-cuenca-rio-mayales\/"]}]},{"@type":"ImageObject","inLanguage":"es","@id":"https:\/\/cira.unan.edu.ni\/index.php\/estudiante-del-iv-ciclo-del-programa-de-maestria-en-ciencias-del-agua-realiza-defensa-de-tesis-sobre-potencial-hidrico-y-calidad-de-agua-subterranea-en-la-sub-cuenca-rio-mayales\/#primaryimage","url":"https:\/\/cira.unan.edu.ni\/wp-content\/uploads\/2020\/06\/IMG_4768.jpg","contentUrl":"https:\/\/cira.unan.edu.ni\/wp-content\/uploads\/2020\/06\/IMG_4768.jpg","width":1198,"height":673},{"@type":"BreadcrumbList","@id":"https:\/\/cira.unan.edu.ni\/index.php\/estudiante-del-iv-ciclo-del-programa-de-maestria-en-ciencias-del-agua-realiza-defensa-de-tesis-sobre-potencial-hidrico-y-calidad-de-agua-subterranea-en-la-sub-cuenca-rio-mayales\/#breadcrumb","itemListElement":[{"@type":"ListItem","position":1,"name":"Portada","item":"https:\/\/cira.unan.edu.ni\/"},{"@type":"ListItem","position":2,"name":"Estudiante del IV Ciclo del Programa de Maestr\u00eda en Ciencias del Agua realiza defensa de tesis sobre potencial h\u00eddrico y calidad de agua subterr\u00e1nea en la sub-cuenca R\u00edo Mayales."}]},{"@type":"WebSite","@id":"https:\/\/cira.unan.edu.ni\/#website","url":"https:\/\/cira.unan.edu.ni\/","name":"CIRA\/UNAN-Managua","description":"","publisher":{"@id":"https:\/\/cira.unan.edu.ni\/#organization"},"potentialAction":[{"@type":"SearchAction","target":{"@type":"EntryPoint","urlTemplate":"https:\/\/cira.unan.edu.ni\/?s={search_term_string}"},"query-input":{"@type":"PropertyValueSpecification","valueRequired":true,"valueName":"search_term_string"}}],"inLanguage":"es"},{"@type":"Organization","@id":"https:\/\/cira.unan.edu.ni\/#organization","name":"CIRA\/UNAN-Managua","url":"https:\/\/cira.unan.edu.ni\/","logo":{"@type":"ImageObject","inLanguage":"es","@id":"https:\/\/cira.unan.edu.ni\/#\/schema\/logo\/image\/","url":"https:\/\/cira.unan.edu.ni\/wp-content\/uploads\/2018\/01\/logo_web_2018.fw_.png","contentUrl":"https:\/\/cira.unan.edu.ni\/wp-content\/uploads\/2018\/01\/logo_web_2018.fw_.png","width":413,"height":88,"caption":"CIRA\/UNAN-Managua"},"image":{"@id":"https:\/\/cira.unan.edu.ni\/#\/schema\/logo\/image\/"},"sameAs":["https:\/\/www.facebook.com\/Cira.Unan\/","https:\/\/x.com\/CiraUnan","https:\/\/www.linkedin.com\/in\/cira-unan-managua-77058327\/","https:\/\/www.youtube.com\/channel\/UCJ6caCqajBqeuhTqIPz5shg"]},{"@type":"Person","@id":"https:\/\/cira.unan.edu.ni\/#\/schema\/person\/ea471033ecfbf0f1297140bb71bc2661","name":"admin-cira","image":{"@type":"ImageObject","inLanguage":"es","@id":"https:\/\/secure.gravatar.com\/avatar\/0760a9b63fc3293644d0450eb8175c0c7d9ddd41708cd3d9ab626d656a9a9876?s=96&d=mm&r=g","url":"https:\/\/secure.gravatar.com\/avatar\/0760a9b63fc3293644d0450eb8175c0c7d9ddd41708cd3d9ab626d656a9a9876?s=96&d=mm&r=g","contentUrl":"https:\/\/secure.gravatar.com\/avatar\/0760a9b63fc3293644d0450eb8175c0c7d9ddd41708cd3d9ab626d656a9a9876?s=96&d=mm&r=g","caption":"admin-cira"}}]}},"jetpack_publicize_connections":[],"jetpack_featured_media_url":"https:\/\/cira.unan.edu.ni\/wp-content\/uploads\/2020\/06\/IMG_4768.jpg","jetpack_sharing_enabled":true,"_links":{"self":[{"href":"https:\/\/cira.unan.edu.ni\/index.php\/wp-json\/wp\/v2\/posts\/10886","targetHints":{"allow":["GET"]}}],"collection":[{"href":"https:\/\/cira.unan.edu.ni\/index.php\/wp-json\/wp\/v2\/posts"}],"about":[{"href":"https:\/\/cira.unan.edu.ni\/index.php\/wp-json\/wp\/v2\/types\/post"}],"author":[{"embeddable":true,"href":"https:\/\/cira.unan.edu.ni\/index.php\/wp-json\/wp\/v2\/users\/1"}],"replies":[{"embeddable":true,"href":"https:\/\/cira.unan.edu.ni\/index.php\/wp-json\/wp\/v2\/comments?post=10886"}],"version-history":[{"count":2,"href":"https:\/\/cira.unan.edu.ni\/index.php\/wp-json\/wp\/v2\/posts\/10886\/revisions"}],"predecessor-version":[{"id":10905,"href":"https:\/\/cira.unan.edu.ni\/index.php\/wp-json\/wp\/v2\/posts\/10886\/revisions\/10905"}],"wp:featuredmedia":[{"embeddable":true,"href":"https:\/\/cira.unan.edu.ni\/index.php\/wp-json\/wp\/v2\/media\/10888"}],"wp:attachment":[{"href":"https:\/\/cira.unan.edu.ni\/index.php\/wp-json\/wp\/v2\/media?parent=10886"}],"wp:term":[{"taxonomy":"category","embeddable":true,"href":"https:\/\/cira.unan.edu.ni\/index.php\/wp-json\/wp\/v2\/categories?post=10886"},{"taxonomy":"post_tag","embeddable":true,"href":"https:\/\/cira.unan.edu.ni\/index.php\/wp-json\/wp\/v2\/tags?post=10886"}],"curies":[{"name":"wp","href":"https:\/\/api.w.org\/{rel}","templated":true}]}}