{"id":11397,"date":"2021-02-11T08:31:39","date_gmt":"2021-02-11T14:31:39","guid":{"rendered":"https:\/\/cira.unan.edu.ni\/?p=11397"},"modified":"2021-02-11T08:41:47","modified_gmt":"2021-02-11T14:41:47","slug":"miembros-del-nuevo-comite-directivo-de-la-asociacion-nacional-del-agua-gwp-nicaragua-sesionan-en-el-cira-unan-managua","status":"publish","type":"post","link":"https:\/\/cira.unan.edu.ni\/index.php\/miembros-del-nuevo-comite-directivo-de-la-asociacion-nacional-del-agua-gwp-nicaragua-sesionan-en-el-cira-unan-managua\/","title":{"rendered":"Miembros del nuevo Comit\u00e9 Directivo de la Asociaci\u00f3n Nacional del Agua GWP- Nicaragua sesionan en el CIRA\/UNAN-Managua."},"content":{"rendered":"<p><strong>Febrero 4, 2021<\/strong><\/p>\n<p style=\"text-align: justify;\">El CIRA\/UNAN-Managua fue sede de la primera sesi\u00f3n de trabajo 2021 del nuevo Comit\u00e9 Directivo de la Asociaci\u00f3n Nacional del Agua, GWP- Nicaragua. Durante la actividad se llev\u00f3 a cabo la puesta en posesi\u00f3n de los nuevos directivos reci\u00e9n electos, a la vez que se realiz\u00f3 la entrega detallada de toda la documentaci\u00f3n relacionada a los procesos operativos de la entidad. La presidenta saliente Lic. Carmen Gonz\u00e1lez realiz\u00f3 la entrega formal de toda la documentaci\u00f3n relacionada a tareas operativas, financieras y did\u00e1cticas de la organizaci\u00f3n, as\u00ed mismo, brind\u00f3 algunas orientaciones generales a los nuevos directivos con el objetivo de facilitar los procesos de transici\u00f3n.<\/p>\n<p style=\"text-align: justify;\">La agenda de trabajo abord\u00f3 aspectos relevantes como la elaboraci\u00f3n y aprobaci\u00f3n de los planes de trabajo 2021, procesos de coordinaci\u00f3n y comunicaci\u00f3n institucional, establecimiento de los roles y participaci\u00f3n de los directivos, la conformaci\u00f3n de las comisiones de trabajo (Comisi\u00f3n de Seguimiento ODS 6, Comisi\u00f3n t\u00e9cnica de Gesti\u00f3n Integrada de Recursos H\u00eddricos y resiliencia clim\u00e1tica, Comisi\u00f3n de Gesti\u00f3n de la Informaci\u00f3n y Tecnolog\u00eda, Comisi\u00f3n de Fortalecimiento institucional). Adem\u00e1s, se discutieron propuestas para la gesti\u00f3n de los procesos de comunicaci\u00f3n de las actividades mediante las plataformas virtuales, entre otras tem\u00e1ticas relevantes para el correcto funcionamiento de la entidad.<\/p>\n<p style=\"text-align: justify;\">La actividad cont\u00f3 con la presencia de representantes de diferentes organizaciones miembros de GWP-Nicaragua como son Agua para la Vida (APLV), Asociaci\u00f3n de Educaci\u00f3n y Comunicaci\u00f3n \u201cLa Cuculmeca\u201d, Autoridad Nacional del Agua (ANA), Bremen Overseas Research and Development Association (BORDA), Centro para la Investigaci\u00f3n en Recursos Acu\u00e1ticos de Nicaragua (CIRA\/UNAN-Managua), Instituto de Estudios Territoriales (INETER) y Universidad Centroamericana (UCA). &nbsp;<\/p>\nngg_shortcode_0_placeholder\n","protected":false},"excerpt":{"rendered":"<p>Febrero 4, 2021 El CIRA\/UNAN-Managua fue sede de la primera sesi\u00f3n de trabajo 2021 del nuevo Comit\u00e9 Directivo de la Asociaci\u00f3n Nacional del Agua, GWP- Nicaragua. Durante la actividad se llev\u00f3 a cabo la puesta en posesi\u00f3n de los nuevos directivos reci\u00e9n electos, a la vez que se realiz\u00f3 la entrega detallada de toda la documentaci\u00f3n relacionada a los procesos operativos de la entidad. La presidenta saliente Lic. Carmen Gonz\u00e1lez realiz\u00f3 la entrega formal de toda la documentaci\u00f3n relacionada a tareas operativas, financieras y did\u00e1cticas de la organizaci\u00f3n, as\u00ed mismo, brind\u00f3 algunas orientaciones generales a los nuevos directivos con el objetivo de facilitar los procesos de transici\u00f3n. La agenda de trabajo abord\u00f3 aspectos relevantes como la elaboraci\u00f3n y aprobaci\u00f3n de los planes de trabajo 2021, procesos de coordinaci\u00f3n y comunicaci\u00f3n institucional, establecimiento de los roles y participaci\u00f3n de los directivos, la conformaci\u00f3n de las comisiones de trabajo (Comisi\u00f3n de Seguimiento ODS 6, Comisi\u00f3n t\u00e9cnica de Gesti\u00f3n Integrada de Recursos H\u00eddricos y resiliencia clim\u00e1tica, Comisi\u00f3n de Gesti\u00f3n de la Informaci\u00f3n y Tecnolog\u00eda, Comisi\u00f3n de Fortalecimiento institucional). Adem\u00e1s, se discutieron propuestas para la gesti\u00f3n de los procesos de comunicaci\u00f3n de las actividades mediante las plataformas virtuales, entre otras tem\u00e1ticas relevantes para el correcto funcionamiento de la entidad. La actividad cont\u00f3 con la presencia de representantes de diferentes organizaciones miembros de GWP-Nicaragua como son Agua para la Vida (APLV), Asociaci\u00f3n de Educaci\u00f3n y Comunicaci\u00f3n \u201cLa Cuculmeca\u201d, Autoridad Nacional del Agua (ANA), Bremen Overseas Research and Development Association (BORDA), Centro para la Investigaci\u00f3n en Recursos Acu\u00e1ticos de Nicaragua (CIRA\/UNAN-Managua), Instituto de Estudios Territoriales (INETER) y Universidad Centroamericana (UCA). &nbsp;<\/p>\n","protected":false},"author":1,"featured_media":11399,"comment_status":"closed","ping_status":"closed","sticky":false,"template":"","format":"standard","meta":{"site-sidebar-layout":"default","site-content-layout":"default","ast-site-content-layout":"default","site-content-style":"default","site-sidebar-style":"default","ast-global-header-display":"","ast-banner-title-visibility":"","ast-main-header-display":"","ast-hfb-above-header-display":"","ast-hfb-below-header-display":"","ast-hfb-mobile-header-display":"","site-post-title":"","ast-breadcrumbs-content":"","ast-featured-img":"","footer-sml-layout":"","ast-disable-related-posts":"","theme-transparent-header-meta":"default","adv-header-id-meta":"","stick-header-meta":"","header-above-stick-meta":"","header-main-stick-meta":"","header-below-stick-meta":"","astra-migrate-meta-layouts":"default","ast-page-background-enabled":"default","ast-page-background-meta":{"desktop":{"background-color":"","background-image":"","background-repeat":"repeat","background-position":"center center","background-size":"auto","background-attachment":"scroll","background-type":"","background-media":"","overlay-type":"","overlay-color":"","overlay-opacity":"","overlay-gradient":""},"tablet":{"background-color":"","background-image":"","background-repeat":"repeat","background-position":"center center","background-size":"auto","background-attachment":"scroll","background-type":"","background-media":"","overlay-type":"","overlay-color":"","overlay-opacity":"","overlay-gradient":""},"mobile":{"background-color":"","background-image":"","background-repeat":"repeat","background-position":"center center","background-size":"auto","background-attachment":"scroll","background-type":"","background-media":"","overlay-type":"","overlay-color":"","overlay-opacity":"","overlay-gradient":""}},"ast-content-background-meta":{"desktop":{"background-color":"var(--ast-global-color-5)","background-image":"","background-repeat":"repeat","background-position":"center center","background-size":"auto","background-attachment":"scroll","background-type":"","background-media":"","overlay-type":"","overlay-color":"","overlay-opacity":"","overlay-gradient":""},"tablet":{"background-color":"var(--ast-global-color-5)","background-image":"","background-repeat":"repeat","background-position":"center center","background-size":"auto","background-attachment":"scroll","background-type":"","background-media":"","overlay-type":"","overlay-color":"","overlay-opacity":"","overlay-gradient":""},"mobile":{"background-color":"var(--ast-global-color-5)","background-image":"","background-repeat":"repeat","background-position":"center center","background-size":"auto","background-attachment":"scroll","background-type":"","background-media":"","overlay-type":"","overlay-color":"","overlay-opacity":"","overlay-gradient":""}},"ngg_post_thumbnail":0,"_jetpack_memberships_contains_paid_content":false,"footnotes":"","jetpack_publicize_message":"","jetpack_publicize_feature_enabled":true,"jetpack_social_post_already_shared":false,"jetpack_social_options":{"image_generator_settings":{"template":"highway","default_image_id":0,"font":"","enabled":false},"version":2}},"categories":[155],"tags":[],"class_list":["post-11397","post","type-post","status-publish","format-standard","has-post-thumbnail","hentry","category-ultimas-noticias"],"yoast_head":"<!-- This site is optimized with the Yoast SEO plugin v27.2 - https:\/\/yoast.com\/product\/yoast-seo-wordpress\/ -->\n<title>Miembros del nuevo Comit\u00e9 Directivo de la Asociaci\u00f3n Nacional del Agua GWP- Nicaragua sesionan en el CIRA\/UNAN-Managua. - UNAN-Managua\/CIRA<\/title>\n<meta name=\"robots\" content=\"index, follow, max-snippet:-1, max-image-preview:large, max-video-preview:-1\" \/>\n<link rel=\"canonical\" href=\"https:\/\/cira.unan.edu.ni\/index.php\/miembros-del-nuevo-comite-directivo-de-la-asociacion-nacional-del-agua-gwp-nicaragua-sesionan-en-el-cira-unan-managua\/\" \/>\n<meta property=\"og:locale\" content=\"es_ES\" \/>\n<meta property=\"og:type\" content=\"article\" \/>\n<meta property=\"og:title\" content=\"Miembros del nuevo Comit\u00e9 Directivo de la Asociaci\u00f3n Nacional del Agua GWP- Nicaragua sesionan en el CIRA\/UNAN-Managua. - UNAN-Managua\/CIRA\" \/>\n<meta property=\"og:description\" content=\"Febrero 4, 2021 El CIRA\/UNAN-Managua fue sede de la primera sesi\u00f3n de trabajo 2021 del nuevo Comit\u00e9 Directivo de la Asociaci\u00f3n Nacional del Agua, GWP- Nicaragua. Durante la actividad se llev\u00f3 a cabo la puesta en posesi\u00f3n de los nuevos directivos reci\u00e9n electos, a la vez que se realiz\u00f3 la entrega detallada de toda la documentaci\u00f3n relacionada a los procesos operativos de la entidad. La presidenta saliente Lic. Carmen Gonz\u00e1lez realiz\u00f3 la entrega formal de toda la documentaci\u00f3n relacionada a tareas operativas, financieras y did\u00e1cticas de la organizaci\u00f3n, as\u00ed mismo, brind\u00f3 algunas orientaciones generales a los nuevos directivos con el objetivo de facilitar los procesos de transici\u00f3n. La agenda de trabajo abord\u00f3 aspectos relevantes como la elaboraci\u00f3n y aprobaci\u00f3n de los planes de trabajo 2021, procesos de coordinaci\u00f3n y comunicaci\u00f3n institucional, establecimiento de los roles y participaci\u00f3n de los directivos, la conformaci\u00f3n de las comisiones de trabajo (Comisi\u00f3n de Seguimiento ODS 6, Comisi\u00f3n t\u00e9cnica de Gesti\u00f3n Integrada de Recursos H\u00eddricos y resiliencia clim\u00e1tica, Comisi\u00f3n de Gesti\u00f3n de la Informaci\u00f3n y Tecnolog\u00eda, Comisi\u00f3n de Fortalecimiento institucional). Adem\u00e1s, se discutieron propuestas para la gesti\u00f3n de los procesos de comunicaci\u00f3n de las actividades mediante las plataformas virtuales, entre otras tem\u00e1ticas relevantes para el correcto funcionamiento de la entidad. La actividad cont\u00f3 con la presencia de representantes de diferentes organizaciones miembros de GWP-Nicaragua como son Agua para la Vida (APLV), Asociaci\u00f3n de Educaci\u00f3n y Comunicaci\u00f3n \u201cLa Cuculmeca\u201d, Autoridad Nacional del Agua (ANA), Bremen Overseas Research and Development Association (BORDA), Centro para la Investigaci\u00f3n en Recursos Acu\u00e1ticos de Nicaragua (CIRA\/UNAN-Managua), Instituto de Estudios Territoriales (INETER) y Universidad Centroamericana (UCA). &nbsp;\" \/>\n<meta property=\"og:url\" content=\"https:\/\/cira.unan.edu.ni\/index.php\/miembros-del-nuevo-comite-directivo-de-la-asociacion-nacional-del-agua-gwp-nicaragua-sesionan-en-el-cira-unan-managua\/\" \/>\n<meta property=\"og:site_name\" content=\"UNAN-Managua\/CIRA\" \/>\n<meta property=\"article:publisher\" content=\"https:\/\/www.facebook.com\/Cira.Unan\/\" \/>\n<meta property=\"article:published_time\" content=\"2021-02-11T14:31:39+00:00\" \/>\n<meta property=\"article:modified_time\" content=\"2021-02-11T14:41:47+00:00\" \/>\n<meta property=\"og:image\" content=\"https:\/\/i0.wp.com\/cira.unan.edu.ni\/wp-content\/uploads\/2021\/02\/IMG_6746-scaled.jpg?fit=2560%2C1439&ssl=1\" \/>\n\t<meta property=\"og:image:width\" content=\"2560\" \/>\n\t<meta property=\"og:image:height\" content=\"1439\" \/>\n\t<meta property=\"og:image:type\" content=\"image\/jpeg\" \/>\n<meta name=\"author\" content=\"admin-cira\" \/>\n<meta name=\"twitter:card\" content=\"summary_large_image\" \/>\n<meta name=\"twitter:creator\" content=\"@CiraUnan\" \/>\n<meta name=\"twitter:site\" content=\"@CiraUnan\" \/>\n<meta name=\"twitter:label1\" content=\"Escrito por\" \/>\n\t<meta name=\"twitter:data1\" content=\"\" \/>\n\t<meta name=\"twitter:label2\" content=\"Tiempo de lectura\" \/>\n\t<meta name=\"twitter:data2\" content=\"2 minutos\" \/>\n<script type=\"application\/ld+json\" class=\"yoast-schema-graph\">{\"@context\":\"https:\/\/schema.org\",\"@graph\":[{\"@type\":\"Article\",\"@id\":\"https:\/\/cira.unan.edu.ni\/index.php\/miembros-del-nuevo-comite-directivo-de-la-asociacion-nacional-del-agua-gwp-nicaragua-sesionan-en-el-cira-unan-managua\/#article\",\"isPartOf\":{\"@id\":\"https:\/\/cira.unan.edu.ni\/index.php\/miembros-del-nuevo-comite-directivo-de-la-asociacion-nacional-del-agua-gwp-nicaragua-sesionan-en-el-cira-unan-managua\/\"},\"author\":{\"name\":\"admin-cira\",\"@id\":\"https:\/\/cira.unan.edu.ni\/#\/schema\/person\/ea471033ecfbf0f1297140bb71bc2661\"},\"headline\":\"Miembros del nuevo Comit\u00e9 Directivo de la Asociaci\u00f3n Nacional del Agua GWP- Nicaragua sesionan en el CIRA\/UNAN-Managua.\",\"datePublished\":\"2021-02-11T14:31:39+00:00\",\"dateModified\":\"2021-02-11T14:41:47+00:00\",\"mainEntityOfPage\":{\"@id\":\"https:\/\/cira.unan.edu.ni\/index.php\/miembros-del-nuevo-comite-directivo-de-la-asociacion-nacional-del-agua-gwp-nicaragua-sesionan-en-el-cira-unan-managua\/\"},\"wordCount\":329,\"publisher\":{\"@id\":\"https:\/\/cira.unan.edu.ni\/#organization\"},\"image\":{\"@id\":\"https:\/\/cira.unan.edu.ni\/index.php\/miembros-del-nuevo-comite-directivo-de-la-asociacion-nacional-del-agua-gwp-nicaragua-sesionan-en-el-cira-unan-managua\/#primaryimage\"},\"thumbnailUrl\":\"https:\/\/cira.unan.edu.ni\/wp-content\/uploads\/2021\/02\/IMG_6746-scaled.jpg\",\"articleSection\":[\"Ultimas noticias\"],\"inLanguage\":\"es\"},{\"@type\":\"WebPage\",\"@id\":\"https:\/\/cira.unan.edu.ni\/index.php\/miembros-del-nuevo-comite-directivo-de-la-asociacion-nacional-del-agua-gwp-nicaragua-sesionan-en-el-cira-unan-managua\/\",\"url\":\"https:\/\/cira.unan.edu.ni\/index.php\/miembros-del-nuevo-comite-directivo-de-la-asociacion-nacional-del-agua-gwp-nicaragua-sesionan-en-el-cira-unan-managua\/\",\"name\":\"Miembros del nuevo Comit\u00e9 Directivo de la Asociaci\u00f3n Nacional del Agua GWP- Nicaragua sesionan en el CIRA\/UNAN-Managua. - UNAN-Managua\/CIRA\",\"isPartOf\":{\"@id\":\"https:\/\/cira.unan.edu.ni\/#website\"},\"primaryImageOfPage\":{\"@id\":\"https:\/\/cira.unan.edu.ni\/index.php\/miembros-del-nuevo-comite-directivo-de-la-asociacion-nacional-del-agua-gwp-nicaragua-sesionan-en-el-cira-unan-managua\/#primaryimage\"},\"image\":{\"@id\":\"https:\/\/cira.unan.edu.ni\/index.php\/miembros-del-nuevo-comite-directivo-de-la-asociacion-nacional-del-agua-gwp-nicaragua-sesionan-en-el-cira-unan-managua\/#primaryimage\"},\"thumbnailUrl\":\"https:\/\/cira.unan.edu.ni\/wp-content\/uploads\/2021\/02\/IMG_6746-scaled.jpg\",\"datePublished\":\"2021-02-11T14:31:39+00:00\",\"dateModified\":\"2021-02-11T14:41:47+00:00\",\"breadcrumb\":{\"@id\":\"https:\/\/cira.unan.edu.ni\/index.php\/miembros-del-nuevo-comite-directivo-de-la-asociacion-nacional-del-agua-gwp-nicaragua-sesionan-en-el-cira-unan-managua\/#breadcrumb\"},\"inLanguage\":\"es\",\"potentialAction\":[{\"@type\":\"ReadAction\",\"target\":[\"https:\/\/cira.unan.edu.ni\/index.php\/miembros-del-nuevo-comite-directivo-de-la-asociacion-nacional-del-agua-gwp-nicaragua-sesionan-en-el-cira-unan-managua\/\"]}]},{\"@type\":\"ImageObject\",\"inLanguage\":\"es\",\"@id\":\"https:\/\/cira.unan.edu.ni\/index.php\/miembros-del-nuevo-comite-directivo-de-la-asociacion-nacional-del-agua-gwp-nicaragua-sesionan-en-el-cira-unan-managua\/#primaryimage\",\"url\":\"https:\/\/cira.unan.edu.ni\/wp-content\/uploads\/2021\/02\/IMG_6746-scaled.jpg\",\"contentUrl\":\"https:\/\/cira.unan.edu.ni\/wp-content\/uploads\/2021\/02\/IMG_6746-scaled.jpg\",\"width\":1198,\"height\":673},{\"@type\":\"BreadcrumbList\",\"@id\":\"https:\/\/cira.unan.edu.ni\/index.php\/miembros-del-nuevo-comite-directivo-de-la-asociacion-nacional-del-agua-gwp-nicaragua-sesionan-en-el-cira-unan-managua\/#breadcrumb\",\"itemListElement\":[{\"@type\":\"ListItem\",\"position\":1,\"name\":\"Portada\",\"item\":\"https:\/\/cira.unan.edu.ni\/\"},{\"@type\":\"ListItem\",\"position\":2,\"name\":\"Miembros del nuevo Comit\u00e9 Directivo de la Asociaci\u00f3n Nacional del Agua GWP- Nicaragua sesionan en el CIRA\/UNAN-Managua.\"}]},{\"@type\":\"WebSite\",\"@id\":\"https:\/\/cira.unan.edu.ni\/#website\",\"url\":\"https:\/\/cira.unan.edu.ni\/\",\"name\":\"CIRA\/UNAN-Managua\",\"description\":\"\",\"publisher\":{\"@id\":\"https:\/\/cira.unan.edu.ni\/#organization\"},\"potentialAction\":[{\"@type\":\"SearchAction\",\"target\":{\"@type\":\"EntryPoint\",\"urlTemplate\":\"https:\/\/cira.unan.edu.ni\/?s={search_term_string}\"},\"query-input\":{\"@type\":\"PropertyValueSpecification\",\"valueRequired\":true,\"valueName\":\"search_term_string\"}}],\"inLanguage\":\"es\"},{\"@type\":\"Organization\",\"@id\":\"https:\/\/cira.unan.edu.ni\/#organization\",\"name\":\"CIRA\/UNAN-Managua\",\"url\":\"https:\/\/cira.unan.edu.ni\/\",\"logo\":{\"@type\":\"ImageObject\",\"inLanguage\":\"es\",\"@id\":\"https:\/\/cira.unan.edu.ni\/#\/schema\/logo\/image\/\",\"url\":\"https:\/\/cira.unan.edu.ni\/wp-content\/uploads\/2018\/01\/logo_web_2018.fw_.png\",\"contentUrl\":\"https:\/\/cira.unan.edu.ni\/wp-content\/uploads\/2018\/01\/logo_web_2018.fw_.png\",\"width\":413,\"height\":88,\"caption\":\"CIRA\/UNAN-Managua\"},\"image\":{\"@id\":\"https:\/\/cira.unan.edu.ni\/#\/schema\/logo\/image\/\"},\"sameAs\":[\"https:\/\/www.facebook.com\/Cira.Unan\/\",\"https:\/\/x.com\/CiraUnan\",\"https:\/\/www.linkedin.com\/in\/cira-unan-managua-77058327\/\",\"https:\/\/www.youtube.com\/channel\/UCJ6caCqajBqeuhTqIPz5shg\"]},{\"@type\":\"Person\",\"@id\":\"https:\/\/cira.unan.edu.ni\/#\/schema\/person\/ea471033ecfbf0f1297140bb71bc2661\",\"name\":\"admin-cira\",\"image\":{\"@type\":\"ImageObject\",\"inLanguage\":\"es\",\"@id\":\"https:\/\/secure.gravatar.com\/avatar\/0760a9b63fc3293644d0450eb8175c0c7d9ddd41708cd3d9ab626d656a9a9876?s=96&d=mm&r=g\",\"url\":\"https:\/\/secure.gravatar.com\/avatar\/0760a9b63fc3293644d0450eb8175c0c7d9ddd41708cd3d9ab626d656a9a9876?s=96&d=mm&r=g\",\"contentUrl\":\"https:\/\/secure.gravatar.com\/avatar\/0760a9b63fc3293644d0450eb8175c0c7d9ddd41708cd3d9ab626d656a9a9876?s=96&d=mm&r=g\",\"caption\":\"admin-cira\"}}]}<\/script>\n<!-- \/ Yoast SEO plugin. -->","yoast_head_json":{"title":"Miembros del nuevo Comit\u00e9 Directivo de la Asociaci\u00f3n Nacional del Agua GWP- Nicaragua sesionan en el CIRA\/UNAN-Managua. - UNAN-Managua\/CIRA","robots":{"index":"index","follow":"follow","max-snippet":"max-snippet:-1","max-image-preview":"max-image-preview:large","max-video-preview":"max-video-preview:-1"},"canonical":"https:\/\/cira.unan.edu.ni\/index.php\/miembros-del-nuevo-comite-directivo-de-la-asociacion-nacional-del-agua-gwp-nicaragua-sesionan-en-el-cira-unan-managua\/","og_locale":"es_ES","og_type":"article","og_title":"Miembros del nuevo Comit\u00e9 Directivo de la Asociaci\u00f3n Nacional del Agua GWP- Nicaragua sesionan en el CIRA\/UNAN-Managua. - UNAN-Managua\/CIRA","og_description":"Febrero 4, 2021 El CIRA\/UNAN-Managua fue sede de la primera sesi\u00f3n de trabajo 2021 del nuevo Comit\u00e9 Directivo de la Asociaci\u00f3n Nacional del Agua, GWP- Nicaragua. Durante la actividad se llev\u00f3 a cabo la puesta en posesi\u00f3n de los nuevos directivos reci\u00e9n electos, a la vez que se realiz\u00f3 la entrega detallada de toda la documentaci\u00f3n relacionada a los procesos operativos de la entidad. La presidenta saliente Lic. Carmen Gonz\u00e1lez realiz\u00f3 la entrega formal de toda la documentaci\u00f3n relacionada a tareas operativas, financieras y did\u00e1cticas de la organizaci\u00f3n, as\u00ed mismo, brind\u00f3 algunas orientaciones generales a los nuevos directivos con el objetivo de facilitar los procesos de transici\u00f3n. La agenda de trabajo abord\u00f3 aspectos relevantes como la elaboraci\u00f3n y aprobaci\u00f3n de los planes de trabajo 2021, procesos de coordinaci\u00f3n y comunicaci\u00f3n institucional, establecimiento de los roles y participaci\u00f3n de los directivos, la conformaci\u00f3n de las comisiones de trabajo (Comisi\u00f3n de Seguimiento ODS 6, Comisi\u00f3n t\u00e9cnica de Gesti\u00f3n Integrada de Recursos H\u00eddricos y resiliencia clim\u00e1tica, Comisi\u00f3n de Gesti\u00f3n de la Informaci\u00f3n y Tecnolog\u00eda, Comisi\u00f3n de Fortalecimiento institucional). Adem\u00e1s, se discutieron propuestas para la gesti\u00f3n de los procesos de comunicaci\u00f3n de las actividades mediante las plataformas virtuales, entre otras tem\u00e1ticas relevantes para el correcto funcionamiento de la entidad. La actividad cont\u00f3 con la presencia de representantes de diferentes organizaciones miembros de GWP-Nicaragua como son Agua para la Vida (APLV), Asociaci\u00f3n de Educaci\u00f3n y Comunicaci\u00f3n \u201cLa Cuculmeca\u201d, Autoridad Nacional del Agua (ANA), Bremen Overseas Research and Development Association (BORDA), Centro para la Investigaci\u00f3n en Recursos Acu\u00e1ticos de Nicaragua (CIRA\/UNAN-Managua), Instituto de Estudios Territoriales (INETER) y Universidad Centroamericana (UCA). &nbsp;","og_url":"https:\/\/cira.unan.edu.ni\/index.php\/miembros-del-nuevo-comite-directivo-de-la-asociacion-nacional-del-agua-gwp-nicaragua-sesionan-en-el-cira-unan-managua\/","og_site_name":"UNAN-Managua\/CIRA","article_publisher":"https:\/\/www.facebook.com\/Cira.Unan\/","article_published_time":"2021-02-11T14:31:39+00:00","article_modified_time":"2021-02-11T14:41:47+00:00","og_image":[{"width":2560,"height":1439,"url":"https:\/\/i0.wp.com\/cira.unan.edu.ni\/wp-content\/uploads\/2021\/02\/IMG_6746-scaled.jpg?fit=2560%2C1439&ssl=1","type":"image\/jpeg"}],"author":"admin-cira","twitter_card":"summary_large_image","twitter_creator":"@CiraUnan","twitter_site":"@CiraUnan","twitter_misc":{"Escrito por":false,"Tiempo de lectura":"2 minutos"},"schema":{"@context":"https:\/\/schema.org","@graph":[{"@type":"Article","@id":"https:\/\/cira.unan.edu.ni\/index.php\/miembros-del-nuevo-comite-directivo-de-la-asociacion-nacional-del-agua-gwp-nicaragua-sesionan-en-el-cira-unan-managua\/#article","isPartOf":{"@id":"https:\/\/cira.unan.edu.ni\/index.php\/miembros-del-nuevo-comite-directivo-de-la-asociacion-nacional-del-agua-gwp-nicaragua-sesionan-en-el-cira-unan-managua\/"},"author":{"name":"admin-cira","@id":"https:\/\/cira.unan.edu.ni\/#\/schema\/person\/ea471033ecfbf0f1297140bb71bc2661"},"headline":"Miembros del nuevo Comit\u00e9 Directivo de la Asociaci\u00f3n Nacional del Agua GWP- Nicaragua sesionan en el CIRA\/UNAN-Managua.","datePublished":"2021-02-11T14:31:39+00:00","dateModified":"2021-02-11T14:41:47+00:00","mainEntityOfPage":{"@id":"https:\/\/cira.unan.edu.ni\/index.php\/miembros-del-nuevo-comite-directivo-de-la-asociacion-nacional-del-agua-gwp-nicaragua-sesionan-en-el-cira-unan-managua\/"},"wordCount":329,"publisher":{"@id":"https:\/\/cira.unan.edu.ni\/#organization"},"image":{"@id":"https:\/\/cira.unan.edu.ni\/index.php\/miembros-del-nuevo-comite-directivo-de-la-asociacion-nacional-del-agua-gwp-nicaragua-sesionan-en-el-cira-unan-managua\/#primaryimage"},"thumbnailUrl":"https:\/\/cira.unan.edu.ni\/wp-content\/uploads\/2021\/02\/IMG_6746-scaled.jpg","articleSection":["Ultimas noticias"],"inLanguage":"es"},{"@type":"WebPage","@id":"https:\/\/cira.unan.edu.ni\/index.php\/miembros-del-nuevo-comite-directivo-de-la-asociacion-nacional-del-agua-gwp-nicaragua-sesionan-en-el-cira-unan-managua\/","url":"https:\/\/cira.unan.edu.ni\/index.php\/miembros-del-nuevo-comite-directivo-de-la-asociacion-nacional-del-agua-gwp-nicaragua-sesionan-en-el-cira-unan-managua\/","name":"Miembros del nuevo Comit\u00e9 Directivo de la Asociaci\u00f3n Nacional del Agua GWP- Nicaragua sesionan en el CIRA\/UNAN-Managua. - UNAN-Managua\/CIRA","isPartOf":{"@id":"https:\/\/cira.unan.edu.ni\/#website"},"primaryImageOfPage":{"@id":"https:\/\/cira.unan.edu.ni\/index.php\/miembros-del-nuevo-comite-directivo-de-la-asociacion-nacional-del-agua-gwp-nicaragua-sesionan-en-el-cira-unan-managua\/#primaryimage"},"image":{"@id":"https:\/\/cira.unan.edu.ni\/index.php\/miembros-del-nuevo-comite-directivo-de-la-asociacion-nacional-del-agua-gwp-nicaragua-sesionan-en-el-cira-unan-managua\/#primaryimage"},"thumbnailUrl":"https:\/\/cira.unan.edu.ni\/wp-content\/uploads\/2021\/02\/IMG_6746-scaled.jpg","datePublished":"2021-02-11T14:31:39+00:00","dateModified":"2021-02-11T14:41:47+00:00","breadcrumb":{"@id":"https:\/\/cira.unan.edu.ni\/index.php\/miembros-del-nuevo-comite-directivo-de-la-asociacion-nacional-del-agua-gwp-nicaragua-sesionan-en-el-cira-unan-managua\/#breadcrumb"},"inLanguage":"es","potentialAction":[{"@type":"ReadAction","target":["https:\/\/cira.unan.edu.ni\/index.php\/miembros-del-nuevo-comite-directivo-de-la-asociacion-nacional-del-agua-gwp-nicaragua-sesionan-en-el-cira-unan-managua\/"]}]},{"@type":"ImageObject","inLanguage":"es","@id":"https:\/\/cira.unan.edu.ni\/index.php\/miembros-del-nuevo-comite-directivo-de-la-asociacion-nacional-del-agua-gwp-nicaragua-sesionan-en-el-cira-unan-managua\/#primaryimage","url":"https:\/\/cira.unan.edu.ni\/wp-content\/uploads\/2021\/02\/IMG_6746-scaled.jpg","contentUrl":"https:\/\/cira.unan.edu.ni\/wp-content\/uploads\/2021\/02\/IMG_6746-scaled.jpg","width":1198,"height":673},{"@type":"BreadcrumbList","@id":"https:\/\/cira.unan.edu.ni\/index.php\/miembros-del-nuevo-comite-directivo-de-la-asociacion-nacional-del-agua-gwp-nicaragua-sesionan-en-el-cira-unan-managua\/#breadcrumb","itemListElement":[{"@type":"ListItem","position":1,"name":"Portada","item":"https:\/\/cira.unan.edu.ni\/"},{"@type":"ListItem","position":2,"name":"Miembros del nuevo Comit\u00e9 Directivo de la Asociaci\u00f3n Nacional del Agua GWP- Nicaragua sesionan en el CIRA\/UNAN-Managua."}]},{"@type":"WebSite","@id":"https:\/\/cira.unan.edu.ni\/#website","url":"https:\/\/cira.unan.edu.ni\/","name":"CIRA\/UNAN-Managua","description":"","publisher":{"@id":"https:\/\/cira.unan.edu.ni\/#organization"},"potentialAction":[{"@type":"SearchAction","target":{"@type":"EntryPoint","urlTemplate":"https:\/\/cira.unan.edu.ni\/?s={search_term_string}"},"query-input":{"@type":"PropertyValueSpecification","valueRequired":true,"valueName":"search_term_string"}}],"inLanguage":"es"},{"@type":"Organization","@id":"https:\/\/cira.unan.edu.ni\/#organization","name":"CIRA\/UNAN-Managua","url":"https:\/\/cira.unan.edu.ni\/","logo":{"@type":"ImageObject","inLanguage":"es","@id":"https:\/\/cira.unan.edu.ni\/#\/schema\/logo\/image\/","url":"https:\/\/cira.unan.edu.ni\/wp-content\/uploads\/2018\/01\/logo_web_2018.fw_.png","contentUrl":"https:\/\/cira.unan.edu.ni\/wp-content\/uploads\/2018\/01\/logo_web_2018.fw_.png","width":413,"height":88,"caption":"CIRA\/UNAN-Managua"},"image":{"@id":"https:\/\/cira.unan.edu.ni\/#\/schema\/logo\/image\/"},"sameAs":["https:\/\/www.facebook.com\/Cira.Unan\/","https:\/\/x.com\/CiraUnan","https:\/\/www.linkedin.com\/in\/cira-unan-managua-77058327\/","https:\/\/www.youtube.com\/channel\/UCJ6caCqajBqeuhTqIPz5shg"]},{"@type":"Person","@id":"https:\/\/cira.unan.edu.ni\/#\/schema\/person\/ea471033ecfbf0f1297140bb71bc2661","name":"admin-cira","image":{"@type":"ImageObject","inLanguage":"es","@id":"https:\/\/secure.gravatar.com\/avatar\/0760a9b63fc3293644d0450eb8175c0c7d9ddd41708cd3d9ab626d656a9a9876?s=96&d=mm&r=g","url":"https:\/\/secure.gravatar.com\/avatar\/0760a9b63fc3293644d0450eb8175c0c7d9ddd41708cd3d9ab626d656a9a9876?s=96&d=mm&r=g","contentUrl":"https:\/\/secure.gravatar.com\/avatar\/0760a9b63fc3293644d0450eb8175c0c7d9ddd41708cd3d9ab626d656a9a9876?s=96&d=mm&r=g","caption":"admin-cira"}}]}},"jetpack_publicize_connections":[],"jetpack_featured_media_url":"https:\/\/cira.unan.edu.ni\/wp-content\/uploads\/2021\/02\/IMG_6746-scaled.jpg","jetpack_sharing_enabled":true,"_links":{"self":[{"href":"https:\/\/cira.unan.edu.ni\/index.php\/wp-json\/wp\/v2\/posts\/11397","targetHints":{"allow":["GET"]}}],"collection":[{"href":"https:\/\/cira.unan.edu.ni\/index.php\/wp-json\/wp\/v2\/posts"}],"about":[{"href":"https:\/\/cira.unan.edu.ni\/index.php\/wp-json\/wp\/v2\/types\/post"}],"author":[{"embeddable":true,"href":"https:\/\/cira.unan.edu.ni\/index.php\/wp-json\/wp\/v2\/users\/1"}],"replies":[{"embeddable":true,"href":"https:\/\/cira.unan.edu.ni\/index.php\/wp-json\/wp\/v2\/comments?post=11397"}],"version-history":[{"count":5,"href":"https:\/\/cira.unan.edu.ni\/index.php\/wp-json\/wp\/v2\/posts\/11397\/revisions"}],"predecessor-version":[{"id":11413,"href":"https:\/\/cira.unan.edu.ni\/index.php\/wp-json\/wp\/v2\/posts\/11397\/revisions\/11413"}],"wp:featuredmedia":[{"embeddable":true,"href":"https:\/\/cira.unan.edu.ni\/index.php\/wp-json\/wp\/v2\/media\/11399"}],"wp:attachment":[{"href":"https:\/\/cira.unan.edu.ni\/index.php\/wp-json\/wp\/v2\/media?parent=11397"}],"wp:term":[{"taxonomy":"category","embeddable":true,"href":"https:\/\/cira.unan.edu.ni\/index.php\/wp-json\/wp\/v2\/categories?post=11397"},{"taxonomy":"post_tag","embeddable":true,"href":"https:\/\/cira.unan.edu.ni\/index.php\/wp-json\/wp\/v2\/tags?post=11397"}],"curies":[{"name":"wp","href":"https:\/\/api.w.org\/{rel}","templated":true}]}}