{"id":11794,"date":"2021-05-13T16:22:48","date_gmt":"2021-05-13T22:22:48","guid":{"rendered":"https:\/\/cira.unan.edu.ni\/?p=11794"},"modified":"2021-05-14T15:41:17","modified_gmt":"2021-05-14T21:41:17","slug":"cira-unan-managua-participa-en-feria-de-la-tierra-organizada-por-el-movimiento-ambientalista-guardabarranco","status":"publish","type":"post","link":"https:\/\/cira.unan.edu.ni\/index.php\/cira-unan-managua-participa-en-feria-de-la-tierra-organizada-por-el-movimiento-ambientalista-guardabarranco\/","title":{"rendered":"CIRA\/UNAN-Managua participa en Feria de la tierra organizada por el Movimiento Ambientalista Guardabarranco."},"content":{"rendered":"<p><strong>Abril 23 y 24, 2021<\/strong><\/p>\n<p>Tres investigadores del CIRA\/UNAN-Managua participaron en la Feria de la tierra (#AMORPORLAMADRETIERRA) en saludo al D\u00eda Mundial de la Tierra, organizada por el Movimiento Ambientalista Guardabarranco. La actividad tuvo lugar en el Centro de Convenciones \u201cOlof Palme\u201d en donde participaron m\u00e1s de 100 proyectos&nbsp; y emprendimientos ecol\u00f3gicos del pa\u00eds con un total de 300 expositores. Se presentaron p\u00f3steres con informaci\u00f3n b\u00e1sica de los dos proyectos de investigaci\u00f3n que se est\u00e1n realizando (Biodegradabilidad y Micropl\u00e1sticos) &nbsp;y la idea del de innovaci\u00f3n que se implementar\u00e1 a corto plazo (Extracci\u00f3n alternativa de oro). &nbsp;<\/p>\n<p style=\"text-align: justify;\">El MSc. Colber Somoza Sandino, docente-investigador del Laboratorio de Aguas residuales, fue el experto a cargo del proyecto <strong>\u201c<\/strong><strong>Biodegradabilidad: Un camino hacia el uso responsable de los productos qu\u00edmicos org\u00e1nicos de uso industrial y dom\u00e9stico<\/strong><strong>\u201d<\/strong>, cuyo objetivo es establecer m\u00e9todos de determinaci\u00f3n de biodegradabilidad confiables y estandarizados para la regi\u00f3n latinoamericana (Argentina, Uruguay, Costa Rica y Nicaragua). La biodegradabilidad es la capacidad que tiene la materia org\u00e1nica de descomponerse debido a la acci\u00f3n biol\u00f3gica desarrollada por microorganismos como las bacterias y es una caracter\u00edstica clave para preservar la calidad y biodiversidad de los recursos h\u00eddricos que reciben vertidos poco degradables y el medio ambiente en general. Durante la ejecuci\u00f3n del proyecto se ha caracterizado la biodegradabilidad de productos qu\u00edmicos que se usan para la limpieza y son de uso cotidiano como son los detergentes, jabones l\u00edquidos y ambientadores. Con este primer paso se pretende crear conciencia sobre la importancia de transformar nuestros h\u00e1bitos de consumo poco amigables con el medio ambiente hacia una econom\u00eda verde y sostenible que implica un mayor uso de productos ecol\u00f3gicos o biodegradables. Los asistentes a la Feria pudieron observar el in\u00f3culo microbiano (lodo) desarrollado o cultivado para hacer las pruebas de biodegradabilidad y que provino originalmente del efluente de un sedimentador secundario de la Planta de Tratamiento de Aguas Residuales \u201cAugusto C\u00e9sar Sandino\u201d.<\/p>\n<p style=\"text-align: justify;\">La Lic. Karla Sarria Sacasa, docente investigadora del Laboratorio de Contaminantes Org\u00e1nicos, fue la experta a cargo de explicar el proyecto <strong>\u00abMirando hacia la contaminaci\u00f3n por micropl\u00e1sticos\u00bb <\/strong>abordando las generalidades de la problem\u00e1tica mundial debida a la contaminaci\u00f3n por pl\u00e1sticos y micropl\u00e1sticos, sus principales impactos sobre la vida marina y humana y c\u00f3mo se colectan y analizan las muestras para hacer la caracterizaci\u00f3n f\u00edsico-qu\u00edmica de los micropl\u00e1sticos en arenas de playa. El objetivo de este proyecto es llenar los grandes vac\u00edos de conocimiento que existen en cuanto a la extensi\u00f3n de la contaminaci\u00f3n por micropl\u00e1sticos en Nicaragua y divulgar los hallazgos para facilitar la comprensi\u00f3n de la sociedad del problema ambiental generado por la basura pl\u00e1stica en el pa\u00eds y promover un cambio en los h\u00e1bitos de consumo de los pl\u00e1sticos. Los asistentes a la Feria pudieron observar piezas de micropl\u00e1sticos de diferentes colores, formas y tama\u00f1os usando microscop\u00eda \u00f3ptica obtenidas a partir de muestras de arena de playa colectadas en San Juan del Sur y Masachapa.&nbsp;<\/p>\n<p style=\"text-align: justify;\">El Lic. Mariano Guerrero por su parte fue el experto que present\u00f3 el proyecto de innovaci\u00f3n titulado <strong>\u201cM\u00e9todo alternativo para el procesamiento y extracci\u00f3n de oro de material geol\u00f3gico usando sales inorg\u00e1nicas\u201d.<\/strong> La idea principal de este proyecto es&nbsp; usar un molino de cadenas para procesar la broza (material geol\u00f3gico) y luego hacerle la extracci\u00f3n o amalgamiento de los metales preciosos (oro y plata) a la lama (material procesado) usando la sal inorg\u00e1nica Hexacianoferrato de Potasio, conocida como Tigre o Golmax. Los beneficios de procesar y amalgamar de esta manera son muchos ya que se optimizan los procesos en tiempo y eficiencia; y se disminuye el impacto ambiental y a la salud de los g\u00fciriseros o mineros artesanales que ser\u00eda alt\u00edsimo si se usara el m\u00e9todo tradicional basado en el procesamiento en rastra y extracci\u00f3n con sustancias altamente t\u00f3xicas como el mercurio y\/o cianuro. Esta idea de proyecto recibi\u00f3 el a\u00f1o pasado el Primer lugar en Concurso de Creatividad e Innovaci\u00f3n a j\u00f3venes talentos, otorgado por la Plataforma Nicaragua Emprende y el Ministerio de Econom\u00eda Familiar. &nbsp;<\/p>\nngg_shortcode_0_placeholder\n","protected":false},"excerpt":{"rendered":"<p>Abril 23 y 24, 2021 Tres investigadores del CIRA\/UNAN-Managua participaron en la Feria de la tierra (#AMORPORLAMADRETIERRA) en saludo al D\u00eda Mundial de la Tierra, organizada por el Movimiento Ambientalista Guardabarranco. La actividad tuvo lugar en el Centro de Convenciones \u201cOlof Palme\u201d en donde participaron m\u00e1s de 100 proyectos&nbsp; y emprendimientos ecol\u00f3gicos del pa\u00eds con un total de 300 expositores. Se presentaron p\u00f3steres con informaci\u00f3n b\u00e1sica de los dos proyectos de investigaci\u00f3n que se est\u00e1n realizando (Biodegradabilidad y Micropl\u00e1sticos) &nbsp;y la idea del de innovaci\u00f3n que se implementar\u00e1 a corto plazo (Extracci\u00f3n alternativa de oro). &nbsp; El MSc. Colber Somoza Sandino, docente-investigador del Laboratorio de Aguas residuales, fue el experto a cargo del proyecto \u201cBiodegradabilidad: Un camino hacia el uso responsable de los productos qu\u00edmicos org\u00e1nicos de uso industrial y dom\u00e9stico\u201d, cuyo objetivo es establecer m\u00e9todos de determinaci\u00f3n de biodegradabilidad confiables y estandarizados para la regi\u00f3n latinoamericana (Argentina, Uruguay, Costa Rica y Nicaragua). La biodegradabilidad es la capacidad que tiene la materia org\u00e1nica de descomponerse debido a la acci\u00f3n biol\u00f3gica desarrollada por microorganismos como las bacterias y es una caracter\u00edstica clave para preservar la calidad y biodiversidad de los recursos h\u00eddricos que reciben vertidos poco degradables y el medio ambiente en general. Durante la ejecuci\u00f3n del proyecto se ha caracterizado la biodegradabilidad de productos qu\u00edmicos que se usan para la limpieza y son de uso cotidiano como son los detergentes, jabones l\u00edquidos y ambientadores. Con este primer paso se pretende crear conciencia sobre la importancia de transformar nuestros h\u00e1bitos de consumo poco amigables con el medio ambiente hacia una econom\u00eda verde y sostenible que implica un mayor uso de productos ecol\u00f3gicos o biodegradables. Los asistentes a la Feria pudieron observar el in\u00f3culo microbiano (lodo) desarrollado o cultivado para hacer las pruebas de biodegradabilidad y que provino originalmente del efluente de un sedimentador secundario de la Planta de Tratamiento de Aguas Residuales \u201cAugusto C\u00e9sar Sandino\u201d. La Lic. Karla Sarria Sacasa, docente investigadora del Laboratorio de Contaminantes Org\u00e1nicos, fue la experta a cargo de explicar el proyecto \u00abMirando hacia la contaminaci\u00f3n por micropl\u00e1sticos\u00bb abordando las generalidades de la problem\u00e1tica mundial debida a la contaminaci\u00f3n por pl\u00e1sticos y micropl\u00e1sticos, sus principales impactos sobre la vida marina y humana y c\u00f3mo se colectan y analizan las muestras para hacer la caracterizaci\u00f3n f\u00edsico-qu\u00edmica de los micropl\u00e1sticos en arenas de playa. El objetivo de este proyecto es llenar los grandes vac\u00edos de conocimiento que existen en cuanto a la extensi\u00f3n de la contaminaci\u00f3n por micropl\u00e1sticos en Nicaragua y divulgar los hallazgos para facilitar la comprensi\u00f3n de la sociedad del problema ambiental generado por la basura pl\u00e1stica en el pa\u00eds y promover un cambio en los h\u00e1bitos de consumo de los pl\u00e1sticos. Los asistentes a la Feria pudieron observar piezas de micropl\u00e1sticos de diferentes colores, formas y tama\u00f1os usando microscop\u00eda \u00f3ptica obtenidas a partir de muestras de arena de playa colectadas en San Juan del Sur y Masachapa.&nbsp; El Lic. Mariano Guerrero por su parte fue el experto que present\u00f3 el proyecto de innovaci\u00f3n titulado \u201cM\u00e9todo alternativo para el procesamiento y extracci\u00f3n de oro de material geol\u00f3gico usando sales inorg\u00e1nicas\u201d. La idea principal de este proyecto es&nbsp; usar un molino de cadenas para procesar la broza (material geol\u00f3gico) y luego hacerle la extracci\u00f3n o amalgamiento de los metales preciosos (oro y plata) a la lama (material procesado) usando la sal inorg\u00e1nica Hexacianoferrato de Potasio, conocida como Tigre o Golmax. Los beneficios de procesar y amalgamar de esta manera son muchos ya que se optimizan los procesos en tiempo y eficiencia; y se disminuye el impacto ambiental y a la salud de los g\u00fciriseros o mineros artesanales que ser\u00eda alt\u00edsimo si se usara el m\u00e9todo tradicional basado en el procesamiento en rastra y extracci\u00f3n con sustancias altamente t\u00f3xicas como el mercurio y\/o cianuro. Esta idea de proyecto recibi\u00f3 el a\u00f1o pasado el Primer lugar en Concurso de Creatividad e Innovaci\u00f3n a j\u00f3venes talentos, otorgado por la Plataforma Nicaragua Emprende y el Ministerio de Econom\u00eda Familiar. &nbsp;<\/p>\n","protected":false},"author":1,"featured_media":11796,"comment_status":"closed","ping_status":"closed","sticky":false,"template":"","format":"standard","meta":{"site-sidebar-layout":"default","site-content-layout":"default","ast-site-content-layout":"default","site-content-style":"default","site-sidebar-style":"default","ast-global-header-display":"","ast-banner-title-visibility":"","ast-main-header-display":"","ast-hfb-above-header-display":"","ast-hfb-below-header-display":"","ast-hfb-mobile-header-display":"","site-post-title":"","ast-breadcrumbs-content":"","ast-featured-img":"","footer-sml-layout":"","ast-disable-related-posts":"","theme-transparent-header-meta":"default","adv-header-id-meta":"","stick-header-meta":"","header-above-stick-meta":"","header-main-stick-meta":"","header-below-stick-meta":"","astra-migrate-meta-layouts":"default","ast-page-background-enabled":"default","ast-page-background-meta":{"desktop":{"background-color":"","background-image":"","background-repeat":"repeat","background-position":"center center","background-size":"auto","background-attachment":"scroll","background-type":"","background-media":"","overlay-type":"","overlay-color":"","overlay-opacity":"","overlay-gradient":""},"tablet":{"background-color":"","background-image":"","background-repeat":"repeat","background-position":"center center","background-size":"auto","background-attachment":"scroll","background-type":"","background-media":"","overlay-type":"","overlay-color":"","overlay-opacity":"","overlay-gradient":""},"mobile":{"background-color":"","background-image":"","background-repeat":"repeat","background-position":"center center","background-size":"auto","background-attachment":"scroll","background-type":"","background-media":"","overlay-type":"","overlay-color":"","overlay-opacity":"","overlay-gradient":""}},"ast-content-background-meta":{"desktop":{"background-color":"var(--ast-global-color-5)","background-image":"","background-repeat":"repeat","background-position":"center center","background-size":"auto","background-attachment":"scroll","background-type":"","background-media":"","overlay-type":"","overlay-color":"","overlay-opacity":"","overlay-gradient":""},"tablet":{"background-color":"var(--ast-global-color-5)","background-image":"","background-repeat":"repeat","background-position":"center center","background-size":"auto","background-attachment":"scroll","background-type":"","background-media":"","overlay-type":"","overlay-color":"","overlay-opacity":"","overlay-gradient":""},"mobile":{"background-color":"var(--ast-global-color-5)","background-image":"","background-repeat":"repeat","background-position":"center center","background-size":"auto","background-attachment":"scroll","background-type":"","background-media":"","overlay-type":"","overlay-color":"","overlay-opacity":"","overlay-gradient":""}},"ngg_post_thumbnail":0,"_jetpack_memberships_contains_paid_content":false,"footnotes":"","jetpack_publicize_message":"","jetpack_publicize_feature_enabled":true,"jetpack_social_post_already_shared":false,"jetpack_social_options":{"image_generator_settings":{"template":"highway","default_image_id":0,"font":"","enabled":false},"version":2}},"categories":[155],"tags":[],"class_list":["post-11794","post","type-post","status-publish","format-standard","has-post-thumbnail","hentry","category-ultimas-noticias"],"yoast_head":"<!-- This site is optimized with the Yoast SEO plugin v27.2 - https:\/\/yoast.com\/product\/yoast-seo-wordpress\/ -->\n<title>CIRA\/UNAN-Managua participa en Feria de la tierra organizada por el Movimiento Ambientalista Guardabarranco. - UNAN-Managua\/CIRA<\/title>\n<meta name=\"robots\" content=\"index, follow, max-snippet:-1, max-image-preview:large, max-video-preview:-1\" \/>\n<link rel=\"canonical\" href=\"https:\/\/cira.unan.edu.ni\/index.php\/cira-unan-managua-participa-en-feria-de-la-tierra-organizada-por-el-movimiento-ambientalista-guardabarranco\/\" \/>\n<meta property=\"og:locale\" content=\"es_ES\" \/>\n<meta property=\"og:type\" content=\"article\" \/>\n<meta property=\"og:title\" content=\"CIRA\/UNAN-Managua participa en Feria de la tierra organizada por el Movimiento Ambientalista Guardabarranco. - UNAN-Managua\/CIRA\" \/>\n<meta property=\"og:description\" content=\"Abril 23 y 24, 2021 Tres investigadores del CIRA\/UNAN-Managua participaron en la Feria de la tierra (#AMORPORLAMADRETIERRA) en saludo al D\u00eda Mundial de la Tierra, organizada por el Movimiento Ambientalista Guardabarranco. La actividad tuvo lugar en el Centro de Convenciones \u201cOlof Palme\u201d en donde participaron m\u00e1s de 100 proyectos&nbsp; y emprendimientos ecol\u00f3gicos del pa\u00eds con un total de 300 expositores. Se presentaron p\u00f3steres con informaci\u00f3n b\u00e1sica de los dos proyectos de investigaci\u00f3n que se est\u00e1n realizando (Biodegradabilidad y Micropl\u00e1sticos) &nbsp;y la idea del de innovaci\u00f3n que se implementar\u00e1 a corto plazo (Extracci\u00f3n alternativa de oro). &nbsp; El MSc. Colber Somoza Sandino, docente-investigador del Laboratorio de Aguas residuales, fue el experto a cargo del proyecto \u201cBiodegradabilidad: Un camino hacia el uso responsable de los productos qu\u00edmicos org\u00e1nicos de uso industrial y dom\u00e9stico\u201d, cuyo objetivo es establecer m\u00e9todos de determinaci\u00f3n de biodegradabilidad confiables y estandarizados para la regi\u00f3n latinoamericana (Argentina, Uruguay, Costa Rica y Nicaragua). La biodegradabilidad es la capacidad que tiene la materia org\u00e1nica de descomponerse debido a la acci\u00f3n biol\u00f3gica desarrollada por microorganismos como las bacterias y es una caracter\u00edstica clave para preservar la calidad y biodiversidad de los recursos h\u00eddricos que reciben vertidos poco degradables y el medio ambiente en general. Durante la ejecuci\u00f3n del proyecto se ha caracterizado la biodegradabilidad de productos qu\u00edmicos que se usan para la limpieza y son de uso cotidiano como son los detergentes, jabones l\u00edquidos y ambientadores. Con este primer paso se pretende crear conciencia sobre la importancia de transformar nuestros h\u00e1bitos de consumo poco amigables con el medio ambiente hacia una econom\u00eda verde y sostenible que implica un mayor uso de productos ecol\u00f3gicos o biodegradables. Los asistentes a la Feria pudieron observar el in\u00f3culo microbiano (lodo) desarrollado o cultivado para hacer las pruebas de biodegradabilidad y que provino originalmente del efluente de un sedimentador secundario de la Planta de Tratamiento de Aguas Residuales \u201cAugusto C\u00e9sar Sandino\u201d. La Lic. Karla Sarria Sacasa, docente investigadora del Laboratorio de Contaminantes Org\u00e1nicos, fue la experta a cargo de explicar el proyecto \u00abMirando hacia la contaminaci\u00f3n por micropl\u00e1sticos\u00bb abordando las generalidades de la problem\u00e1tica mundial debida a la contaminaci\u00f3n por pl\u00e1sticos y micropl\u00e1sticos, sus principales impactos sobre la vida marina y humana y c\u00f3mo se colectan y analizan las muestras para hacer la caracterizaci\u00f3n f\u00edsico-qu\u00edmica de los micropl\u00e1sticos en arenas de playa. El objetivo de este proyecto es llenar los grandes vac\u00edos de conocimiento que existen en cuanto a la extensi\u00f3n de la contaminaci\u00f3n por micropl\u00e1sticos en Nicaragua y divulgar los hallazgos para facilitar la comprensi\u00f3n de la sociedad del problema ambiental generado por la basura pl\u00e1stica en el pa\u00eds y promover un cambio en los h\u00e1bitos de consumo de los pl\u00e1sticos. Los asistentes a la Feria pudieron observar piezas de micropl\u00e1sticos de diferentes colores, formas y tama\u00f1os usando microscop\u00eda \u00f3ptica obtenidas a partir de muestras de arena de playa colectadas en San Juan del Sur y Masachapa.&nbsp; El Lic. Mariano Guerrero por su parte fue el experto que present\u00f3 el proyecto de innovaci\u00f3n titulado \u201cM\u00e9todo alternativo para el procesamiento y extracci\u00f3n de oro de material geol\u00f3gico usando sales inorg\u00e1nicas\u201d. La idea principal de este proyecto es&nbsp; usar un molino de cadenas para procesar la broza (material geol\u00f3gico) y luego hacerle la extracci\u00f3n o amalgamiento de los metales preciosos (oro y plata) a la lama (material procesado) usando la sal inorg\u00e1nica Hexacianoferrato de Potasio, conocida como Tigre o Golmax. Los beneficios de procesar y amalgamar de esta manera son muchos ya que se optimizan los procesos en tiempo y eficiencia; y se disminuye el impacto ambiental y a la salud de los g\u00fciriseros o mineros artesanales que ser\u00eda alt\u00edsimo si se usara el m\u00e9todo tradicional basado en el procesamiento en rastra y extracci\u00f3n con sustancias altamente t\u00f3xicas como el mercurio y\/o cianuro. Esta idea de proyecto recibi\u00f3 el a\u00f1o pasado el Primer lugar en Concurso de Creatividad e Innovaci\u00f3n a j\u00f3venes talentos, otorgado por la Plataforma Nicaragua Emprende y el Ministerio de Econom\u00eda Familiar. &nbsp;\" \/>\n<meta property=\"og:url\" content=\"https:\/\/cira.unan.edu.ni\/index.php\/cira-unan-managua-participa-en-feria-de-la-tierra-organizada-por-el-movimiento-ambientalista-guardabarranco\/\" \/>\n<meta property=\"og:site_name\" content=\"UNAN-Managua\/CIRA\" \/>\n<meta property=\"article:publisher\" content=\"https:\/\/www.facebook.com\/Cira.Unan\/\" \/>\n<meta property=\"article:published_time\" content=\"2021-05-13T22:22:48+00:00\" \/>\n<meta property=\"article:modified_time\" content=\"2021-05-14T21:41:17+00:00\" \/>\n<meta property=\"og:image\" content=\"https:\/\/i0.wp.com\/cira.unan.edu.ni\/wp-content\/uploads\/2021\/05\/WhatsApp-Image-2021-05-07-at-4.20.26-PM-1.jpeg?fit=1280%2C720&ssl=1\" \/>\n\t<meta property=\"og:image:width\" content=\"1280\" \/>\n\t<meta property=\"og:image:height\" content=\"720\" \/>\n\t<meta property=\"og:image:type\" content=\"image\/jpeg\" \/>\n<meta name=\"author\" content=\"admin-cira\" \/>\n<meta name=\"twitter:card\" content=\"summary_large_image\" \/>\n<meta name=\"twitter:creator\" content=\"@CiraUnan\" \/>\n<meta name=\"twitter:site\" content=\"@CiraUnan\" \/>\n<meta name=\"twitter:label1\" content=\"Escrito por\" \/>\n\t<meta name=\"twitter:data1\" content=\"\" \/>\n\t<meta name=\"twitter:label2\" content=\"Tiempo de lectura\" \/>\n\t<meta name=\"twitter:data2\" content=\"3 minutos\" \/>\n<script type=\"application\/ld+json\" class=\"yoast-schema-graph\">{\"@context\":\"https:\/\/schema.org\",\"@graph\":[{\"@type\":\"Article\",\"@id\":\"https:\/\/cira.unan.edu.ni\/index.php\/cira-unan-managua-participa-en-feria-de-la-tierra-organizada-por-el-movimiento-ambientalista-guardabarranco\/#article\",\"isPartOf\":{\"@id\":\"https:\/\/cira.unan.edu.ni\/index.php\/cira-unan-managua-participa-en-feria-de-la-tierra-organizada-por-el-movimiento-ambientalista-guardabarranco\/\"},\"author\":{\"name\":\"admin-cira\",\"@id\":\"https:\/\/cira.unan.edu.ni\/#\/schema\/person\/ea471033ecfbf0f1297140bb71bc2661\"},\"headline\":\"CIRA\/UNAN-Managua participa en Feria de la tierra organizada por el Movimiento Ambientalista Guardabarranco.\",\"datePublished\":\"2021-05-13T22:22:48+00:00\",\"dateModified\":\"2021-05-14T21:41:17+00:00\",\"mainEntityOfPage\":{\"@id\":\"https:\/\/cira.unan.edu.ni\/index.php\/cira-unan-managua-participa-en-feria-de-la-tierra-organizada-por-el-movimiento-ambientalista-guardabarranco\/\"},\"wordCount\":758,\"publisher\":{\"@id\":\"https:\/\/cira.unan.edu.ni\/#organization\"},\"image\":{\"@id\":\"https:\/\/cira.unan.edu.ni\/index.php\/cira-unan-managua-participa-en-feria-de-la-tierra-organizada-por-el-movimiento-ambientalista-guardabarranco\/#primaryimage\"},\"thumbnailUrl\":\"https:\/\/cira.unan.edu.ni\/wp-content\/uploads\/2021\/05\/WhatsApp-Image-2021-05-07-at-4.20.26-PM-1.jpeg\",\"articleSection\":[\"Ultimas noticias\"],\"inLanguage\":\"es\"},{\"@type\":\"WebPage\",\"@id\":\"https:\/\/cira.unan.edu.ni\/index.php\/cira-unan-managua-participa-en-feria-de-la-tierra-organizada-por-el-movimiento-ambientalista-guardabarranco\/\",\"url\":\"https:\/\/cira.unan.edu.ni\/index.php\/cira-unan-managua-participa-en-feria-de-la-tierra-organizada-por-el-movimiento-ambientalista-guardabarranco\/\",\"name\":\"CIRA\/UNAN-Managua participa en Feria de la tierra organizada por el Movimiento Ambientalista Guardabarranco. - UNAN-Managua\/CIRA\",\"isPartOf\":{\"@id\":\"https:\/\/cira.unan.edu.ni\/#website\"},\"primaryImageOfPage\":{\"@id\":\"https:\/\/cira.unan.edu.ni\/index.php\/cira-unan-managua-participa-en-feria-de-la-tierra-organizada-por-el-movimiento-ambientalista-guardabarranco\/#primaryimage\"},\"image\":{\"@id\":\"https:\/\/cira.unan.edu.ni\/index.php\/cira-unan-managua-participa-en-feria-de-la-tierra-organizada-por-el-movimiento-ambientalista-guardabarranco\/#primaryimage\"},\"thumbnailUrl\":\"https:\/\/cira.unan.edu.ni\/wp-content\/uploads\/2021\/05\/WhatsApp-Image-2021-05-07-at-4.20.26-PM-1.jpeg\",\"datePublished\":\"2021-05-13T22:22:48+00:00\",\"dateModified\":\"2021-05-14T21:41:17+00:00\",\"breadcrumb\":{\"@id\":\"https:\/\/cira.unan.edu.ni\/index.php\/cira-unan-managua-participa-en-feria-de-la-tierra-organizada-por-el-movimiento-ambientalista-guardabarranco\/#breadcrumb\"},\"inLanguage\":\"es\",\"potentialAction\":[{\"@type\":\"ReadAction\",\"target\":[\"https:\/\/cira.unan.edu.ni\/index.php\/cira-unan-managua-participa-en-feria-de-la-tierra-organizada-por-el-movimiento-ambientalista-guardabarranco\/\"]}]},{\"@type\":\"ImageObject\",\"inLanguage\":\"es\",\"@id\":\"https:\/\/cira.unan.edu.ni\/index.php\/cira-unan-managua-participa-en-feria-de-la-tierra-organizada-por-el-movimiento-ambientalista-guardabarranco\/#primaryimage\",\"url\":\"https:\/\/cira.unan.edu.ni\/wp-content\/uploads\/2021\/05\/WhatsApp-Image-2021-05-07-at-4.20.26-PM-1.jpeg\",\"contentUrl\":\"https:\/\/cira.unan.edu.ni\/wp-content\/uploads\/2021\/05\/WhatsApp-Image-2021-05-07-at-4.20.26-PM-1.jpeg\",\"width\":1280,\"height\":720},{\"@type\":\"BreadcrumbList\",\"@id\":\"https:\/\/cira.unan.edu.ni\/index.php\/cira-unan-managua-participa-en-feria-de-la-tierra-organizada-por-el-movimiento-ambientalista-guardabarranco\/#breadcrumb\",\"itemListElement\":[{\"@type\":\"ListItem\",\"position\":1,\"name\":\"Portada\",\"item\":\"https:\/\/cira.unan.edu.ni\/\"},{\"@type\":\"ListItem\",\"position\":2,\"name\":\"CIRA\/UNAN-Managua participa en Feria de la tierra organizada por el Movimiento Ambientalista Guardabarranco.\"}]},{\"@type\":\"WebSite\",\"@id\":\"https:\/\/cira.unan.edu.ni\/#website\",\"url\":\"https:\/\/cira.unan.edu.ni\/\",\"name\":\"CIRA\/UNAN-Managua\",\"description\":\"\",\"publisher\":{\"@id\":\"https:\/\/cira.unan.edu.ni\/#organization\"},\"potentialAction\":[{\"@type\":\"SearchAction\",\"target\":{\"@type\":\"EntryPoint\",\"urlTemplate\":\"https:\/\/cira.unan.edu.ni\/?s={search_term_string}\"},\"query-input\":{\"@type\":\"PropertyValueSpecification\",\"valueRequired\":true,\"valueName\":\"search_term_string\"}}],\"inLanguage\":\"es\"},{\"@type\":\"Organization\",\"@id\":\"https:\/\/cira.unan.edu.ni\/#organization\",\"name\":\"CIRA\/UNAN-Managua\",\"url\":\"https:\/\/cira.unan.edu.ni\/\",\"logo\":{\"@type\":\"ImageObject\",\"inLanguage\":\"es\",\"@id\":\"https:\/\/cira.unan.edu.ni\/#\/schema\/logo\/image\/\",\"url\":\"https:\/\/cira.unan.edu.ni\/wp-content\/uploads\/2018\/01\/logo_web_2018.fw_.png\",\"contentUrl\":\"https:\/\/cira.unan.edu.ni\/wp-content\/uploads\/2018\/01\/logo_web_2018.fw_.png\",\"width\":413,\"height\":88,\"caption\":\"CIRA\/UNAN-Managua\"},\"image\":{\"@id\":\"https:\/\/cira.unan.edu.ni\/#\/schema\/logo\/image\/\"},\"sameAs\":[\"https:\/\/www.facebook.com\/Cira.Unan\/\",\"https:\/\/x.com\/CiraUnan\",\"https:\/\/www.linkedin.com\/in\/cira-unan-managua-77058327\/\",\"https:\/\/www.youtube.com\/channel\/UCJ6caCqajBqeuhTqIPz5shg\"]},{\"@type\":\"Person\",\"@id\":\"https:\/\/cira.unan.edu.ni\/#\/schema\/person\/ea471033ecfbf0f1297140bb71bc2661\",\"name\":\"admin-cira\",\"image\":{\"@type\":\"ImageObject\",\"inLanguage\":\"es\",\"@id\":\"https:\/\/secure.gravatar.com\/avatar\/0760a9b63fc3293644d0450eb8175c0c7d9ddd41708cd3d9ab626d656a9a9876?s=96&d=mm&r=g\",\"url\":\"https:\/\/secure.gravatar.com\/avatar\/0760a9b63fc3293644d0450eb8175c0c7d9ddd41708cd3d9ab626d656a9a9876?s=96&d=mm&r=g\",\"contentUrl\":\"https:\/\/secure.gravatar.com\/avatar\/0760a9b63fc3293644d0450eb8175c0c7d9ddd41708cd3d9ab626d656a9a9876?s=96&d=mm&r=g\",\"caption\":\"admin-cira\"}}]}<\/script>\n<!-- \/ Yoast SEO plugin. -->","yoast_head_json":{"title":"CIRA\/UNAN-Managua participa en Feria de la tierra organizada por el Movimiento Ambientalista Guardabarranco. - UNAN-Managua\/CIRA","robots":{"index":"index","follow":"follow","max-snippet":"max-snippet:-1","max-image-preview":"max-image-preview:large","max-video-preview":"max-video-preview:-1"},"canonical":"https:\/\/cira.unan.edu.ni\/index.php\/cira-unan-managua-participa-en-feria-de-la-tierra-organizada-por-el-movimiento-ambientalista-guardabarranco\/","og_locale":"es_ES","og_type":"article","og_title":"CIRA\/UNAN-Managua participa en Feria de la tierra organizada por el Movimiento Ambientalista Guardabarranco. - UNAN-Managua\/CIRA","og_description":"Abril 23 y 24, 2021 Tres investigadores del CIRA\/UNAN-Managua participaron en la Feria de la tierra (#AMORPORLAMADRETIERRA) en saludo al D\u00eda Mundial de la Tierra, organizada por el Movimiento Ambientalista Guardabarranco. La actividad tuvo lugar en el Centro de Convenciones \u201cOlof Palme\u201d en donde participaron m\u00e1s de 100 proyectos&nbsp; y emprendimientos ecol\u00f3gicos del pa\u00eds con un total de 300 expositores. Se presentaron p\u00f3steres con informaci\u00f3n b\u00e1sica de los dos proyectos de investigaci\u00f3n que se est\u00e1n realizando (Biodegradabilidad y Micropl\u00e1sticos) &nbsp;y la idea del de innovaci\u00f3n que se implementar\u00e1 a corto plazo (Extracci\u00f3n alternativa de oro). &nbsp; El MSc. Colber Somoza Sandino, docente-investigador del Laboratorio de Aguas residuales, fue el experto a cargo del proyecto \u201cBiodegradabilidad: Un camino hacia el uso responsable de los productos qu\u00edmicos org\u00e1nicos de uso industrial y dom\u00e9stico\u201d, cuyo objetivo es establecer m\u00e9todos de determinaci\u00f3n de biodegradabilidad confiables y estandarizados para la regi\u00f3n latinoamericana (Argentina, Uruguay, Costa Rica y Nicaragua). La biodegradabilidad es la capacidad que tiene la materia org\u00e1nica de descomponerse debido a la acci\u00f3n biol\u00f3gica desarrollada por microorganismos como las bacterias y es una caracter\u00edstica clave para preservar la calidad y biodiversidad de los recursos h\u00eddricos que reciben vertidos poco degradables y el medio ambiente en general. Durante la ejecuci\u00f3n del proyecto se ha caracterizado la biodegradabilidad de productos qu\u00edmicos que se usan para la limpieza y son de uso cotidiano como son los detergentes, jabones l\u00edquidos y ambientadores. Con este primer paso se pretende crear conciencia sobre la importancia de transformar nuestros h\u00e1bitos de consumo poco amigables con el medio ambiente hacia una econom\u00eda verde y sostenible que implica un mayor uso de productos ecol\u00f3gicos o biodegradables. Los asistentes a la Feria pudieron observar el in\u00f3culo microbiano (lodo) desarrollado o cultivado para hacer las pruebas de biodegradabilidad y que provino originalmente del efluente de un sedimentador secundario de la Planta de Tratamiento de Aguas Residuales \u201cAugusto C\u00e9sar Sandino\u201d. La Lic. Karla Sarria Sacasa, docente investigadora del Laboratorio de Contaminantes Org\u00e1nicos, fue la experta a cargo de explicar el proyecto \u00abMirando hacia la contaminaci\u00f3n por micropl\u00e1sticos\u00bb abordando las generalidades de la problem\u00e1tica mundial debida a la contaminaci\u00f3n por pl\u00e1sticos y micropl\u00e1sticos, sus principales impactos sobre la vida marina y humana y c\u00f3mo se colectan y analizan las muestras para hacer la caracterizaci\u00f3n f\u00edsico-qu\u00edmica de los micropl\u00e1sticos en arenas de playa. El objetivo de este proyecto es llenar los grandes vac\u00edos de conocimiento que existen en cuanto a la extensi\u00f3n de la contaminaci\u00f3n por micropl\u00e1sticos en Nicaragua y divulgar los hallazgos para facilitar la comprensi\u00f3n de la sociedad del problema ambiental generado por la basura pl\u00e1stica en el pa\u00eds y promover un cambio en los h\u00e1bitos de consumo de los pl\u00e1sticos. Los asistentes a la Feria pudieron observar piezas de micropl\u00e1sticos de diferentes colores, formas y tama\u00f1os usando microscop\u00eda \u00f3ptica obtenidas a partir de muestras de arena de playa colectadas en San Juan del Sur y Masachapa.&nbsp; El Lic. Mariano Guerrero por su parte fue el experto que present\u00f3 el proyecto de innovaci\u00f3n titulado \u201cM\u00e9todo alternativo para el procesamiento y extracci\u00f3n de oro de material geol\u00f3gico usando sales inorg\u00e1nicas\u201d. La idea principal de este proyecto es&nbsp; usar un molino de cadenas para procesar la broza (material geol\u00f3gico) y luego hacerle la extracci\u00f3n o amalgamiento de los metales preciosos (oro y plata) a la lama (material procesado) usando la sal inorg\u00e1nica Hexacianoferrato de Potasio, conocida como Tigre o Golmax. Los beneficios de procesar y amalgamar de esta manera son muchos ya que se optimizan los procesos en tiempo y eficiencia; y se disminuye el impacto ambiental y a la salud de los g\u00fciriseros o mineros artesanales que ser\u00eda alt\u00edsimo si se usara el m\u00e9todo tradicional basado en el procesamiento en rastra y extracci\u00f3n con sustancias altamente t\u00f3xicas como el mercurio y\/o cianuro. Esta idea de proyecto recibi\u00f3 el a\u00f1o pasado el Primer lugar en Concurso de Creatividad e Innovaci\u00f3n a j\u00f3venes talentos, otorgado por la Plataforma Nicaragua Emprende y el Ministerio de Econom\u00eda Familiar. &nbsp;","og_url":"https:\/\/cira.unan.edu.ni\/index.php\/cira-unan-managua-participa-en-feria-de-la-tierra-organizada-por-el-movimiento-ambientalista-guardabarranco\/","og_site_name":"UNAN-Managua\/CIRA","article_publisher":"https:\/\/www.facebook.com\/Cira.Unan\/","article_published_time":"2021-05-13T22:22:48+00:00","article_modified_time":"2021-05-14T21:41:17+00:00","og_image":[{"width":1280,"height":720,"url":"https:\/\/i0.wp.com\/cira.unan.edu.ni\/wp-content\/uploads\/2021\/05\/WhatsApp-Image-2021-05-07-at-4.20.26-PM-1.jpeg?fit=1280%2C720&ssl=1","type":"image\/jpeg"}],"author":"admin-cira","twitter_card":"summary_large_image","twitter_creator":"@CiraUnan","twitter_site":"@CiraUnan","twitter_misc":{"Escrito por":false,"Tiempo de lectura":"3 minutos"},"schema":{"@context":"https:\/\/schema.org","@graph":[{"@type":"Article","@id":"https:\/\/cira.unan.edu.ni\/index.php\/cira-unan-managua-participa-en-feria-de-la-tierra-organizada-por-el-movimiento-ambientalista-guardabarranco\/#article","isPartOf":{"@id":"https:\/\/cira.unan.edu.ni\/index.php\/cira-unan-managua-participa-en-feria-de-la-tierra-organizada-por-el-movimiento-ambientalista-guardabarranco\/"},"author":{"name":"admin-cira","@id":"https:\/\/cira.unan.edu.ni\/#\/schema\/person\/ea471033ecfbf0f1297140bb71bc2661"},"headline":"CIRA\/UNAN-Managua participa en Feria de la tierra organizada por el Movimiento Ambientalista Guardabarranco.","datePublished":"2021-05-13T22:22:48+00:00","dateModified":"2021-05-14T21:41:17+00:00","mainEntityOfPage":{"@id":"https:\/\/cira.unan.edu.ni\/index.php\/cira-unan-managua-participa-en-feria-de-la-tierra-organizada-por-el-movimiento-ambientalista-guardabarranco\/"},"wordCount":758,"publisher":{"@id":"https:\/\/cira.unan.edu.ni\/#organization"},"image":{"@id":"https:\/\/cira.unan.edu.ni\/index.php\/cira-unan-managua-participa-en-feria-de-la-tierra-organizada-por-el-movimiento-ambientalista-guardabarranco\/#primaryimage"},"thumbnailUrl":"https:\/\/cira.unan.edu.ni\/wp-content\/uploads\/2021\/05\/WhatsApp-Image-2021-05-07-at-4.20.26-PM-1.jpeg","articleSection":["Ultimas noticias"],"inLanguage":"es"},{"@type":"WebPage","@id":"https:\/\/cira.unan.edu.ni\/index.php\/cira-unan-managua-participa-en-feria-de-la-tierra-organizada-por-el-movimiento-ambientalista-guardabarranco\/","url":"https:\/\/cira.unan.edu.ni\/index.php\/cira-unan-managua-participa-en-feria-de-la-tierra-organizada-por-el-movimiento-ambientalista-guardabarranco\/","name":"CIRA\/UNAN-Managua participa en Feria de la tierra organizada por el Movimiento Ambientalista Guardabarranco. - UNAN-Managua\/CIRA","isPartOf":{"@id":"https:\/\/cira.unan.edu.ni\/#website"},"primaryImageOfPage":{"@id":"https:\/\/cira.unan.edu.ni\/index.php\/cira-unan-managua-participa-en-feria-de-la-tierra-organizada-por-el-movimiento-ambientalista-guardabarranco\/#primaryimage"},"image":{"@id":"https:\/\/cira.unan.edu.ni\/index.php\/cira-unan-managua-participa-en-feria-de-la-tierra-organizada-por-el-movimiento-ambientalista-guardabarranco\/#primaryimage"},"thumbnailUrl":"https:\/\/cira.unan.edu.ni\/wp-content\/uploads\/2021\/05\/WhatsApp-Image-2021-05-07-at-4.20.26-PM-1.jpeg","datePublished":"2021-05-13T22:22:48+00:00","dateModified":"2021-05-14T21:41:17+00:00","breadcrumb":{"@id":"https:\/\/cira.unan.edu.ni\/index.php\/cira-unan-managua-participa-en-feria-de-la-tierra-organizada-por-el-movimiento-ambientalista-guardabarranco\/#breadcrumb"},"inLanguage":"es","potentialAction":[{"@type":"ReadAction","target":["https:\/\/cira.unan.edu.ni\/index.php\/cira-unan-managua-participa-en-feria-de-la-tierra-organizada-por-el-movimiento-ambientalista-guardabarranco\/"]}]},{"@type":"ImageObject","inLanguage":"es","@id":"https:\/\/cira.unan.edu.ni\/index.php\/cira-unan-managua-participa-en-feria-de-la-tierra-organizada-por-el-movimiento-ambientalista-guardabarranco\/#primaryimage","url":"https:\/\/cira.unan.edu.ni\/wp-content\/uploads\/2021\/05\/WhatsApp-Image-2021-05-07-at-4.20.26-PM-1.jpeg","contentUrl":"https:\/\/cira.unan.edu.ni\/wp-content\/uploads\/2021\/05\/WhatsApp-Image-2021-05-07-at-4.20.26-PM-1.jpeg","width":1280,"height":720},{"@type":"BreadcrumbList","@id":"https:\/\/cira.unan.edu.ni\/index.php\/cira-unan-managua-participa-en-feria-de-la-tierra-organizada-por-el-movimiento-ambientalista-guardabarranco\/#breadcrumb","itemListElement":[{"@type":"ListItem","position":1,"name":"Portada","item":"https:\/\/cira.unan.edu.ni\/"},{"@type":"ListItem","position":2,"name":"CIRA\/UNAN-Managua participa en Feria de la tierra organizada por el Movimiento Ambientalista Guardabarranco."}]},{"@type":"WebSite","@id":"https:\/\/cira.unan.edu.ni\/#website","url":"https:\/\/cira.unan.edu.ni\/","name":"CIRA\/UNAN-Managua","description":"","publisher":{"@id":"https:\/\/cira.unan.edu.ni\/#organization"},"potentialAction":[{"@type":"SearchAction","target":{"@type":"EntryPoint","urlTemplate":"https:\/\/cira.unan.edu.ni\/?s={search_term_string}"},"query-input":{"@type":"PropertyValueSpecification","valueRequired":true,"valueName":"search_term_string"}}],"inLanguage":"es"},{"@type":"Organization","@id":"https:\/\/cira.unan.edu.ni\/#organization","name":"CIRA\/UNAN-Managua","url":"https:\/\/cira.unan.edu.ni\/","logo":{"@type":"ImageObject","inLanguage":"es","@id":"https:\/\/cira.unan.edu.ni\/#\/schema\/logo\/image\/","url":"https:\/\/cira.unan.edu.ni\/wp-content\/uploads\/2018\/01\/logo_web_2018.fw_.png","contentUrl":"https:\/\/cira.unan.edu.ni\/wp-content\/uploads\/2018\/01\/logo_web_2018.fw_.png","width":413,"height":88,"caption":"CIRA\/UNAN-Managua"},"image":{"@id":"https:\/\/cira.unan.edu.ni\/#\/schema\/logo\/image\/"},"sameAs":["https:\/\/www.facebook.com\/Cira.Unan\/","https:\/\/x.com\/CiraUnan","https:\/\/www.linkedin.com\/in\/cira-unan-managua-77058327\/","https:\/\/www.youtube.com\/channel\/UCJ6caCqajBqeuhTqIPz5shg"]},{"@type":"Person","@id":"https:\/\/cira.unan.edu.ni\/#\/schema\/person\/ea471033ecfbf0f1297140bb71bc2661","name":"admin-cira","image":{"@type":"ImageObject","inLanguage":"es","@id":"https:\/\/secure.gravatar.com\/avatar\/0760a9b63fc3293644d0450eb8175c0c7d9ddd41708cd3d9ab626d656a9a9876?s=96&d=mm&r=g","url":"https:\/\/secure.gravatar.com\/avatar\/0760a9b63fc3293644d0450eb8175c0c7d9ddd41708cd3d9ab626d656a9a9876?s=96&d=mm&r=g","contentUrl":"https:\/\/secure.gravatar.com\/avatar\/0760a9b63fc3293644d0450eb8175c0c7d9ddd41708cd3d9ab626d656a9a9876?s=96&d=mm&r=g","caption":"admin-cira"}}]}},"jetpack_publicize_connections":[],"jetpack_featured_media_url":"https:\/\/cira.unan.edu.ni\/wp-content\/uploads\/2021\/05\/WhatsApp-Image-2021-05-07-at-4.20.26-PM-1.jpeg","jetpack_sharing_enabled":true,"_links":{"self":[{"href":"https:\/\/cira.unan.edu.ni\/index.php\/wp-json\/wp\/v2\/posts\/11794","targetHints":{"allow":["GET"]}}],"collection":[{"href":"https:\/\/cira.unan.edu.ni\/index.php\/wp-json\/wp\/v2\/posts"}],"about":[{"href":"https:\/\/cira.unan.edu.ni\/index.php\/wp-json\/wp\/v2\/types\/post"}],"author":[{"embeddable":true,"href":"https:\/\/cira.unan.edu.ni\/index.php\/wp-json\/wp\/v2\/users\/1"}],"replies":[{"embeddable":true,"href":"https:\/\/cira.unan.edu.ni\/index.php\/wp-json\/wp\/v2\/comments?post=11794"}],"version-history":[{"count":3,"href":"https:\/\/cira.unan.edu.ni\/index.php\/wp-json\/wp\/v2\/posts\/11794\/revisions"}],"predecessor-version":[{"id":11806,"href":"https:\/\/cira.unan.edu.ni\/index.php\/wp-json\/wp\/v2\/posts\/11794\/revisions\/11806"}],"wp:featuredmedia":[{"embeddable":true,"href":"https:\/\/cira.unan.edu.ni\/index.php\/wp-json\/wp\/v2\/media\/11796"}],"wp:attachment":[{"href":"https:\/\/cira.unan.edu.ni\/index.php\/wp-json\/wp\/v2\/media?parent=11794"}],"wp:term":[{"taxonomy":"category","embeddable":true,"href":"https:\/\/cira.unan.edu.ni\/index.php\/wp-json\/wp\/v2\/categories?post=11794"},{"taxonomy":"post_tag","embeddable":true,"href":"https:\/\/cira.unan.edu.ni\/index.php\/wp-json\/wp\/v2\/tags?post=11794"}],"curies":[{"name":"wp","href":"https:\/\/api.w.org\/{rel}","templated":true}]}}