{"id":16612,"date":"2024-05-21T18:28:18","date_gmt":"2024-05-22T00:28:18","guid":{"rendered":"https:\/\/cira.unan.edu.ni\/?p=16612"},"modified":"2024-05-21T18:28:43","modified_gmt":"2024-05-22T00:28:43","slug":"es-satisfactorio-aportar-al-fortalecimiento-de-capacidades-de-profesionales-nacionales-y-de-la-region","status":"publish","type":"post","link":"https:\/\/cira.unan.edu.ni\/index.php\/es-satisfactorio-aportar-al-fortalecimiento-de-capacidades-de-profesionales-nacionales-y-de-la-region\/","title":{"rendered":"\u00abEs satisfactorio aportar al fortalecimiento de capacidades de profesionales nacionales y de la regi\u00f3n\u00bb"},"content":{"rendered":"<div class=\"elementor-element elementor-element-34cd4cbb elementor-blockquote--skin-quotation elementor-blockquote--button-color-official elementor-widget elementor-widget-blockquote\" data-id=\"34cd4cbb\" data-element_type=\"widget\" data-widget_type=\"blockquote.default\">\n<div class=\"elementor-widget-container\">\n<blockquote class=\"elementor-blockquote\">\n<p class=\"elementor-blockquote__content\">Como docentes investigadores debemos tener presente el compromiso de continuar contribuyendo a la generaci\u00f3n y aplicaci\u00f3n del conocimiento.<\/p>\n<\/blockquote>\n<\/div>\n<\/div>\n<div class=\"elementor-element elementor-element-331f9810 elementor-widget elementor-widget-text-editor\" data-id=\"331f9810\" data-element_type=\"widget\" data-widget_type=\"text-editor.default\">\n<div class=\"elementor-widget-container\">\n<p>Desde el conocimiento y la experiencia acumulada en el desarrollo de procesos de investigaci\u00f3n acad\u00e9mica, el doctor Francisco Jos\u00e9 Picado Pav\u00f3n contribuye al fortalecimiento de capacidades de profesionales nacionales y de la regi\u00f3n, en campos como calidad ambiental, ecotoxicolog\u00eda, an\u00e1lisis de riesgo ecol\u00f3gico, transporte y destino ambiental de los contaminantes.<\/p>\n<p>El doctor Picado, quien es Ingeniero Qu\u00edmico, cuenta con una Maestr\u00eda en Ecolog\u00eda Qu\u00edmica y Ecotoxicolog\u00eda, y un Doctorado en Ciencias con \u00e9nfasis en Ecolog\u00eda y especializaci\u00f3n en Ecolog\u00eda Qu\u00edmica y Ecotoxicolog\u00eda, estudios que realiz\u00f3 en la Universidad de Lund, Suecia. El investigador refiere que los espacios que ofrece la UNAN-Managua cimentaron las bases para su formaci\u00f3n; integralmente aprovech\u00f3 la convivencia posgraduada con cient\u00edficos de diferentes pa\u00edses, lo cual involucr\u00f3 investigaciones experimentales y mediciones de campo, as\u00ed como la divulgaci\u00f3n del resultados de las investigaciones.<\/p>\n<p>Desde su ingreso al Centro para la Investigaci\u00f3n de Recursos Acu\u00e1ticos (CIRA) UNAN-Managua, en el 2002, el doctor Francisco ha coordinado cursos y ha ejercido la docencia en la Maestr\u00eda Regional Centroamericana en Ciencias del Agua con \u00e9nfasis en Calidad del Agua y en carreras de grado; asimismo, se ha desempe\u00f1ado como jefe de laboratorio. Su trayectoria profesional le ha permitido, adem\u00e1s de la formaci\u00f3n de competencias locales y externas, desarrollar investigaciones mediante la mentor\u00eda posgraduada, tanto en el pa\u00eds, como en la regi\u00f3n centroamericana.<\/p>\n<p>Las investigaciones llevadas a cabo por doctor Picado han abordado \u00e1reas de ecotoxicolog\u00eda, el transporte y destino de la contaminaci\u00f3n ambiental, calidad h\u00eddrica, an\u00e1lisis de riesgo y de temas como el caso del mercurio. Sus investigaciones han sido divulgadas en diferentes revistas cient\u00edficas y libros, as\u00ed como en ponencias en eventos nacionales e internacionales.<\/p>\n<p>Entre sus investigaciones resaltan: Contaminaci\u00f3n y tratamiento de aguas afectadas por la explotaci\u00f3n de oro en Nicaragua; Pasivos Ambientales Mineros, Una Fuente Potencial de Metales para los Ecosistemas de Agua Dulce en Costa Rica; Calidad y uso potencial de las aguas del r\u00edo Tipitapa; Diversidad de la comunidad de macroinvertebrados acu\u00e1ticos en el R\u00edo Juan L\u00f3pez, Atl\u00e1ntida (Honduras) en \u00e9poca seca, y Obtenci\u00f3n de carb\u00f3n activado a partir de la c\u00e1scara del fruto del J\u00edcaro Sabanero (Crescentia alata), y Presencia de plaguicidas en lagunas costeras del Pac\u00edfico de Nicaragua y Comportamiento de la contaminaci\u00f3n ambiental por mercurio en \u00e1reas mineras (Chontales).<\/p>\n<p>En los \u00faltimos a\u00f1os, su labor ha estado orientada a las investigaciones relacionadas con el tema del mercurio. Recientemente, aport\u00f3 al estudio \u201cRiesgo de Exposici\u00f3n al Mercurio a trav\u00e9s del Consumo de Peces de los Grandes Lagos de Nicaragua\u201d financiado con los Fondos Concursables de Investigaci\u00f3n del Consejo Nacional de Universidades (FCI-CNU), y la ejecuci\u00f3n del Proyecto para el Fortalecimiento de Capacidades en el Estudio y An\u00e1lisis del Mercurio destinado a apoyar el mejoramiento de la fiabilidad del an\u00e1lisis, la identificaci\u00f3n de la posible contaminaci\u00f3n por el metal en el lago Xolotl\u00e1n, as\u00ed como la creaci\u00f3n del mecanismo para su monitoreo.<\/p>\n<p>Actualmente el Programa de Capacitaci\u00f3n Curso de Terceros Pa\u00edses 2022-2024, se encuentra bajo su coordinaci\u00f3n por parte del CIRA UNAN-Managua. El Programa ya cuenta con dos ediciones del Curso de Tercer Pa\u00eds sobre la&nbsp; Determinaci\u00f3n de Mercurio en Muestras Ambientales, en las cuales han participado profesionales de Centroam\u00e9rica y Rep\u00fablica Dominicana. Al respecto, valora que ha sido una oportunidad enriquecedora, la cual ha propiciado el compartir experiencias y conocimientos en el an\u00e1lisis y estudio del mercurio en el ambiente y consecuentemente est\u00e1 contribuyendo con los procesos de extensi\u00f3n acad\u00e9mica.<\/p>\n<p>\u00abComo docentes investigadores, desde nuestros espacios debemos tener presente el compromiso de continuar contribuyendo a la generaci\u00f3n y aplicaci\u00f3n del conocimiento con una gesti\u00f3n institucional fortalecida para garantizar procesos de extensi\u00f3n, formaci\u00f3n e investigaci\u00f3n que aporten al desarrollo de la sociedad nicarag\u00fcense\u00bb, expresa.&nbsp;<\/p>\n<p style=\"text-align: right;\"><a href=\"https:\/\/www.unan.edu.ni\/index.php\/author\/dci\" target=\"_blank\" rel=\"noopener\"><span class=\"elementor-icon-list-text elementor-post-info__item elementor-post-info__item--type-author\">Direcci\u00f3n de Comunicaci\u00f3n Institucional<\/span><\/a><\/p>\n<p style=\"text-align: right;\"><a href=\"https:\/\/www.unan.edu.ni\/index.php\/vida-universitaria\/es-satisfactorio-aportar-al-fortalecimiento-de-capacidades-de-profesionales-nacionales-y-de-la-region.odp\" target=\"_blank\" rel=\"noopener\">UNAN-Managua<\/a><\/p>\n<\/div>\n<\/div>\n","protected":false},"excerpt":{"rendered":"<p>Como docentes investigadores debemos tener presente el compromiso de continuar contribuyendo a la generaci\u00f3n y aplicaci\u00f3n del conocimiento. Desde el conocimiento y la experiencia acumulada en el desarrollo de procesos de investigaci\u00f3n acad\u00e9mica, el doctor Francisco Jos\u00e9 Picado Pav\u00f3n contribuye al fortalecimiento de capacidades de profesionales nacionales y de la regi\u00f3n, en campos como calidad ambiental, ecotoxicolog\u00eda, an\u00e1lisis de riesgo ecol\u00f3gico, transporte y destino ambiental de los contaminantes. El doctor Picado, quien es Ingeniero Qu\u00edmico, cuenta con una Maestr\u00eda en Ecolog\u00eda Qu\u00edmica y Ecotoxicolog\u00eda, y un Doctorado en Ciencias con \u00e9nfasis en Ecolog\u00eda y especializaci\u00f3n en Ecolog\u00eda Qu\u00edmica y Ecotoxicolog\u00eda, estudios que realiz\u00f3 en la Universidad de Lund, Suecia. El investigador refiere que los espacios que ofrece la UNAN-Managua cimentaron las bases para su formaci\u00f3n; integralmente aprovech\u00f3 la convivencia posgraduada con cient\u00edficos de diferentes pa\u00edses, lo cual involucr\u00f3 investigaciones experimentales y mediciones de campo, as\u00ed como la divulgaci\u00f3n del resultados de las investigaciones. Desde su ingreso al Centro para la Investigaci\u00f3n de Recursos Acu\u00e1ticos (CIRA) UNAN-Managua, en el 2002, el doctor Francisco ha coordinado cursos y ha ejercido la docencia en la Maestr\u00eda Regional Centroamericana en Ciencias del Agua con \u00e9nfasis en Calidad del Agua y en carreras de grado; asimismo, se ha desempe\u00f1ado como jefe de laboratorio. Su trayectoria profesional le ha permitido, adem\u00e1s de la formaci\u00f3n de competencias locales y externas, desarrollar investigaciones mediante la mentor\u00eda posgraduada, tanto en el pa\u00eds, como en la regi\u00f3n centroamericana. Las investigaciones llevadas a cabo por doctor Picado han abordado \u00e1reas de ecotoxicolog\u00eda, el transporte y destino de la contaminaci\u00f3n ambiental, calidad h\u00eddrica, an\u00e1lisis de riesgo y de temas como el caso del mercurio. Sus investigaciones han sido divulgadas en diferentes revistas cient\u00edficas y libros, as\u00ed como en ponencias en eventos nacionales e internacionales. Entre sus investigaciones resaltan: Contaminaci\u00f3n y tratamiento de aguas afectadas por la explotaci\u00f3n de oro en Nicaragua; Pasivos Ambientales Mineros, Una Fuente Potencial de Metales para los Ecosistemas de Agua Dulce en Costa Rica; Calidad y uso potencial de las aguas del r\u00edo Tipitapa; Diversidad de la comunidad de macroinvertebrados acu\u00e1ticos en el R\u00edo Juan L\u00f3pez, Atl\u00e1ntida (Honduras) en \u00e9poca seca, y Obtenci\u00f3n de carb\u00f3n activado a partir de la c\u00e1scara del fruto del J\u00edcaro Sabanero (Crescentia alata), y Presencia de plaguicidas en lagunas costeras del Pac\u00edfico de Nicaragua y Comportamiento de la contaminaci\u00f3n ambiental por mercurio en \u00e1reas mineras (Chontales). En los \u00faltimos a\u00f1os, su labor ha estado orientada a las investigaciones relacionadas con el tema del mercurio. Recientemente, aport\u00f3 al estudio \u201cRiesgo de Exposici\u00f3n al Mercurio a trav\u00e9s del Consumo de Peces de los Grandes Lagos de Nicaragua\u201d financiado con los Fondos Concursables de Investigaci\u00f3n del Consejo Nacional de Universidades (FCI-CNU), y la ejecuci\u00f3n del Proyecto para el Fortalecimiento de Capacidades en el Estudio y An\u00e1lisis del Mercurio destinado a apoyar el mejoramiento de la fiabilidad del an\u00e1lisis, la identificaci\u00f3n de la posible contaminaci\u00f3n por el metal en el lago Xolotl\u00e1n, as\u00ed como la creaci\u00f3n del mecanismo para su monitoreo. Actualmente el Programa de Capacitaci\u00f3n Curso de Terceros Pa\u00edses 2022-2024, se encuentra bajo su coordinaci\u00f3n por parte del CIRA UNAN-Managua. El Programa ya cuenta con dos ediciones del Curso de Tercer Pa\u00eds sobre la&nbsp; Determinaci\u00f3n de Mercurio en Muestras Ambientales, en las cuales han participado profesionales de Centroam\u00e9rica y Rep\u00fablica Dominicana. Al respecto, valora que ha sido una oportunidad enriquecedora, la cual ha propiciado el compartir experiencias y conocimientos en el an\u00e1lisis y estudio del mercurio en el ambiente y consecuentemente est\u00e1 contribuyendo con los procesos de extensi\u00f3n acad\u00e9mica. \u00abComo docentes investigadores, desde nuestros espacios debemos tener presente el compromiso de continuar contribuyendo a la generaci\u00f3n y aplicaci\u00f3n del conocimiento con una gesti\u00f3n institucional fortalecida para garantizar procesos de extensi\u00f3n, formaci\u00f3n e investigaci\u00f3n que aporten al desarrollo de la sociedad nicarag\u00fcense\u00bb, expresa.&nbsp; Direcci\u00f3n de Comunicaci\u00f3n Institucional UNAN-Managua<\/p>\n","protected":false},"author":1,"featured_media":16613,"comment_status":"closed","ping_status":"closed","sticky":false,"template":"","format":"standard","meta":{"site-sidebar-layout":"default","site-content-layout":"","ast-site-content-layout":"default","site-content-style":"default","site-sidebar-style":"default","ast-global-header-display":"","ast-banner-title-visibility":"","ast-main-header-display":"","ast-hfb-above-header-display":"","ast-hfb-below-header-display":"","ast-hfb-mobile-header-display":"","site-post-title":"","ast-breadcrumbs-content":"","ast-featured-img":"","footer-sml-layout":"","ast-disable-related-posts":"","theme-transparent-header-meta":"default","adv-header-id-meta":"","stick-header-meta":"","header-above-stick-meta":"","header-main-stick-meta":"","header-below-stick-meta":"","astra-migrate-meta-layouts":"set","ast-page-background-enabled":"default","ast-page-background-meta":{"desktop":{"background-color":"","background-image":"","background-repeat":"repeat","background-position":"center center","background-size":"auto","background-attachment":"scroll","background-type":"","background-media":"","overlay-type":"","overlay-color":"","overlay-opacity":"","overlay-gradient":""},"tablet":{"background-color":"","background-image":"","background-repeat":"repeat","background-position":"center center","background-size":"auto","background-attachment":"scroll","background-type":"","background-media":"","overlay-type":"","overlay-color":"","overlay-opacity":"","overlay-gradient":""},"mobile":{"background-color":"","background-image":"","background-repeat":"repeat","background-position":"center center","background-size":"auto","background-attachment":"scroll","background-type":"","background-media":"","overlay-type":"","overlay-color":"","overlay-opacity":"","overlay-gradient":""}},"ast-content-background-meta":{"desktop":{"background-color":"var(--ast-global-color-5)","background-image":"","background-repeat":"repeat","background-position":"center center","background-size":"auto","background-attachment":"scroll","background-type":"","background-media":"","overlay-type":"","overlay-color":"","overlay-opacity":"","overlay-gradient":""},"tablet":{"background-color":"var(--ast-global-color-5)","background-image":"","background-repeat":"repeat","background-position":"center center","background-size":"auto","background-attachment":"scroll","background-type":"","background-media":"","overlay-type":"","overlay-color":"","overlay-opacity":"","overlay-gradient":""},"mobile":{"background-color":"var(--ast-global-color-5)","background-image":"","background-repeat":"repeat","background-position":"center center","background-size":"auto","background-attachment":"scroll","background-type":"","background-media":"","overlay-type":"","overlay-color":"","overlay-opacity":"","overlay-gradient":""}},"ngg_post_thumbnail":0,"_jetpack_memberships_contains_paid_content":false,"footnotes":"","jetpack_publicize_message":"","jetpack_publicize_feature_enabled":true,"jetpack_social_post_already_shared":true,"jetpack_social_options":{"image_generator_settings":{"template":"highway","default_image_id":0,"font":"","enabled":false},"version":2}},"categories":[214],"tags":[],"class_list":["post-16612","post","type-post","status-publish","format-standard","has-post-thumbnail","hentry","category-vida-estudiantil"],"yoast_head":"<!-- This site is optimized with the Yoast SEO plugin v27.2 - https:\/\/yoast.com\/product\/yoast-seo-wordpress\/ -->\n<title>\u00abEs satisfactorio aportar al fortalecimiento de capacidades de profesionales nacionales y de la regi\u00f3n\u00bb<\/title>\n<meta name=\"robots\" content=\"index, follow, max-snippet:-1, max-image-preview:large, max-video-preview:-1\" \/>\n<link rel=\"canonical\" href=\"https:\/\/cira.unan.edu.ni\/index.php\/es-satisfactorio-aportar-al-fortalecimiento-de-capacidades-de-profesionales-nacionales-y-de-la-region\/\" \/>\n<meta property=\"og:locale\" content=\"es_ES\" \/>\n<meta property=\"og:type\" content=\"article\" \/>\n<meta property=\"og:title\" content=\"\u00abEs satisfactorio aportar al fortalecimiento de capacidades de profesionales nacionales y de la regi\u00f3n\u00bb\" \/>\n<meta property=\"og:description\" content=\"Como docentes investigadores debemos tener presente el compromiso de continuar contribuyendo a la generaci\u00f3n y aplicaci\u00f3n del conocimiento. Desde el conocimiento y la experiencia acumulada en el desarrollo de procesos de investigaci\u00f3n acad\u00e9mica, el doctor Francisco Jos\u00e9 Picado Pav\u00f3n contribuye al fortalecimiento de capacidades de profesionales nacionales y de la regi\u00f3n, en campos como calidad ambiental, ecotoxicolog\u00eda, an\u00e1lisis de riesgo ecol\u00f3gico, transporte y destino ambiental de los contaminantes. El doctor Picado, quien es Ingeniero Qu\u00edmico, cuenta con una Maestr\u00eda en Ecolog\u00eda Qu\u00edmica y Ecotoxicolog\u00eda, y un Doctorado en Ciencias con \u00e9nfasis en Ecolog\u00eda y especializaci\u00f3n en Ecolog\u00eda Qu\u00edmica y Ecotoxicolog\u00eda, estudios que realiz\u00f3 en la Universidad de Lund, Suecia. El investigador refiere que los espacios que ofrece la UNAN-Managua cimentaron las bases para su formaci\u00f3n; integralmente aprovech\u00f3 la convivencia posgraduada con cient\u00edficos de diferentes pa\u00edses, lo cual involucr\u00f3 investigaciones experimentales y mediciones de campo, as\u00ed como la divulgaci\u00f3n del resultados de las investigaciones. Desde su ingreso al Centro para la Investigaci\u00f3n de Recursos Acu\u00e1ticos (CIRA) UNAN-Managua, en el 2002, el doctor Francisco ha coordinado cursos y ha ejercido la docencia en la Maestr\u00eda Regional Centroamericana en Ciencias del Agua con \u00e9nfasis en Calidad del Agua y en carreras de grado; asimismo, se ha desempe\u00f1ado como jefe de laboratorio. Su trayectoria profesional le ha permitido, adem\u00e1s de la formaci\u00f3n de competencias locales y externas, desarrollar investigaciones mediante la mentor\u00eda posgraduada, tanto en el pa\u00eds, como en la regi\u00f3n centroamericana. Las investigaciones llevadas a cabo por doctor Picado han abordado \u00e1reas de ecotoxicolog\u00eda, el transporte y destino de la contaminaci\u00f3n ambiental, calidad h\u00eddrica, an\u00e1lisis de riesgo y de temas como el caso del mercurio. Sus investigaciones han sido divulgadas en diferentes revistas cient\u00edficas y libros, as\u00ed como en ponencias en eventos nacionales e internacionales. Entre sus investigaciones resaltan: Contaminaci\u00f3n y tratamiento de aguas afectadas por la explotaci\u00f3n de oro en Nicaragua; Pasivos Ambientales Mineros, Una Fuente Potencial de Metales para los Ecosistemas de Agua Dulce en Costa Rica; Calidad y uso potencial de las aguas del r\u00edo Tipitapa; Diversidad de la comunidad de macroinvertebrados acu\u00e1ticos en el R\u00edo Juan L\u00f3pez, Atl\u00e1ntida (Honduras) en \u00e9poca seca, y Obtenci\u00f3n de carb\u00f3n activado a partir de la c\u00e1scara del fruto del J\u00edcaro Sabanero (Crescentia alata), y Presencia de plaguicidas en lagunas costeras del Pac\u00edfico de Nicaragua y Comportamiento de la contaminaci\u00f3n ambiental por mercurio en \u00e1reas mineras (Chontales). En los \u00faltimos a\u00f1os, su labor ha estado orientada a las investigaciones relacionadas con el tema del mercurio. Recientemente, aport\u00f3 al estudio \u201cRiesgo de Exposici\u00f3n al Mercurio a trav\u00e9s del Consumo de Peces de los Grandes Lagos de Nicaragua\u201d financiado con los Fondos Concursables de Investigaci\u00f3n del Consejo Nacional de Universidades (FCI-CNU), y la ejecuci\u00f3n del Proyecto para el Fortalecimiento de Capacidades en el Estudio y An\u00e1lisis del Mercurio destinado a apoyar el mejoramiento de la fiabilidad del an\u00e1lisis, la identificaci\u00f3n de la posible contaminaci\u00f3n por el metal en el lago Xolotl\u00e1n, as\u00ed como la creaci\u00f3n del mecanismo para su monitoreo. Actualmente el Programa de Capacitaci\u00f3n Curso de Terceros Pa\u00edses 2022-2024, se encuentra bajo su coordinaci\u00f3n por parte del CIRA UNAN-Managua. El Programa ya cuenta con dos ediciones del Curso de Tercer Pa\u00eds sobre la&nbsp; Determinaci\u00f3n de Mercurio en Muestras Ambientales, en las cuales han participado profesionales de Centroam\u00e9rica y Rep\u00fablica Dominicana. Al respecto, valora que ha sido una oportunidad enriquecedora, la cual ha propiciado el compartir experiencias y conocimientos en el an\u00e1lisis y estudio del mercurio en el ambiente y consecuentemente est\u00e1 contribuyendo con los procesos de extensi\u00f3n acad\u00e9mica. \u00abComo docentes investigadores, desde nuestros espacios debemos tener presente el compromiso de continuar contribuyendo a la generaci\u00f3n y aplicaci\u00f3n del conocimiento con una gesti\u00f3n institucional fortalecida para garantizar procesos de extensi\u00f3n, formaci\u00f3n e investigaci\u00f3n que aporten al desarrollo de la sociedad nicarag\u00fcense\u00bb, expresa.&nbsp; Direcci\u00f3n de Comunicaci\u00f3n Institucional UNAN-Managua\" \/>\n<meta property=\"og:url\" content=\"https:\/\/cira.unan.edu.ni\/index.php\/es-satisfactorio-aportar-al-fortalecimiento-de-capacidades-de-profesionales-nacionales-y-de-la-region\/\" \/>\n<meta property=\"og:site_name\" content=\"UNAN-Managua\/CIRA\" \/>\n<meta property=\"article:publisher\" content=\"https:\/\/www.facebook.com\/Cira.Unan\/\" \/>\n<meta property=\"article:published_time\" content=\"2024-05-22T00:28:18+00:00\" \/>\n<meta property=\"article:modified_time\" content=\"2024-05-22T00:28:43+00:00\" \/>\n<meta property=\"og:image\" content=\"https:\/\/cira.unan.edu.ni\/wp-content\/uploads\/2024\/05\/IMG_5378.jpg\" \/>\n\t<meta property=\"og:image:width\" content=\"1080\" \/>\n\t<meta property=\"og:image:height\" content=\"576\" \/>\n\t<meta property=\"og:image:type\" content=\"image\/jpeg\" \/>\n<meta name=\"author\" content=\"admin-cira\" \/>\n<meta name=\"twitter:card\" content=\"summary_large_image\" \/>\n<meta name=\"twitter:creator\" content=\"@CiraUnan\" \/>\n<meta name=\"twitter:site\" content=\"@CiraUnan\" \/>\n<meta name=\"twitter:label1\" content=\"Escrito por\" \/>\n\t<meta name=\"twitter:data1\" content=\"\" \/>\n\t<meta name=\"twitter:label2\" content=\"Tiempo de lectura\" \/>\n\t<meta name=\"twitter:data2\" content=\"4 minutos\" \/>\n<script type=\"application\/ld+json\" class=\"yoast-schema-graph\">{\"@context\":\"https:\/\/schema.org\",\"@graph\":[{\"@type\":\"Article\",\"@id\":\"https:\/\/cira.unan.edu.ni\/index.php\/es-satisfactorio-aportar-al-fortalecimiento-de-capacidades-de-profesionales-nacionales-y-de-la-region\/#article\",\"isPartOf\":{\"@id\":\"https:\/\/cira.unan.edu.ni\/index.php\/es-satisfactorio-aportar-al-fortalecimiento-de-capacidades-de-profesionales-nacionales-y-de-la-region\/\"},\"author\":{\"name\":\"admin-cira\",\"@id\":\"https:\/\/cira.unan.edu.ni\/#\/schema\/person\/ea471033ecfbf0f1297140bb71bc2661\"},\"headline\":\"\u00abEs satisfactorio aportar al fortalecimiento de capacidades de profesionales nacionales y de la regi\u00f3n\u00bb\",\"datePublished\":\"2024-05-22T00:28:18+00:00\",\"dateModified\":\"2024-05-22T00:28:43+00:00\",\"mainEntityOfPage\":{\"@id\":\"https:\/\/cira.unan.edu.ni\/index.php\/es-satisfactorio-aportar-al-fortalecimiento-de-capacidades-de-profesionales-nacionales-y-de-la-region\/\"},\"wordCount\":727,\"publisher\":{\"@id\":\"https:\/\/cira.unan.edu.ni\/#organization\"},\"image\":{\"@id\":\"https:\/\/cira.unan.edu.ni\/index.php\/es-satisfactorio-aportar-al-fortalecimiento-de-capacidades-de-profesionales-nacionales-y-de-la-region\/#primaryimage\"},\"thumbnailUrl\":\"https:\/\/cira.unan.edu.ni\/wp-content\/uploads\/2024\/05\/IMG_5378.jpg\",\"articleSection\":[\"Vida estudiantil\"],\"inLanguage\":\"es\"},{\"@type\":\"WebPage\",\"@id\":\"https:\/\/cira.unan.edu.ni\/index.php\/es-satisfactorio-aportar-al-fortalecimiento-de-capacidades-de-profesionales-nacionales-y-de-la-region\/\",\"url\":\"https:\/\/cira.unan.edu.ni\/index.php\/es-satisfactorio-aportar-al-fortalecimiento-de-capacidades-de-profesionales-nacionales-y-de-la-region\/\",\"name\":\"\u00abEs satisfactorio aportar al fortalecimiento de capacidades de profesionales nacionales y de la regi\u00f3n\u00bb\",\"isPartOf\":{\"@id\":\"https:\/\/cira.unan.edu.ni\/#website\"},\"primaryImageOfPage\":{\"@id\":\"https:\/\/cira.unan.edu.ni\/index.php\/es-satisfactorio-aportar-al-fortalecimiento-de-capacidades-de-profesionales-nacionales-y-de-la-region\/#primaryimage\"},\"image\":{\"@id\":\"https:\/\/cira.unan.edu.ni\/index.php\/es-satisfactorio-aportar-al-fortalecimiento-de-capacidades-de-profesionales-nacionales-y-de-la-region\/#primaryimage\"},\"thumbnailUrl\":\"https:\/\/cira.unan.edu.ni\/wp-content\/uploads\/2024\/05\/IMG_5378.jpg\",\"datePublished\":\"2024-05-22T00:28:18+00:00\",\"dateModified\":\"2024-05-22T00:28:43+00:00\",\"breadcrumb\":{\"@id\":\"https:\/\/cira.unan.edu.ni\/index.php\/es-satisfactorio-aportar-al-fortalecimiento-de-capacidades-de-profesionales-nacionales-y-de-la-region\/#breadcrumb\"},\"inLanguage\":\"es\",\"potentialAction\":[{\"@type\":\"ReadAction\",\"target\":[\"https:\/\/cira.unan.edu.ni\/index.php\/es-satisfactorio-aportar-al-fortalecimiento-de-capacidades-de-profesionales-nacionales-y-de-la-region\/\"]}]},{\"@type\":\"ImageObject\",\"inLanguage\":\"es\",\"@id\":\"https:\/\/cira.unan.edu.ni\/index.php\/es-satisfactorio-aportar-al-fortalecimiento-de-capacidades-de-profesionales-nacionales-y-de-la-region\/#primaryimage\",\"url\":\"https:\/\/cira.unan.edu.ni\/wp-content\/uploads\/2024\/05\/IMG_5378.jpg\",\"contentUrl\":\"https:\/\/cira.unan.edu.ni\/wp-content\/uploads\/2024\/05\/IMG_5378.jpg\",\"width\":1080,\"height\":576},{\"@type\":\"BreadcrumbList\",\"@id\":\"https:\/\/cira.unan.edu.ni\/index.php\/es-satisfactorio-aportar-al-fortalecimiento-de-capacidades-de-profesionales-nacionales-y-de-la-region\/#breadcrumb\",\"itemListElement\":[{\"@type\":\"ListItem\",\"position\":1,\"name\":\"Portada\",\"item\":\"https:\/\/cira.unan.edu.ni\/\"},{\"@type\":\"ListItem\",\"position\":2,\"name\":\"\u00abEs satisfactorio aportar al fortalecimiento de capacidades de profesionales nacionales y de la regi\u00f3n\u00bb\"}]},{\"@type\":\"WebSite\",\"@id\":\"https:\/\/cira.unan.edu.ni\/#website\",\"url\":\"https:\/\/cira.unan.edu.ni\/\",\"name\":\"CIRA\/UNAN-Managua\",\"description\":\"\",\"publisher\":{\"@id\":\"https:\/\/cira.unan.edu.ni\/#organization\"},\"potentialAction\":[{\"@type\":\"SearchAction\",\"target\":{\"@type\":\"EntryPoint\",\"urlTemplate\":\"https:\/\/cira.unan.edu.ni\/?s={search_term_string}\"},\"query-input\":{\"@type\":\"PropertyValueSpecification\",\"valueRequired\":true,\"valueName\":\"search_term_string\"}}],\"inLanguage\":\"es\"},{\"@type\":\"Organization\",\"@id\":\"https:\/\/cira.unan.edu.ni\/#organization\",\"name\":\"CIRA\/UNAN-Managua\",\"url\":\"https:\/\/cira.unan.edu.ni\/\",\"logo\":{\"@type\":\"ImageObject\",\"inLanguage\":\"es\",\"@id\":\"https:\/\/cira.unan.edu.ni\/#\/schema\/logo\/image\/\",\"url\":\"https:\/\/cira.unan.edu.ni\/wp-content\/uploads\/2018\/01\/logo_web_2018.fw_.png\",\"contentUrl\":\"https:\/\/cira.unan.edu.ni\/wp-content\/uploads\/2018\/01\/logo_web_2018.fw_.png\",\"width\":413,\"height\":88,\"caption\":\"CIRA\/UNAN-Managua\"},\"image\":{\"@id\":\"https:\/\/cira.unan.edu.ni\/#\/schema\/logo\/image\/\"},\"sameAs\":[\"https:\/\/www.facebook.com\/Cira.Unan\/\",\"https:\/\/x.com\/CiraUnan\",\"https:\/\/www.linkedin.com\/in\/cira-unan-managua-77058327\/\",\"https:\/\/www.youtube.com\/channel\/UCJ6caCqajBqeuhTqIPz5shg\"]},{\"@type\":\"Person\",\"@id\":\"https:\/\/cira.unan.edu.ni\/#\/schema\/person\/ea471033ecfbf0f1297140bb71bc2661\",\"name\":\"admin-cira\",\"image\":{\"@type\":\"ImageObject\",\"inLanguage\":\"es\",\"@id\":\"https:\/\/secure.gravatar.com\/avatar\/0760a9b63fc3293644d0450eb8175c0c7d9ddd41708cd3d9ab626d656a9a9876?s=96&d=mm&r=g\",\"url\":\"https:\/\/secure.gravatar.com\/avatar\/0760a9b63fc3293644d0450eb8175c0c7d9ddd41708cd3d9ab626d656a9a9876?s=96&d=mm&r=g\",\"contentUrl\":\"https:\/\/secure.gravatar.com\/avatar\/0760a9b63fc3293644d0450eb8175c0c7d9ddd41708cd3d9ab626d656a9a9876?s=96&d=mm&r=g\",\"caption\":\"admin-cira\"}}]}<\/script>\n<!-- \/ Yoast SEO plugin. -->","yoast_head_json":{"title":"\u00abEs satisfactorio aportar al fortalecimiento de capacidades de profesionales nacionales y de la regi\u00f3n\u00bb","robots":{"index":"index","follow":"follow","max-snippet":"max-snippet:-1","max-image-preview":"max-image-preview:large","max-video-preview":"max-video-preview:-1"},"canonical":"https:\/\/cira.unan.edu.ni\/index.php\/es-satisfactorio-aportar-al-fortalecimiento-de-capacidades-de-profesionales-nacionales-y-de-la-region\/","og_locale":"es_ES","og_type":"article","og_title":"\u00abEs satisfactorio aportar al fortalecimiento de capacidades de profesionales nacionales y de la regi\u00f3n\u00bb","og_description":"Como docentes investigadores debemos tener presente el compromiso de continuar contribuyendo a la generaci\u00f3n y aplicaci\u00f3n del conocimiento. Desde el conocimiento y la experiencia acumulada en el desarrollo de procesos de investigaci\u00f3n acad\u00e9mica, el doctor Francisco Jos\u00e9 Picado Pav\u00f3n contribuye al fortalecimiento de capacidades de profesionales nacionales y de la regi\u00f3n, en campos como calidad ambiental, ecotoxicolog\u00eda, an\u00e1lisis de riesgo ecol\u00f3gico, transporte y destino ambiental de los contaminantes. El doctor Picado, quien es Ingeniero Qu\u00edmico, cuenta con una Maestr\u00eda en Ecolog\u00eda Qu\u00edmica y Ecotoxicolog\u00eda, y un Doctorado en Ciencias con \u00e9nfasis en Ecolog\u00eda y especializaci\u00f3n en Ecolog\u00eda Qu\u00edmica y Ecotoxicolog\u00eda, estudios que realiz\u00f3 en la Universidad de Lund, Suecia. El investigador refiere que los espacios que ofrece la UNAN-Managua cimentaron las bases para su formaci\u00f3n; integralmente aprovech\u00f3 la convivencia posgraduada con cient\u00edficos de diferentes pa\u00edses, lo cual involucr\u00f3 investigaciones experimentales y mediciones de campo, as\u00ed como la divulgaci\u00f3n del resultados de las investigaciones. Desde su ingreso al Centro para la Investigaci\u00f3n de Recursos Acu\u00e1ticos (CIRA) UNAN-Managua, en el 2002, el doctor Francisco ha coordinado cursos y ha ejercido la docencia en la Maestr\u00eda Regional Centroamericana en Ciencias del Agua con \u00e9nfasis en Calidad del Agua y en carreras de grado; asimismo, se ha desempe\u00f1ado como jefe de laboratorio. Su trayectoria profesional le ha permitido, adem\u00e1s de la formaci\u00f3n de competencias locales y externas, desarrollar investigaciones mediante la mentor\u00eda posgraduada, tanto en el pa\u00eds, como en la regi\u00f3n centroamericana. Las investigaciones llevadas a cabo por doctor Picado han abordado \u00e1reas de ecotoxicolog\u00eda, el transporte y destino de la contaminaci\u00f3n ambiental, calidad h\u00eddrica, an\u00e1lisis de riesgo y de temas como el caso del mercurio. Sus investigaciones han sido divulgadas en diferentes revistas cient\u00edficas y libros, as\u00ed como en ponencias en eventos nacionales e internacionales. Entre sus investigaciones resaltan: Contaminaci\u00f3n y tratamiento de aguas afectadas por la explotaci\u00f3n de oro en Nicaragua; Pasivos Ambientales Mineros, Una Fuente Potencial de Metales para los Ecosistemas de Agua Dulce en Costa Rica; Calidad y uso potencial de las aguas del r\u00edo Tipitapa; Diversidad de la comunidad de macroinvertebrados acu\u00e1ticos en el R\u00edo Juan L\u00f3pez, Atl\u00e1ntida (Honduras) en \u00e9poca seca, y Obtenci\u00f3n de carb\u00f3n activado a partir de la c\u00e1scara del fruto del J\u00edcaro Sabanero (Crescentia alata), y Presencia de plaguicidas en lagunas costeras del Pac\u00edfico de Nicaragua y Comportamiento de la contaminaci\u00f3n ambiental por mercurio en \u00e1reas mineras (Chontales). En los \u00faltimos a\u00f1os, su labor ha estado orientada a las investigaciones relacionadas con el tema del mercurio. Recientemente, aport\u00f3 al estudio \u201cRiesgo de Exposici\u00f3n al Mercurio a trav\u00e9s del Consumo de Peces de los Grandes Lagos de Nicaragua\u201d financiado con los Fondos Concursables de Investigaci\u00f3n del Consejo Nacional de Universidades (FCI-CNU), y la ejecuci\u00f3n del Proyecto para el Fortalecimiento de Capacidades en el Estudio y An\u00e1lisis del Mercurio destinado a apoyar el mejoramiento de la fiabilidad del an\u00e1lisis, la identificaci\u00f3n de la posible contaminaci\u00f3n por el metal en el lago Xolotl\u00e1n, as\u00ed como la creaci\u00f3n del mecanismo para su monitoreo. Actualmente el Programa de Capacitaci\u00f3n Curso de Terceros Pa\u00edses 2022-2024, se encuentra bajo su coordinaci\u00f3n por parte del CIRA UNAN-Managua. El Programa ya cuenta con dos ediciones del Curso de Tercer Pa\u00eds sobre la&nbsp; Determinaci\u00f3n de Mercurio en Muestras Ambientales, en las cuales han participado profesionales de Centroam\u00e9rica y Rep\u00fablica Dominicana. Al respecto, valora que ha sido una oportunidad enriquecedora, la cual ha propiciado el compartir experiencias y conocimientos en el an\u00e1lisis y estudio del mercurio en el ambiente y consecuentemente est\u00e1 contribuyendo con los procesos de extensi\u00f3n acad\u00e9mica. \u00abComo docentes investigadores, desde nuestros espacios debemos tener presente el compromiso de continuar contribuyendo a la generaci\u00f3n y aplicaci\u00f3n del conocimiento con una gesti\u00f3n institucional fortalecida para garantizar procesos de extensi\u00f3n, formaci\u00f3n e investigaci\u00f3n que aporten al desarrollo de la sociedad nicarag\u00fcense\u00bb, expresa.&nbsp; Direcci\u00f3n de Comunicaci\u00f3n Institucional UNAN-Managua","og_url":"https:\/\/cira.unan.edu.ni\/index.php\/es-satisfactorio-aportar-al-fortalecimiento-de-capacidades-de-profesionales-nacionales-y-de-la-region\/","og_site_name":"UNAN-Managua\/CIRA","article_publisher":"https:\/\/www.facebook.com\/Cira.Unan\/","article_published_time":"2024-05-22T00:28:18+00:00","article_modified_time":"2024-05-22T00:28:43+00:00","og_image":[{"width":1080,"height":576,"url":"https:\/\/cira.unan.edu.ni\/wp-content\/uploads\/2024\/05\/IMG_5378.jpg","type":"image\/jpeg"}],"author":"admin-cira","twitter_card":"summary_large_image","twitter_creator":"@CiraUnan","twitter_site":"@CiraUnan","twitter_misc":{"Escrito por":false,"Tiempo de lectura":"4 minutos"},"schema":{"@context":"https:\/\/schema.org","@graph":[{"@type":"Article","@id":"https:\/\/cira.unan.edu.ni\/index.php\/es-satisfactorio-aportar-al-fortalecimiento-de-capacidades-de-profesionales-nacionales-y-de-la-region\/#article","isPartOf":{"@id":"https:\/\/cira.unan.edu.ni\/index.php\/es-satisfactorio-aportar-al-fortalecimiento-de-capacidades-de-profesionales-nacionales-y-de-la-region\/"},"author":{"name":"admin-cira","@id":"https:\/\/cira.unan.edu.ni\/#\/schema\/person\/ea471033ecfbf0f1297140bb71bc2661"},"headline":"\u00abEs satisfactorio aportar al fortalecimiento de capacidades de profesionales nacionales y de la regi\u00f3n\u00bb","datePublished":"2024-05-22T00:28:18+00:00","dateModified":"2024-05-22T00:28:43+00:00","mainEntityOfPage":{"@id":"https:\/\/cira.unan.edu.ni\/index.php\/es-satisfactorio-aportar-al-fortalecimiento-de-capacidades-de-profesionales-nacionales-y-de-la-region\/"},"wordCount":727,"publisher":{"@id":"https:\/\/cira.unan.edu.ni\/#organization"},"image":{"@id":"https:\/\/cira.unan.edu.ni\/index.php\/es-satisfactorio-aportar-al-fortalecimiento-de-capacidades-de-profesionales-nacionales-y-de-la-region\/#primaryimage"},"thumbnailUrl":"https:\/\/cira.unan.edu.ni\/wp-content\/uploads\/2024\/05\/IMG_5378.jpg","articleSection":["Vida estudiantil"],"inLanguage":"es"},{"@type":"WebPage","@id":"https:\/\/cira.unan.edu.ni\/index.php\/es-satisfactorio-aportar-al-fortalecimiento-de-capacidades-de-profesionales-nacionales-y-de-la-region\/","url":"https:\/\/cira.unan.edu.ni\/index.php\/es-satisfactorio-aportar-al-fortalecimiento-de-capacidades-de-profesionales-nacionales-y-de-la-region\/","name":"\u00abEs satisfactorio aportar al fortalecimiento de capacidades de profesionales nacionales y de la regi\u00f3n\u00bb","isPartOf":{"@id":"https:\/\/cira.unan.edu.ni\/#website"},"primaryImageOfPage":{"@id":"https:\/\/cira.unan.edu.ni\/index.php\/es-satisfactorio-aportar-al-fortalecimiento-de-capacidades-de-profesionales-nacionales-y-de-la-region\/#primaryimage"},"image":{"@id":"https:\/\/cira.unan.edu.ni\/index.php\/es-satisfactorio-aportar-al-fortalecimiento-de-capacidades-de-profesionales-nacionales-y-de-la-region\/#primaryimage"},"thumbnailUrl":"https:\/\/cira.unan.edu.ni\/wp-content\/uploads\/2024\/05\/IMG_5378.jpg","datePublished":"2024-05-22T00:28:18+00:00","dateModified":"2024-05-22T00:28:43+00:00","breadcrumb":{"@id":"https:\/\/cira.unan.edu.ni\/index.php\/es-satisfactorio-aportar-al-fortalecimiento-de-capacidades-de-profesionales-nacionales-y-de-la-region\/#breadcrumb"},"inLanguage":"es","potentialAction":[{"@type":"ReadAction","target":["https:\/\/cira.unan.edu.ni\/index.php\/es-satisfactorio-aportar-al-fortalecimiento-de-capacidades-de-profesionales-nacionales-y-de-la-region\/"]}]},{"@type":"ImageObject","inLanguage":"es","@id":"https:\/\/cira.unan.edu.ni\/index.php\/es-satisfactorio-aportar-al-fortalecimiento-de-capacidades-de-profesionales-nacionales-y-de-la-region\/#primaryimage","url":"https:\/\/cira.unan.edu.ni\/wp-content\/uploads\/2024\/05\/IMG_5378.jpg","contentUrl":"https:\/\/cira.unan.edu.ni\/wp-content\/uploads\/2024\/05\/IMG_5378.jpg","width":1080,"height":576},{"@type":"BreadcrumbList","@id":"https:\/\/cira.unan.edu.ni\/index.php\/es-satisfactorio-aportar-al-fortalecimiento-de-capacidades-de-profesionales-nacionales-y-de-la-region\/#breadcrumb","itemListElement":[{"@type":"ListItem","position":1,"name":"Portada","item":"https:\/\/cira.unan.edu.ni\/"},{"@type":"ListItem","position":2,"name":"\u00abEs satisfactorio aportar al fortalecimiento de capacidades de profesionales nacionales y de la regi\u00f3n\u00bb"}]},{"@type":"WebSite","@id":"https:\/\/cira.unan.edu.ni\/#website","url":"https:\/\/cira.unan.edu.ni\/","name":"CIRA\/UNAN-Managua","description":"","publisher":{"@id":"https:\/\/cira.unan.edu.ni\/#organization"},"potentialAction":[{"@type":"SearchAction","target":{"@type":"EntryPoint","urlTemplate":"https:\/\/cira.unan.edu.ni\/?s={search_term_string}"},"query-input":{"@type":"PropertyValueSpecification","valueRequired":true,"valueName":"search_term_string"}}],"inLanguage":"es"},{"@type":"Organization","@id":"https:\/\/cira.unan.edu.ni\/#organization","name":"CIRA\/UNAN-Managua","url":"https:\/\/cira.unan.edu.ni\/","logo":{"@type":"ImageObject","inLanguage":"es","@id":"https:\/\/cira.unan.edu.ni\/#\/schema\/logo\/image\/","url":"https:\/\/cira.unan.edu.ni\/wp-content\/uploads\/2018\/01\/logo_web_2018.fw_.png","contentUrl":"https:\/\/cira.unan.edu.ni\/wp-content\/uploads\/2018\/01\/logo_web_2018.fw_.png","width":413,"height":88,"caption":"CIRA\/UNAN-Managua"},"image":{"@id":"https:\/\/cira.unan.edu.ni\/#\/schema\/logo\/image\/"},"sameAs":["https:\/\/www.facebook.com\/Cira.Unan\/","https:\/\/x.com\/CiraUnan","https:\/\/www.linkedin.com\/in\/cira-unan-managua-77058327\/","https:\/\/www.youtube.com\/channel\/UCJ6caCqajBqeuhTqIPz5shg"]},{"@type":"Person","@id":"https:\/\/cira.unan.edu.ni\/#\/schema\/person\/ea471033ecfbf0f1297140bb71bc2661","name":"admin-cira","image":{"@type":"ImageObject","inLanguage":"es","@id":"https:\/\/secure.gravatar.com\/avatar\/0760a9b63fc3293644d0450eb8175c0c7d9ddd41708cd3d9ab626d656a9a9876?s=96&d=mm&r=g","url":"https:\/\/secure.gravatar.com\/avatar\/0760a9b63fc3293644d0450eb8175c0c7d9ddd41708cd3d9ab626d656a9a9876?s=96&d=mm&r=g","contentUrl":"https:\/\/secure.gravatar.com\/avatar\/0760a9b63fc3293644d0450eb8175c0c7d9ddd41708cd3d9ab626d656a9a9876?s=96&d=mm&r=g","caption":"admin-cira"}}]}},"jetpack_publicize_connections":[],"jetpack_featured_media_url":"https:\/\/cira.unan.edu.ni\/wp-content\/uploads\/2024\/05\/IMG_5378.jpg","jetpack_sharing_enabled":true,"_links":{"self":[{"href":"https:\/\/cira.unan.edu.ni\/index.php\/wp-json\/wp\/v2\/posts\/16612","targetHints":{"allow":["GET"]}}],"collection":[{"href":"https:\/\/cira.unan.edu.ni\/index.php\/wp-json\/wp\/v2\/posts"}],"about":[{"href":"https:\/\/cira.unan.edu.ni\/index.php\/wp-json\/wp\/v2\/types\/post"}],"author":[{"embeddable":true,"href":"https:\/\/cira.unan.edu.ni\/index.php\/wp-json\/wp\/v2\/users\/1"}],"replies":[{"embeddable":true,"href":"https:\/\/cira.unan.edu.ni\/index.php\/wp-json\/wp\/v2\/comments?post=16612"}],"version-history":[{"count":1,"href":"https:\/\/cira.unan.edu.ni\/index.php\/wp-json\/wp\/v2\/posts\/16612\/revisions"}],"predecessor-version":[{"id":16614,"href":"https:\/\/cira.unan.edu.ni\/index.php\/wp-json\/wp\/v2\/posts\/16612\/revisions\/16614"}],"wp:featuredmedia":[{"embeddable":true,"href":"https:\/\/cira.unan.edu.ni\/index.php\/wp-json\/wp\/v2\/media\/16613"}],"wp:attachment":[{"href":"https:\/\/cira.unan.edu.ni\/index.php\/wp-json\/wp\/v2\/media?parent=16612"}],"wp:term":[{"taxonomy":"category","embeddable":true,"href":"https:\/\/cira.unan.edu.ni\/index.php\/wp-json\/wp\/v2\/categories?post=16612"},{"taxonomy":"post_tag","embeddable":true,"href":"https:\/\/cira.unan.edu.ni\/index.php\/wp-json\/wp\/v2\/tags?post=16612"}],"curies":[{"name":"wp","href":"https:\/\/api.w.org\/{rel}","templated":true}]}}