{"id":16737,"date":"2024-07-04T21:45:23","date_gmt":"2024-07-05T03:45:23","guid":{"rendered":"https:\/\/cira.unan.edu.ni\/?p=16737"},"modified":"2024-07-04T21:55:11","modified_gmt":"2024-07-05T03:55:11","slug":"cira-unan-managua-23-anos-formando-profesionales-en-el-area-de-los-recursos-hidricos","status":"publish","type":"post","link":"https:\/\/cira.unan.edu.ni\/index.php\/cira-unan-managua-23-anos-formando-profesionales-en-el-area-de-los-recursos-hidricos\/","title":{"rendered":"CIRA UNAN-Managua, 23 a\u00f1os formando profesionales en el \u00e1rea de los recursos h\u00eddricos"},"content":{"rendered":"<p><strong>Julio 4, 2024<\/strong><\/p>\n<p>Como una forma de dar respuesta a la necesidad de formar profesionales en el \u00e1mbito de los recursos h\u00eddricos, con los est\u00e1ndares acad\u00e9micos de calidad que combinen el curr\u00edculo de la hidrogeolog\u00eda moderna y los contextos de las necesidades espec\u00edficas de cada pa\u00eds nace en el 2001 el programa de maestr\u00eda en Ciencias del Agua (MCA) como una estrategia para el fortalecimiento de las universidades en la regi\u00f3n centroamericana.<\/p>\n<p>En sus primeros ciclos, cont\u00f3 con financiamiento a trav\u00e9s de dos proyectos ejecutados con el apoyo del gobierno canadiense, por medio de la Agencia Canadiense de Cooperaci\u00f3n Internacional (ACDI-CIDA). En las dos primeras cohortes, el programa se denomin\u00f3 Maestr\u00eda en Ciencias del Agua y se form\u00f3 \u00fanicamente a estudiantes nacionales. Al ser acreditada ante el Sistema Regional de Investigaci\u00f3n y Posgrado (SICAR) del Consejo Superior Universitario Centroamericano\u202f(CSUCA), en el 2008, cambia su nombre a Maestr\u00eda Regional Centroamericana en Ciencias del Agua con \u00e9nfasis en Calidad del Agua y se recibe al primer estudiante procedente de Guatemala.<\/p>\n<p><img fetchpriority=\"high\" decoding=\"async\" data-attachment-id=\"16738\" data-permalink=\"https:\/\/cira.unan.edu.ni\/index.php\/cira-unan-managua-23-anos-formando-profesionales-en-el-area-de-los-recursos-hidricos\/whatsapp-image-2021-10-21-at-16-11-28\/\" data-orig-file=\"https:\/\/cira.unan.edu.ni\/wp-content\/uploads\/2024\/07\/WhatsApp-Image-2021-10-21-at-16.11.28.jpeg\" data-orig-size=\"1080,576\" data-comments-opened=\"0\" data-image-meta=\"{&quot;aperture&quot;:&quot;0&quot;,&quot;credit&quot;:&quot;&quot;,&quot;camera&quot;:&quot;&quot;,&quot;caption&quot;:&quot;&quot;,&quot;created_timestamp&quot;:&quot;0&quot;,&quot;copyright&quot;:&quot;&quot;,&quot;focal_length&quot;:&quot;0&quot;,&quot;iso&quot;:&quot;0&quot;,&quot;shutter_speed&quot;:&quot;0&quot;,&quot;title&quot;:&quot;&quot;,&quot;orientation&quot;:&quot;0&quot;}\" data-image-title=\"WhatsApp-Image-2021-10-21-at-16.11.28\" data-image-description=\"\" data-image-caption=\"\" data-medium-file=\"https:\/\/cira.unan.edu.ni\/wp-content\/uploads\/2024\/07\/WhatsApp-Image-2021-10-21-at-16.11.28-300x160.jpeg\" data-large-file=\"https:\/\/cira.unan.edu.ni\/wp-content\/uploads\/2024\/07\/WhatsApp-Image-2021-10-21-at-16.11.28-1024x546.jpeg\" class=\"size-full wp-image-16738 aligncenter\" src=\"https:\/\/cira.unan.edu.ni\/wp-content\/uploads\/2024\/07\/WhatsApp-Image-2021-10-21-at-16.11.28.jpeg\" alt=\"\" width=\"1080\" height=\"576\" srcset=\"https:\/\/cira.unan.edu.ni\/wp-content\/uploads\/2024\/07\/WhatsApp-Image-2021-10-21-at-16.11.28.jpeg 1080w, https:\/\/cira.unan.edu.ni\/wp-content\/uploads\/2024\/07\/WhatsApp-Image-2021-10-21-at-16.11.28-300x160.jpeg 300w, https:\/\/cira.unan.edu.ni\/wp-content\/uploads\/2024\/07\/WhatsApp-Image-2021-10-21-at-16.11.28-1024x546.jpeg 1024w, https:\/\/cira.unan.edu.ni\/wp-content\/uploads\/2024\/07\/WhatsApp-Image-2021-10-21-at-16.11.28-768x410.jpeg 768w\" sizes=\"(max-width: 1080px) 100vw, 1080px\" \/><\/p>\n<p>En 2011, la maestr\u00eda fue admitida en el Programa Regional del Servicio Alem\u00e1n de Intercambio (DAAD, por sus siglas en alem\u00e1n), logro que posibilit\u00f3 el recibimiento de estudiantes de Centroam\u00e9rica y Rep\u00fablica Dominicana, becados por este organismo. En el 2012, los primeros becarios del DAAD iniciaron su proceso formativo, desde la cuarta a la octava cohorte (2012-2023).<\/p>\n<p>La MCA se enmarca en el contexto nacional y regional centroamericano, en donde la gesti\u00f3n efectiva y sostenible de sus recursos acu\u00e1ticos es un componente importante de la econom\u00eda y de los proyectos globales de desarrollo de los pa\u00edses. De acuerdo con la m\u00e1ster Valeria Delgado Quezada, coordinadora, la investigaci\u00f3n de los recursos h\u00eddricos es un elemento fundamental para mejorar y mantener la calidad de vida de la sociedad, en un ambiente protegido espec\u00edficamente con el objetivo de facilitar un manejo de estos recursos que aseguran la adecuada cantidad y calidad del agua para consumo humano.<\/p>\n<p><img decoding=\"async\" data-attachment-id=\"16740\" data-permalink=\"https:\/\/cira.unan.edu.ni\/index.php\/cira-unan-managua-23-anos-formando-profesionales-en-el-area-de-los-recursos-hidricos\/whatsapp-image-2022-02-04-at-15-53-17\/\" data-orig-file=\"https:\/\/cira.unan.edu.ni\/wp-content\/uploads\/2024\/07\/WhatsApp-Image-2022-02-04-at-15.53.17.jpeg\" data-orig-size=\"1080,576\" data-comments-opened=\"0\" data-image-meta=\"{&quot;aperture&quot;:&quot;0&quot;,&quot;credit&quot;:&quot;&quot;,&quot;camera&quot;:&quot;&quot;,&quot;caption&quot;:&quot;&quot;,&quot;created_timestamp&quot;:&quot;0&quot;,&quot;copyright&quot;:&quot;&quot;,&quot;focal_length&quot;:&quot;0&quot;,&quot;iso&quot;:&quot;0&quot;,&quot;shutter_speed&quot;:&quot;0&quot;,&quot;title&quot;:&quot;&quot;,&quot;orientation&quot;:&quot;0&quot;}\" data-image-title=\"WhatsApp-Image-2022-02-04-at-15.53.17\" data-image-description=\"\" data-image-caption=\"\" data-medium-file=\"https:\/\/cira.unan.edu.ni\/wp-content\/uploads\/2024\/07\/WhatsApp-Image-2022-02-04-at-15.53.17-300x160.jpeg\" data-large-file=\"https:\/\/cira.unan.edu.ni\/wp-content\/uploads\/2024\/07\/WhatsApp-Image-2022-02-04-at-15.53.17-1024x546.jpeg\" class=\"size-full wp-image-16740 aligncenter\" src=\"https:\/\/cira.unan.edu.ni\/wp-content\/uploads\/2024\/07\/WhatsApp-Image-2022-02-04-at-15.53.17.jpeg\" alt=\"\" width=\"1080\" height=\"576\" srcset=\"https:\/\/cira.unan.edu.ni\/wp-content\/uploads\/2024\/07\/WhatsApp-Image-2022-02-04-at-15.53.17.jpeg 1080w, https:\/\/cira.unan.edu.ni\/wp-content\/uploads\/2024\/07\/WhatsApp-Image-2022-02-04-at-15.53.17-300x160.jpeg 300w, https:\/\/cira.unan.edu.ni\/wp-content\/uploads\/2024\/07\/WhatsApp-Image-2022-02-04-at-15.53.17-1024x546.jpeg 1024w, https:\/\/cira.unan.edu.ni\/wp-content\/uploads\/2024\/07\/WhatsApp-Image-2022-02-04-at-15.53.17-768x410.jpeg 768w\" sizes=\"(max-width: 1080px) 100vw, 1080px\" \/><\/p>\n<p>A la fecha, en esta carrera de posgrado se han formado setenta y un estudiantes, cincuenta y siete nacionales y quince extranjeros, quienes han potenciado y adquirido competencias para ejercer como investigadores, consultores h\u00eddricos, as\u00ed como administradores y gestores en este sector. La maestr\u00eda prioriza la investigaci\u00f3n aplicada a cuencas hidrogr\u00e1ficas espec\u00edficas y en cooperaci\u00f3n con comunidades, preparando mejor al estudiante para su trabajo futuro en municipios e instituciones involucradas en la gesti\u00f3n integrada de los recursos h\u00eddricos.<\/p>\n<p>Este programa ha facilitado la formaci\u00f3n de profesionales que laboran en instituciones de los pa\u00edses participantes encargadas de gestionar acciones en favor del cuido y protecci\u00f3n de los recursos naturales. Asimismo, profesionales del CIRA UNAN-Managua han logrado el fortalecimiento de sus capacidades; el licenciado Mariano Guerrero S\u00e1enz, especialista en an\u00e1lisis de laboratorio, refiere que formar parte de este programa fue determinante para su crecimiento profesional, cada curso ampli\u00f3 su visi\u00f3n sobre la din\u00e1mica de los recursos h\u00eddricos y la importancia de su buena gesti\u00f3n, \u00abpas\u00e9 de tener una visi\u00f3n un poco limitada a entender el amplio campo de las ciencias ambientales y principalmente de la calidad del agua, que es el factor determinante para el desarrollo de las comunidades\u00bb.<\/p>\n<p><img decoding=\"async\" data-attachment-id=\"16741\" data-permalink=\"https:\/\/cira.unan.edu.ni\/index.php\/cira-unan-managua-23-anos-formando-profesionales-en-el-area-de-los-recursos-hidricos\/img-20201009-wa0019\/\" data-orig-file=\"https:\/\/cira.unan.edu.ni\/wp-content\/uploads\/2024\/07\/IMG-20201009-WA0019.jpg\" data-orig-size=\"1080,576\" data-comments-opened=\"0\" data-image-meta=\"{&quot;aperture&quot;:&quot;0&quot;,&quot;credit&quot;:&quot;&quot;,&quot;camera&quot;:&quot;&quot;,&quot;caption&quot;:&quot;&quot;,&quot;created_timestamp&quot;:&quot;0&quot;,&quot;copyright&quot;:&quot;&quot;,&quot;focal_length&quot;:&quot;0&quot;,&quot;iso&quot;:&quot;0&quot;,&quot;shutter_speed&quot;:&quot;0&quot;,&quot;title&quot;:&quot;&quot;,&quot;orientation&quot;:&quot;0&quot;}\" data-image-title=\"IMG-20201009-WA0019\" data-image-description=\"\" data-image-caption=\"\" data-medium-file=\"https:\/\/cira.unan.edu.ni\/wp-content\/uploads\/2024\/07\/IMG-20201009-WA0019-300x160.jpg\" data-large-file=\"https:\/\/cira.unan.edu.ni\/wp-content\/uploads\/2024\/07\/IMG-20201009-WA0019-1024x546.jpg\" class=\"size-full wp-image-16741 aligncenter\" src=\"https:\/\/cira.unan.edu.ni\/wp-content\/uploads\/2024\/07\/IMG-20201009-WA0019.jpg\" alt=\"\" width=\"1080\" height=\"576\" srcset=\"https:\/\/cira.unan.edu.ni\/wp-content\/uploads\/2024\/07\/IMG-20201009-WA0019.jpg 1080w, https:\/\/cira.unan.edu.ni\/wp-content\/uploads\/2024\/07\/IMG-20201009-WA0019-300x160.jpg 300w, https:\/\/cira.unan.edu.ni\/wp-content\/uploads\/2024\/07\/IMG-20201009-WA0019-1024x546.jpg 1024w, https:\/\/cira.unan.edu.ni\/wp-content\/uploads\/2024\/07\/IMG-20201009-WA0019-768x410.jpg 768w\" sizes=\"(max-width: 1080px) 100vw, 1080px\" \/><\/p>\n<p>Actualmente, al igual que Guerrero, maestrandos se encuentran en proceso de culminaci\u00f3n de estudios. En el caso particular del especialista en an\u00e1lisis, su tesis la est\u00e1 desarrollando en El Chocoyero, un \u00e1rea importante para la recarga del acu\u00edfero Las Sierras, que es la principal fuente de abastecimiento de la capital y sus alrededores. Su tema se centra en analizar la din\u00e1mica y la capacidad que tiene la cuenca para que se d\u00e9 la recarga, de esa manera se podr\u00e1 entender su comportamiento y, por consiguiente, recomendar acciones para una buena gesti\u00f3n del recurso h\u00eddrico y el cuido de la cuenca.<\/p>\n<p>Para el CIRA UNAN-Managua formar profesionales que aporten a la gesti\u00f3n integrada de los recursos h\u00eddricos y al bienestar de la poblaci\u00f3n nacional y centroamericana ha sido satisfactorio, pues, adem\u00e1s de consolidar competencias, los maestrandos deben realizar trabajos investigativos dirigidos a enfrentar desaf\u00edos de agua en las comunidades y contribuir a un Plan de Manejo de Cuencas en el Contexto de los Recursos H\u00eddricos nacionales y regionales.<\/p>\n<div class=\"tiled-gallery type-rectangular tiled-gallery-unresized\" data-original-width=\"500\" data-carousel-extra='{&quot;blog_id&quot;:1,&quot;permalink&quot;:&quot;https:\\\/\\\/cira.unan.edu.ni\\\/index.php\\\/cira-unan-managua-23-anos-formando-profesionales-en-el-area-de-los-recursos-hidricos\\\/&quot;,&quot;likes_blog_id&quot;:163985380}' itemscope itemtype=\"http:\/\/schema.org\/ImageGallery\" > <div class=\"gallery-row\" style=\"width: 500px; height: 135px;\" data-original-width=\"500\" data-original-height=\"135\" > <div class=\"gallery-group images-1\" style=\"width: 250px; height: 135px;\" data-original-width=\"250\" data-original-height=\"135\" > <div class=\"tiled-gallery-item tiled-gallery-item-small\" itemprop=\"associatedMedia\" itemscope itemtype=\"http:\/\/schema.org\/ImageObject\"> <a href=\"https:\/\/cira.unan.edu.ni\/index.php\/cira-unan-managua-23-anos-formando-profesionales-en-el-area-de-los-recursos-hidricos\/dsc00897\/\" border=\"0\" itemprop=\"url\"> <meta itemprop=\"width\" content=\"246\"> <meta itemprop=\"height\" content=\"131\"> <img loading=\"lazy\" decoding=\"async\" class=\"\" data-attachment-id=\"16743\" data-orig-file=\"https:\/\/cira.unan.edu.ni\/wp-content\/uploads\/2024\/07\/DSC00897.jpg\" data-orig-size=\"1080,576\" data-comments-opened=\"\" data-image-meta=\"{&quot;aperture&quot;:&quot;0&quot;,&quot;credit&quot;:&quot;&quot;,&quot;camera&quot;:&quot;&quot;,&quot;caption&quot;:&quot;&quot;,&quot;created_timestamp&quot;:&quot;0&quot;,&quot;copyright&quot;:&quot;&quot;,&quot;focal_length&quot;:&quot;0&quot;,&quot;iso&quot;:&quot;0&quot;,&quot;shutter_speed&quot;:&quot;0&quot;,&quot;title&quot;:&quot;&quot;,&quot;orientation&quot;:&quot;0&quot;}\" data-image-title=\"DSC00897\" data-image-description=\"\" data-medium-file=\"https:\/\/cira.unan.edu.ni\/wp-content\/uploads\/2024\/07\/DSC00897-300x160.jpg\" data-large-file=\"https:\/\/cira.unan.edu.ni\/wp-content\/uploads\/2024\/07\/DSC00897-1024x546.jpg\" src=\"https:\/\/i0.wp.com\/cira.unan.edu.ni\/wp-content\/uploads\/2024\/07\/DSC00897.jpg?w=246&#038;h=131&#038;ssl=1\" srcset=\"https:\/\/cira.unan.edu.ni\/wp-content\/uploads\/2024\/07\/DSC00897.jpg 1080w, https:\/\/cira.unan.edu.ni\/wp-content\/uploads\/2024\/07\/DSC00897-300x160.jpg 300w, https:\/\/cira.unan.edu.ni\/wp-content\/uploads\/2024\/07\/DSC00897-1024x546.jpg 1024w, https:\/\/cira.unan.edu.ni\/wp-content\/uploads\/2024\/07\/DSC00897-768x410.jpg 768w\" width=\"246\" height=\"131\" loading=\"lazy\" data-original-width=\"246\" data-original-height=\"131\" itemprop=\"http:\/\/schema.org\/image\" title=\"DSC00897\" alt=\"DSC00897\" style=\"width: 246px; height: 131px;\" \/> <\/a> <\/div> <\/div> <!-- close group --> <div class=\"gallery-group images-1\" style=\"width: 250px; height: 135px;\" data-original-width=\"250\" data-original-height=\"135\" > <div class=\"tiled-gallery-item tiled-gallery-item-small\" itemprop=\"associatedMedia\" itemscope itemtype=\"http:\/\/schema.org\/ImageObject\"> <a href=\"https:\/\/cira.unan.edu.ni\/index.php\/cira-unan-managua-23-anos-formando-profesionales-en-el-area-de-los-recursos-hidricos\/onil-microscopio-1\/\" border=\"0\" itemprop=\"url\"> <meta itemprop=\"width\" content=\"246\"> <meta itemprop=\"height\" content=\"131\"> <img loading=\"lazy\" decoding=\"async\" class=\"\" data-attachment-id=\"16742\" data-orig-file=\"https:\/\/cira.unan.edu.ni\/wp-content\/uploads\/2024\/07\/Onil-microscopio-1.jpg\" data-orig-size=\"1080,576\" data-comments-opened=\"\" data-image-meta=\"{&quot;aperture&quot;:&quot;0&quot;,&quot;credit&quot;:&quot;&quot;,&quot;camera&quot;:&quot;&quot;,&quot;caption&quot;:&quot;&quot;,&quot;created_timestamp&quot;:&quot;0&quot;,&quot;copyright&quot;:&quot;&quot;,&quot;focal_length&quot;:&quot;0&quot;,&quot;iso&quot;:&quot;0&quot;,&quot;shutter_speed&quot;:&quot;0&quot;,&quot;title&quot;:&quot;&quot;,&quot;orientation&quot;:&quot;0&quot;}\" data-image-title=\"Onil-microscopio-1\" data-image-description=\"\" data-medium-file=\"https:\/\/cira.unan.edu.ni\/wp-content\/uploads\/2024\/07\/Onil-microscopio-1-300x160.jpg\" data-large-file=\"https:\/\/cira.unan.edu.ni\/wp-content\/uploads\/2024\/07\/Onil-microscopio-1-1024x546.jpg\" src=\"https:\/\/i0.wp.com\/cira.unan.edu.ni\/wp-content\/uploads\/2024\/07\/Onil-microscopio-1.jpg?w=246&#038;h=131&#038;ssl=1\" srcset=\"https:\/\/cira.unan.edu.ni\/wp-content\/uploads\/2024\/07\/Onil-microscopio-1.jpg 1080w, https:\/\/cira.unan.edu.ni\/wp-content\/uploads\/2024\/07\/Onil-microscopio-1-300x160.jpg 300w, https:\/\/cira.unan.edu.ni\/wp-content\/uploads\/2024\/07\/Onil-microscopio-1-1024x546.jpg 1024w, https:\/\/cira.unan.edu.ni\/wp-content\/uploads\/2024\/07\/Onil-microscopio-1-768x410.jpg 768w\" width=\"246\" height=\"131\" loading=\"lazy\" data-original-width=\"246\" data-original-height=\"131\" itemprop=\"http:\/\/schema.org\/image\" title=\"Onil-microscopio-1\" alt=\"Onil-microscopio-1\" style=\"width: 246px; height: 131px;\" \/> <\/a> <\/div> <\/div> <!-- close group --> <\/div> <!-- close row --> <\/div>\n<p style=\"text-align: right;\"><a href=\"https:\/\/www.unan.edu.ni\/index.php\/author\/dci\" target=\"_blank\" rel=\"noopener\"><span class=\"elementor-icon-list-text elementor-post-info__item elementor-post-info__item--type-author\">Direcci\u00f3n de Comunicaci\u00f3n Institucional<\/span><\/a><\/p>\n<p style=\"text-align: right;\"><a href=\"https:\/\/www.unan.edu.ni\/index.php\/reportajes\/cira-unan-managua-23-anos-formando-profesionales-en-el-area-de-los-recursos-hidricos.odp\" target=\"_blank\" rel=\"noopener\">UNAN-Managua<\/a><\/p>\n","protected":false},"excerpt":{"rendered":"<p>Julio 4, 2024 Como una forma de dar respuesta a la necesidad de formar profesionales en el \u00e1mbito de los recursos h\u00eddricos, con los est\u00e1ndares acad\u00e9micos de calidad que combinen el curr\u00edculo de la hidrogeolog\u00eda moderna y los contextos de las necesidades espec\u00edficas de cada pa\u00eds nace en el 2001 el programa de maestr\u00eda en Ciencias del Agua (MCA) como una estrategia para el fortalecimiento de las universidades en la regi\u00f3n centroamericana. En sus primeros ciclos, cont\u00f3 con financiamiento a trav\u00e9s de dos proyectos ejecutados con el apoyo del gobierno canadiense, por medio de la Agencia Canadiense de Cooperaci\u00f3n Internacional (ACDI-CIDA). En las dos primeras cohortes, el programa se denomin\u00f3 Maestr\u00eda en Ciencias del Agua y se form\u00f3 \u00fanicamente a estudiantes nacionales. Al ser acreditada ante el Sistema Regional de Investigaci\u00f3n y Posgrado (SICAR) del Consejo Superior Universitario Centroamericano\u202f(CSUCA), en el 2008, cambia su nombre a Maestr\u00eda Regional Centroamericana en Ciencias del Agua con \u00e9nfasis en Calidad del Agua y se recibe al primer estudiante procedente de Guatemala. En 2011, la maestr\u00eda fue admitida en el Programa Regional del Servicio Alem\u00e1n de Intercambio (DAAD, por sus siglas en alem\u00e1n), logro que posibilit\u00f3 el recibimiento de estudiantes de Centroam\u00e9rica y Rep\u00fablica Dominicana, becados por este organismo. En el 2012, los primeros becarios del DAAD iniciaron su proceso formativo, desde la cuarta a la octava cohorte (2012-2023). La MCA se enmarca en el contexto nacional y regional centroamericano, en donde la gesti\u00f3n efectiva y sostenible de sus recursos acu\u00e1ticos es un componente importante de la econom\u00eda y de los proyectos globales de desarrollo de los pa\u00edses. De acuerdo con la m\u00e1ster Valeria Delgado Quezada, coordinadora, la investigaci\u00f3n de los recursos h\u00eddricos es un elemento fundamental para mejorar y mantener la calidad de vida de la sociedad, en un ambiente protegido espec\u00edficamente con el objetivo de facilitar un manejo de estos recursos que aseguran la adecuada cantidad y calidad del agua para consumo humano. A la fecha, en esta carrera de posgrado se han formado setenta y un estudiantes, cincuenta y siete nacionales y quince extranjeros, quienes han potenciado y adquirido competencias para ejercer como investigadores, consultores h\u00eddricos, as\u00ed como administradores y gestores en este sector. La maestr\u00eda prioriza la investigaci\u00f3n aplicada a cuencas hidrogr\u00e1ficas espec\u00edficas y en cooperaci\u00f3n con comunidades, preparando mejor al estudiante para su trabajo futuro en municipios e instituciones involucradas en la gesti\u00f3n integrada de los recursos h\u00eddricos. Este programa ha facilitado la formaci\u00f3n de profesionales que laboran en instituciones de los pa\u00edses participantes encargadas de gestionar acciones en favor del cuido y protecci\u00f3n de los recursos naturales. Asimismo, profesionales del CIRA UNAN-Managua han logrado el fortalecimiento de sus capacidades; el licenciado Mariano Guerrero S\u00e1enz, especialista en an\u00e1lisis de laboratorio, refiere que formar parte de este programa fue determinante para su crecimiento profesional, cada curso ampli\u00f3 su visi\u00f3n sobre la din\u00e1mica de los recursos h\u00eddricos y la importancia de su buena gesti\u00f3n, \u00abpas\u00e9 de tener una visi\u00f3n un poco limitada a entender el amplio campo de las ciencias ambientales y principalmente de la calidad del agua, que es el factor determinante para el desarrollo de las comunidades\u00bb. Actualmente, al igual que Guerrero, maestrandos se encuentran en proceso de culminaci\u00f3n de estudios. En el caso particular del especialista en an\u00e1lisis, su tesis la est\u00e1 desarrollando en El Chocoyero, un \u00e1rea importante para la recarga del acu\u00edfero Las Sierras, que es la principal fuente de abastecimiento de la capital y sus alrededores. Su tema se centra en analizar la din\u00e1mica y la capacidad que tiene la cuenca para que se d\u00e9 la recarga, de esa manera se podr\u00e1 entender su comportamiento y, por consiguiente, recomendar acciones para una buena gesti\u00f3n del recurso h\u00eddrico y el cuido de la cuenca. Para el CIRA UNAN-Managua formar profesionales que aporten a la gesti\u00f3n integrada de los recursos h\u00eddricos y al bienestar de la poblaci\u00f3n nacional y centroamericana ha sido satisfactorio, pues, adem\u00e1s de consolidar competencias, los maestrandos deben realizar trabajos investigativos dirigidos a enfrentar desaf\u00edos de agua en las comunidades y contribuir a un Plan de Manejo de Cuencas en el Contexto de los Recursos H\u00eddricos nacionales y regionales. Direcci\u00f3n de Comunicaci\u00f3n Institucional UNAN-Managua<\/p>\n","protected":false},"author":1,"featured_media":16739,"comment_status":"closed","ping_status":"closed","sticky":false,"template":"","format":"standard","meta":{"site-sidebar-layout":"default","site-content-layout":"","ast-site-content-layout":"default","site-content-style":"default","site-sidebar-style":"default","ast-global-header-display":"","ast-banner-title-visibility":"","ast-main-header-display":"","ast-hfb-above-header-display":"","ast-hfb-below-header-display":"","ast-hfb-mobile-header-display":"","site-post-title":"","ast-breadcrumbs-content":"","ast-featured-img":"","footer-sml-layout":"","ast-disable-related-posts":"","theme-transparent-header-meta":"default","adv-header-id-meta":"","stick-header-meta":"","header-above-stick-meta":"","header-main-stick-meta":"","header-below-stick-meta":"","astra-migrate-meta-layouts":"set","ast-page-background-enabled":"default","ast-page-background-meta":{"desktop":{"background-color":"","background-image":"","background-repeat":"repeat","background-position":"center center","background-size":"auto","background-attachment":"scroll","background-type":"","background-media":"","overlay-type":"","overlay-color":"","overlay-opacity":"","overlay-gradient":""},"tablet":{"background-color":"","background-image":"","background-repeat":"repeat","background-position":"center center","background-size":"auto","background-attachment":"scroll","background-type":"","background-media":"","overlay-type":"","overlay-color":"","overlay-opacity":"","overlay-gradient":""},"mobile":{"background-color":"","background-image":"","background-repeat":"repeat","background-position":"center center","background-size":"auto","background-attachment":"scroll","background-type":"","background-media":"","overlay-type":"","overlay-color":"","overlay-opacity":"","overlay-gradient":""}},"ast-content-background-meta":{"desktop":{"background-color":"var(--ast-global-color-5)","background-image":"","background-repeat":"repeat","background-position":"center center","background-size":"auto","background-attachment":"scroll","background-type":"","background-media":"","overlay-type":"","overlay-color":"","overlay-opacity":"","overlay-gradient":""},"tablet":{"background-color":"var(--ast-global-color-5)","background-image":"","background-repeat":"repeat","background-position":"center center","background-size":"auto","background-attachment":"scroll","background-type":"","background-media":"","overlay-type":"","overlay-color":"","overlay-opacity":"","overlay-gradient":""},"mobile":{"background-color":"var(--ast-global-color-5)","background-image":"","background-repeat":"repeat","background-position":"center center","background-size":"auto","background-attachment":"scroll","background-type":"","background-media":"","overlay-type":"","overlay-color":"","overlay-opacity":"","overlay-gradient":""}},"ngg_post_thumbnail":0,"_jetpack_memberships_contains_paid_content":false,"footnotes":"","jetpack_publicize_message":"","jetpack_publicize_feature_enabled":true,"jetpack_social_post_already_shared":true,"jetpack_social_options":{"image_generator_settings":{"template":"highway","default_image_id":0,"font":"","enabled":false},"version":2}},"categories":[213],"tags":[],"class_list":["post-16737","post","type-post","status-publish","format-standard","has-post-thumbnail","hentry","category-reportajes"],"yoast_head":"<!-- This site is optimized with the Yoast SEO plugin v27.2 - https:\/\/yoast.com\/product\/yoast-seo-wordpress\/ -->\n<title>CIRA UNAN-Managua, 23 a\u00f1os formando profesionales en el \u00e1rea de los recursos h\u00eddricos - UNAN-Managua\/CIRA<\/title>\n<meta name=\"robots\" content=\"index, follow, max-snippet:-1, max-image-preview:large, max-video-preview:-1\" \/>\n<link rel=\"canonical\" href=\"https:\/\/cira.unan.edu.ni\/index.php\/cira-unan-managua-23-anos-formando-profesionales-en-el-area-de-los-recursos-hidricos\/\" \/>\n<meta property=\"og:locale\" content=\"es_ES\" \/>\n<meta property=\"og:type\" content=\"article\" \/>\n<meta property=\"og:title\" content=\"CIRA UNAN-Managua, 23 a\u00f1os formando profesionales en el \u00e1rea de los recursos h\u00eddricos - UNAN-Managua\/CIRA\" \/>\n<meta property=\"og:description\" content=\"Julio 4, 2024 Como una forma de dar respuesta a la necesidad de formar profesionales en el \u00e1mbito de los recursos h\u00eddricos, con los est\u00e1ndares acad\u00e9micos de calidad que combinen el curr\u00edculo de la hidrogeolog\u00eda moderna y los contextos de las necesidades espec\u00edficas de cada pa\u00eds nace en el 2001 el programa de maestr\u00eda en Ciencias del Agua (MCA) como una estrategia para el fortalecimiento de las universidades en la regi\u00f3n centroamericana. En sus primeros ciclos, cont\u00f3 con financiamiento a trav\u00e9s de dos proyectos ejecutados con el apoyo del gobierno canadiense, por medio de la Agencia Canadiense de Cooperaci\u00f3n Internacional (ACDI-CIDA). En las dos primeras cohortes, el programa se denomin\u00f3 Maestr\u00eda en Ciencias del Agua y se form\u00f3 \u00fanicamente a estudiantes nacionales. Al ser acreditada ante el Sistema Regional de Investigaci\u00f3n y Posgrado (SICAR) del Consejo Superior Universitario Centroamericano\u202f(CSUCA), en el 2008, cambia su nombre a Maestr\u00eda Regional Centroamericana en Ciencias del Agua con \u00e9nfasis en Calidad del Agua y se recibe al primer estudiante procedente de Guatemala. En 2011, la maestr\u00eda fue admitida en el Programa Regional del Servicio Alem\u00e1n de Intercambio (DAAD, por sus siglas en alem\u00e1n), logro que posibilit\u00f3 el recibimiento de estudiantes de Centroam\u00e9rica y Rep\u00fablica Dominicana, becados por este organismo. En el 2012, los primeros becarios del DAAD iniciaron su proceso formativo, desde la cuarta a la octava cohorte (2012-2023). La MCA se enmarca en el contexto nacional y regional centroamericano, en donde la gesti\u00f3n efectiva y sostenible de sus recursos acu\u00e1ticos es un componente importante de la econom\u00eda y de los proyectos globales de desarrollo de los pa\u00edses. De acuerdo con la m\u00e1ster Valeria Delgado Quezada, coordinadora, la investigaci\u00f3n de los recursos h\u00eddricos es un elemento fundamental para mejorar y mantener la calidad de vida de la sociedad, en un ambiente protegido espec\u00edficamente con el objetivo de facilitar un manejo de estos recursos que aseguran la adecuada cantidad y calidad del agua para consumo humano. A la fecha, en esta carrera de posgrado se han formado setenta y un estudiantes, cincuenta y siete nacionales y quince extranjeros, quienes han potenciado y adquirido competencias para ejercer como investigadores, consultores h\u00eddricos, as\u00ed como administradores y gestores en este sector. La maestr\u00eda prioriza la investigaci\u00f3n aplicada a cuencas hidrogr\u00e1ficas espec\u00edficas y en cooperaci\u00f3n con comunidades, preparando mejor al estudiante para su trabajo futuro en municipios e instituciones involucradas en la gesti\u00f3n integrada de los recursos h\u00eddricos. Este programa ha facilitado la formaci\u00f3n de profesionales que laboran en instituciones de los pa\u00edses participantes encargadas de gestionar acciones en favor del cuido y protecci\u00f3n de los recursos naturales. Asimismo, profesionales del CIRA UNAN-Managua han logrado el fortalecimiento de sus capacidades; el licenciado Mariano Guerrero S\u00e1enz, especialista en an\u00e1lisis de laboratorio, refiere que formar parte de este programa fue determinante para su crecimiento profesional, cada curso ampli\u00f3 su visi\u00f3n sobre la din\u00e1mica de los recursos h\u00eddricos y la importancia de su buena gesti\u00f3n, \u00abpas\u00e9 de tener una visi\u00f3n un poco limitada a entender el amplio campo de las ciencias ambientales y principalmente de la calidad del agua, que es el factor determinante para el desarrollo de las comunidades\u00bb. Actualmente, al igual que Guerrero, maestrandos se encuentran en proceso de culminaci\u00f3n de estudios. En el caso particular del especialista en an\u00e1lisis, su tesis la est\u00e1 desarrollando en El Chocoyero, un \u00e1rea importante para la recarga del acu\u00edfero Las Sierras, que es la principal fuente de abastecimiento de la capital y sus alrededores. Su tema se centra en analizar la din\u00e1mica y la capacidad que tiene la cuenca para que se d\u00e9 la recarga, de esa manera se podr\u00e1 entender su comportamiento y, por consiguiente, recomendar acciones para una buena gesti\u00f3n del recurso h\u00eddrico y el cuido de la cuenca. Para el CIRA UNAN-Managua formar profesionales que aporten a la gesti\u00f3n integrada de los recursos h\u00eddricos y al bienestar de la poblaci\u00f3n nacional y centroamericana ha sido satisfactorio, pues, adem\u00e1s de consolidar competencias, los maestrandos deben realizar trabajos investigativos dirigidos a enfrentar desaf\u00edos de agua en las comunidades y contribuir a un Plan de Manejo de Cuencas en el Contexto de los Recursos H\u00eddricos nacionales y regionales. Direcci\u00f3n de Comunicaci\u00f3n Institucional UNAN-Managua\" \/>\n<meta property=\"og:url\" content=\"https:\/\/cira.unan.edu.ni\/index.php\/cira-unan-managua-23-anos-formando-profesionales-en-el-area-de-los-recursos-hidricos\/\" \/>\n<meta property=\"og:site_name\" content=\"UNAN-Managua\/CIRA\" \/>\n<meta property=\"article:publisher\" content=\"https:\/\/www.facebook.com\/Cira.Unan\/\" \/>\n<meta property=\"article:published_time\" content=\"2024-07-05T03:45:23+00:00\" \/>\n<meta property=\"article:modified_time\" content=\"2024-07-05T03:55:11+00:00\" \/>\n<meta property=\"og:image\" content=\"https:\/\/cira.unan.edu.ni\/wp-content\/uploads\/2024\/07\/WhatsApp-Image-2021-11-23-at-14.50.45.jpeg\" \/>\n\t<meta property=\"og:image:width\" content=\"1080\" \/>\n\t<meta property=\"og:image:height\" content=\"576\" \/>\n\t<meta property=\"og:image:type\" content=\"image\/jpeg\" \/>\n<meta name=\"author\" content=\"admin-cira\" \/>\n<meta name=\"twitter:card\" content=\"summary_large_image\" \/>\n<meta name=\"twitter:creator\" content=\"@CiraUnan\" \/>\n<meta name=\"twitter:site\" content=\"@CiraUnan\" \/>\n<meta name=\"twitter:label1\" content=\"Escrito por\" \/>\n\t<meta name=\"twitter:data1\" content=\"\" \/>\n\t<meta name=\"twitter:label2\" content=\"Tiempo de lectura\" \/>\n\t<meta name=\"twitter:data2\" content=\"4 minutos\" \/>\n<script type=\"application\/ld+json\" class=\"yoast-schema-graph\">{\"@context\":\"https:\/\/schema.org\",\"@graph\":[{\"@type\":\"Article\",\"@id\":\"https:\/\/cira.unan.edu.ni\/index.php\/cira-unan-managua-23-anos-formando-profesionales-en-el-area-de-los-recursos-hidricos\/#article\",\"isPartOf\":{\"@id\":\"https:\/\/cira.unan.edu.ni\/index.php\/cira-unan-managua-23-anos-formando-profesionales-en-el-area-de-los-recursos-hidricos\/\"},\"author\":{\"name\":\"admin-cira\",\"@id\":\"https:\/\/cira.unan.edu.ni\/#\/schema\/person\/ea471033ecfbf0f1297140bb71bc2661\"},\"headline\":\"CIRA UNAN-Managua, 23 a\u00f1os formando profesionales en el \u00e1rea de los recursos h\u00eddricos\",\"datePublished\":\"2024-07-05T03:45:23+00:00\",\"dateModified\":\"2024-07-05T03:55:11+00:00\",\"mainEntityOfPage\":{\"@id\":\"https:\/\/cira.unan.edu.ni\/index.php\/cira-unan-managua-23-anos-formando-profesionales-en-el-area-de-los-recursos-hidricos\/\"},\"wordCount\":765,\"publisher\":{\"@id\":\"https:\/\/cira.unan.edu.ni\/#organization\"},\"image\":{\"@id\":\"https:\/\/cira.unan.edu.ni\/index.php\/cira-unan-managua-23-anos-formando-profesionales-en-el-area-de-los-recursos-hidricos\/#primaryimage\"},\"thumbnailUrl\":\"https:\/\/cira.unan.edu.ni\/wp-content\/uploads\/2024\/07\/WhatsApp-Image-2021-11-23-at-14.50.45.jpeg\",\"articleSection\":[\"Reportajes\"],\"inLanguage\":\"es\"},{\"@type\":\"WebPage\",\"@id\":\"https:\/\/cira.unan.edu.ni\/index.php\/cira-unan-managua-23-anos-formando-profesionales-en-el-area-de-los-recursos-hidricos\/\",\"url\":\"https:\/\/cira.unan.edu.ni\/index.php\/cira-unan-managua-23-anos-formando-profesionales-en-el-area-de-los-recursos-hidricos\/\",\"name\":\"CIRA UNAN-Managua, 23 a\u00f1os formando profesionales en el \u00e1rea de los recursos h\u00eddricos - UNAN-Managua\/CIRA\",\"isPartOf\":{\"@id\":\"https:\/\/cira.unan.edu.ni\/#website\"},\"primaryImageOfPage\":{\"@id\":\"https:\/\/cira.unan.edu.ni\/index.php\/cira-unan-managua-23-anos-formando-profesionales-en-el-area-de-los-recursos-hidricos\/#primaryimage\"},\"image\":{\"@id\":\"https:\/\/cira.unan.edu.ni\/index.php\/cira-unan-managua-23-anos-formando-profesionales-en-el-area-de-los-recursos-hidricos\/#primaryimage\"},\"thumbnailUrl\":\"https:\/\/cira.unan.edu.ni\/wp-content\/uploads\/2024\/07\/WhatsApp-Image-2021-11-23-at-14.50.45.jpeg\",\"datePublished\":\"2024-07-05T03:45:23+00:00\",\"dateModified\":\"2024-07-05T03:55:11+00:00\",\"breadcrumb\":{\"@id\":\"https:\/\/cira.unan.edu.ni\/index.php\/cira-unan-managua-23-anos-formando-profesionales-en-el-area-de-los-recursos-hidricos\/#breadcrumb\"},\"inLanguage\":\"es\",\"potentialAction\":[{\"@type\":\"ReadAction\",\"target\":[\"https:\/\/cira.unan.edu.ni\/index.php\/cira-unan-managua-23-anos-formando-profesionales-en-el-area-de-los-recursos-hidricos\/\"]}]},{\"@type\":\"ImageObject\",\"inLanguage\":\"es\",\"@id\":\"https:\/\/cira.unan.edu.ni\/index.php\/cira-unan-managua-23-anos-formando-profesionales-en-el-area-de-los-recursos-hidricos\/#primaryimage\",\"url\":\"https:\/\/cira.unan.edu.ni\/wp-content\/uploads\/2024\/07\/WhatsApp-Image-2021-11-23-at-14.50.45.jpeg\",\"contentUrl\":\"https:\/\/cira.unan.edu.ni\/wp-content\/uploads\/2024\/07\/WhatsApp-Image-2021-11-23-at-14.50.45.jpeg\",\"width\":1080,\"height\":576},{\"@type\":\"BreadcrumbList\",\"@id\":\"https:\/\/cira.unan.edu.ni\/index.php\/cira-unan-managua-23-anos-formando-profesionales-en-el-area-de-los-recursos-hidricos\/#breadcrumb\",\"itemListElement\":[{\"@type\":\"ListItem\",\"position\":1,\"name\":\"Portada\",\"item\":\"https:\/\/cira.unan.edu.ni\/\"},{\"@type\":\"ListItem\",\"position\":2,\"name\":\"CIRA UNAN-Managua, 23 a\u00f1os formando profesionales en el \u00e1rea de los recursos h\u00eddricos\"}]},{\"@type\":\"WebSite\",\"@id\":\"https:\/\/cira.unan.edu.ni\/#website\",\"url\":\"https:\/\/cira.unan.edu.ni\/\",\"name\":\"CIRA\/UNAN-Managua\",\"description\":\"\",\"publisher\":{\"@id\":\"https:\/\/cira.unan.edu.ni\/#organization\"},\"potentialAction\":[{\"@type\":\"SearchAction\",\"target\":{\"@type\":\"EntryPoint\",\"urlTemplate\":\"https:\/\/cira.unan.edu.ni\/?s={search_term_string}\"},\"query-input\":{\"@type\":\"PropertyValueSpecification\",\"valueRequired\":true,\"valueName\":\"search_term_string\"}}],\"inLanguage\":\"es\"},{\"@type\":\"Organization\",\"@id\":\"https:\/\/cira.unan.edu.ni\/#organization\",\"name\":\"CIRA\/UNAN-Managua\",\"url\":\"https:\/\/cira.unan.edu.ni\/\",\"logo\":{\"@type\":\"ImageObject\",\"inLanguage\":\"es\",\"@id\":\"https:\/\/cira.unan.edu.ni\/#\/schema\/logo\/image\/\",\"url\":\"https:\/\/cira.unan.edu.ni\/wp-content\/uploads\/2018\/01\/logo_web_2018.fw_.png\",\"contentUrl\":\"https:\/\/cira.unan.edu.ni\/wp-content\/uploads\/2018\/01\/logo_web_2018.fw_.png\",\"width\":413,\"height\":88,\"caption\":\"CIRA\/UNAN-Managua\"},\"image\":{\"@id\":\"https:\/\/cira.unan.edu.ni\/#\/schema\/logo\/image\/\"},\"sameAs\":[\"https:\/\/www.facebook.com\/Cira.Unan\/\",\"https:\/\/x.com\/CiraUnan\",\"https:\/\/www.linkedin.com\/in\/cira-unan-managua-77058327\/\",\"https:\/\/www.youtube.com\/channel\/UCJ6caCqajBqeuhTqIPz5shg\"]},{\"@type\":\"Person\",\"@id\":\"https:\/\/cira.unan.edu.ni\/#\/schema\/person\/ea471033ecfbf0f1297140bb71bc2661\",\"name\":\"admin-cira\",\"image\":{\"@type\":\"ImageObject\",\"inLanguage\":\"es\",\"@id\":\"https:\/\/secure.gravatar.com\/avatar\/0760a9b63fc3293644d0450eb8175c0c7d9ddd41708cd3d9ab626d656a9a9876?s=96&d=mm&r=g\",\"url\":\"https:\/\/secure.gravatar.com\/avatar\/0760a9b63fc3293644d0450eb8175c0c7d9ddd41708cd3d9ab626d656a9a9876?s=96&d=mm&r=g\",\"contentUrl\":\"https:\/\/secure.gravatar.com\/avatar\/0760a9b63fc3293644d0450eb8175c0c7d9ddd41708cd3d9ab626d656a9a9876?s=96&d=mm&r=g\",\"caption\":\"admin-cira\"}}]}<\/script>\n<!-- \/ Yoast SEO plugin. -->","yoast_head_json":{"title":"CIRA UNAN-Managua, 23 a\u00f1os formando profesionales en el \u00e1rea de los recursos h\u00eddricos - UNAN-Managua\/CIRA","robots":{"index":"index","follow":"follow","max-snippet":"max-snippet:-1","max-image-preview":"max-image-preview:large","max-video-preview":"max-video-preview:-1"},"canonical":"https:\/\/cira.unan.edu.ni\/index.php\/cira-unan-managua-23-anos-formando-profesionales-en-el-area-de-los-recursos-hidricos\/","og_locale":"es_ES","og_type":"article","og_title":"CIRA UNAN-Managua, 23 a\u00f1os formando profesionales en el \u00e1rea de los recursos h\u00eddricos - UNAN-Managua\/CIRA","og_description":"Julio 4, 2024 Como una forma de dar respuesta a la necesidad de formar profesionales en el \u00e1mbito de los recursos h\u00eddricos, con los est\u00e1ndares acad\u00e9micos de calidad que combinen el curr\u00edculo de la hidrogeolog\u00eda moderna y los contextos de las necesidades espec\u00edficas de cada pa\u00eds nace en el 2001 el programa de maestr\u00eda en Ciencias del Agua (MCA) como una estrategia para el fortalecimiento de las universidades en la regi\u00f3n centroamericana. En sus primeros ciclos, cont\u00f3 con financiamiento a trav\u00e9s de dos proyectos ejecutados con el apoyo del gobierno canadiense, por medio de la Agencia Canadiense de Cooperaci\u00f3n Internacional (ACDI-CIDA). En las dos primeras cohortes, el programa se denomin\u00f3 Maestr\u00eda en Ciencias del Agua y se form\u00f3 \u00fanicamente a estudiantes nacionales. Al ser acreditada ante el Sistema Regional de Investigaci\u00f3n y Posgrado (SICAR) del Consejo Superior Universitario Centroamericano\u202f(CSUCA), en el 2008, cambia su nombre a Maestr\u00eda Regional Centroamericana en Ciencias del Agua con \u00e9nfasis en Calidad del Agua y se recibe al primer estudiante procedente de Guatemala. En 2011, la maestr\u00eda fue admitida en el Programa Regional del Servicio Alem\u00e1n de Intercambio (DAAD, por sus siglas en alem\u00e1n), logro que posibilit\u00f3 el recibimiento de estudiantes de Centroam\u00e9rica y Rep\u00fablica Dominicana, becados por este organismo. En el 2012, los primeros becarios del DAAD iniciaron su proceso formativo, desde la cuarta a la octava cohorte (2012-2023). La MCA se enmarca en el contexto nacional y regional centroamericano, en donde la gesti\u00f3n efectiva y sostenible de sus recursos acu\u00e1ticos es un componente importante de la econom\u00eda y de los proyectos globales de desarrollo de los pa\u00edses. De acuerdo con la m\u00e1ster Valeria Delgado Quezada, coordinadora, la investigaci\u00f3n de los recursos h\u00eddricos es un elemento fundamental para mejorar y mantener la calidad de vida de la sociedad, en un ambiente protegido espec\u00edficamente con el objetivo de facilitar un manejo de estos recursos que aseguran la adecuada cantidad y calidad del agua para consumo humano. A la fecha, en esta carrera de posgrado se han formado setenta y un estudiantes, cincuenta y siete nacionales y quince extranjeros, quienes han potenciado y adquirido competencias para ejercer como investigadores, consultores h\u00eddricos, as\u00ed como administradores y gestores en este sector. La maestr\u00eda prioriza la investigaci\u00f3n aplicada a cuencas hidrogr\u00e1ficas espec\u00edficas y en cooperaci\u00f3n con comunidades, preparando mejor al estudiante para su trabajo futuro en municipios e instituciones involucradas en la gesti\u00f3n integrada de los recursos h\u00eddricos. Este programa ha facilitado la formaci\u00f3n de profesionales que laboran en instituciones de los pa\u00edses participantes encargadas de gestionar acciones en favor del cuido y protecci\u00f3n de los recursos naturales. Asimismo, profesionales del CIRA UNAN-Managua han logrado el fortalecimiento de sus capacidades; el licenciado Mariano Guerrero S\u00e1enz, especialista en an\u00e1lisis de laboratorio, refiere que formar parte de este programa fue determinante para su crecimiento profesional, cada curso ampli\u00f3 su visi\u00f3n sobre la din\u00e1mica de los recursos h\u00eddricos y la importancia de su buena gesti\u00f3n, \u00abpas\u00e9 de tener una visi\u00f3n un poco limitada a entender el amplio campo de las ciencias ambientales y principalmente de la calidad del agua, que es el factor determinante para el desarrollo de las comunidades\u00bb. Actualmente, al igual que Guerrero, maestrandos se encuentran en proceso de culminaci\u00f3n de estudios. En el caso particular del especialista en an\u00e1lisis, su tesis la est\u00e1 desarrollando en El Chocoyero, un \u00e1rea importante para la recarga del acu\u00edfero Las Sierras, que es la principal fuente de abastecimiento de la capital y sus alrededores. Su tema se centra en analizar la din\u00e1mica y la capacidad que tiene la cuenca para que se d\u00e9 la recarga, de esa manera se podr\u00e1 entender su comportamiento y, por consiguiente, recomendar acciones para una buena gesti\u00f3n del recurso h\u00eddrico y el cuido de la cuenca. Para el CIRA UNAN-Managua formar profesionales que aporten a la gesti\u00f3n integrada de los recursos h\u00eddricos y al bienestar de la poblaci\u00f3n nacional y centroamericana ha sido satisfactorio, pues, adem\u00e1s de consolidar competencias, los maestrandos deben realizar trabajos investigativos dirigidos a enfrentar desaf\u00edos de agua en las comunidades y contribuir a un Plan de Manejo de Cuencas en el Contexto de los Recursos H\u00eddricos nacionales y regionales. Direcci\u00f3n de Comunicaci\u00f3n Institucional UNAN-Managua","og_url":"https:\/\/cira.unan.edu.ni\/index.php\/cira-unan-managua-23-anos-formando-profesionales-en-el-area-de-los-recursos-hidricos\/","og_site_name":"UNAN-Managua\/CIRA","article_publisher":"https:\/\/www.facebook.com\/Cira.Unan\/","article_published_time":"2024-07-05T03:45:23+00:00","article_modified_time":"2024-07-05T03:55:11+00:00","og_image":[{"width":1080,"height":576,"url":"https:\/\/cira.unan.edu.ni\/wp-content\/uploads\/2024\/07\/WhatsApp-Image-2021-11-23-at-14.50.45.jpeg","type":"image\/jpeg"}],"author":"admin-cira","twitter_card":"summary_large_image","twitter_creator":"@CiraUnan","twitter_site":"@CiraUnan","twitter_misc":{"Escrito por":false,"Tiempo de lectura":"4 minutos"},"schema":{"@context":"https:\/\/schema.org","@graph":[{"@type":"Article","@id":"https:\/\/cira.unan.edu.ni\/index.php\/cira-unan-managua-23-anos-formando-profesionales-en-el-area-de-los-recursos-hidricos\/#article","isPartOf":{"@id":"https:\/\/cira.unan.edu.ni\/index.php\/cira-unan-managua-23-anos-formando-profesionales-en-el-area-de-los-recursos-hidricos\/"},"author":{"name":"admin-cira","@id":"https:\/\/cira.unan.edu.ni\/#\/schema\/person\/ea471033ecfbf0f1297140bb71bc2661"},"headline":"CIRA UNAN-Managua, 23 a\u00f1os formando profesionales en el \u00e1rea de los recursos h\u00eddricos","datePublished":"2024-07-05T03:45:23+00:00","dateModified":"2024-07-05T03:55:11+00:00","mainEntityOfPage":{"@id":"https:\/\/cira.unan.edu.ni\/index.php\/cira-unan-managua-23-anos-formando-profesionales-en-el-area-de-los-recursos-hidricos\/"},"wordCount":765,"publisher":{"@id":"https:\/\/cira.unan.edu.ni\/#organization"},"image":{"@id":"https:\/\/cira.unan.edu.ni\/index.php\/cira-unan-managua-23-anos-formando-profesionales-en-el-area-de-los-recursos-hidricos\/#primaryimage"},"thumbnailUrl":"https:\/\/cira.unan.edu.ni\/wp-content\/uploads\/2024\/07\/WhatsApp-Image-2021-11-23-at-14.50.45.jpeg","articleSection":["Reportajes"],"inLanguage":"es"},{"@type":"WebPage","@id":"https:\/\/cira.unan.edu.ni\/index.php\/cira-unan-managua-23-anos-formando-profesionales-en-el-area-de-los-recursos-hidricos\/","url":"https:\/\/cira.unan.edu.ni\/index.php\/cira-unan-managua-23-anos-formando-profesionales-en-el-area-de-los-recursos-hidricos\/","name":"CIRA UNAN-Managua, 23 a\u00f1os formando profesionales en el \u00e1rea de los recursos h\u00eddricos - UNAN-Managua\/CIRA","isPartOf":{"@id":"https:\/\/cira.unan.edu.ni\/#website"},"primaryImageOfPage":{"@id":"https:\/\/cira.unan.edu.ni\/index.php\/cira-unan-managua-23-anos-formando-profesionales-en-el-area-de-los-recursos-hidricos\/#primaryimage"},"image":{"@id":"https:\/\/cira.unan.edu.ni\/index.php\/cira-unan-managua-23-anos-formando-profesionales-en-el-area-de-los-recursos-hidricos\/#primaryimage"},"thumbnailUrl":"https:\/\/cira.unan.edu.ni\/wp-content\/uploads\/2024\/07\/WhatsApp-Image-2021-11-23-at-14.50.45.jpeg","datePublished":"2024-07-05T03:45:23+00:00","dateModified":"2024-07-05T03:55:11+00:00","breadcrumb":{"@id":"https:\/\/cira.unan.edu.ni\/index.php\/cira-unan-managua-23-anos-formando-profesionales-en-el-area-de-los-recursos-hidricos\/#breadcrumb"},"inLanguage":"es","potentialAction":[{"@type":"ReadAction","target":["https:\/\/cira.unan.edu.ni\/index.php\/cira-unan-managua-23-anos-formando-profesionales-en-el-area-de-los-recursos-hidricos\/"]}]},{"@type":"ImageObject","inLanguage":"es","@id":"https:\/\/cira.unan.edu.ni\/index.php\/cira-unan-managua-23-anos-formando-profesionales-en-el-area-de-los-recursos-hidricos\/#primaryimage","url":"https:\/\/cira.unan.edu.ni\/wp-content\/uploads\/2024\/07\/WhatsApp-Image-2021-11-23-at-14.50.45.jpeg","contentUrl":"https:\/\/cira.unan.edu.ni\/wp-content\/uploads\/2024\/07\/WhatsApp-Image-2021-11-23-at-14.50.45.jpeg","width":1080,"height":576},{"@type":"BreadcrumbList","@id":"https:\/\/cira.unan.edu.ni\/index.php\/cira-unan-managua-23-anos-formando-profesionales-en-el-area-de-los-recursos-hidricos\/#breadcrumb","itemListElement":[{"@type":"ListItem","position":1,"name":"Portada","item":"https:\/\/cira.unan.edu.ni\/"},{"@type":"ListItem","position":2,"name":"CIRA UNAN-Managua, 23 a\u00f1os formando profesionales en el \u00e1rea de los recursos h\u00eddricos"}]},{"@type":"WebSite","@id":"https:\/\/cira.unan.edu.ni\/#website","url":"https:\/\/cira.unan.edu.ni\/","name":"CIRA\/UNAN-Managua","description":"","publisher":{"@id":"https:\/\/cira.unan.edu.ni\/#organization"},"potentialAction":[{"@type":"SearchAction","target":{"@type":"EntryPoint","urlTemplate":"https:\/\/cira.unan.edu.ni\/?s={search_term_string}"},"query-input":{"@type":"PropertyValueSpecification","valueRequired":true,"valueName":"search_term_string"}}],"inLanguage":"es"},{"@type":"Organization","@id":"https:\/\/cira.unan.edu.ni\/#organization","name":"CIRA\/UNAN-Managua","url":"https:\/\/cira.unan.edu.ni\/","logo":{"@type":"ImageObject","inLanguage":"es","@id":"https:\/\/cira.unan.edu.ni\/#\/schema\/logo\/image\/","url":"https:\/\/cira.unan.edu.ni\/wp-content\/uploads\/2018\/01\/logo_web_2018.fw_.png","contentUrl":"https:\/\/cira.unan.edu.ni\/wp-content\/uploads\/2018\/01\/logo_web_2018.fw_.png","width":413,"height":88,"caption":"CIRA\/UNAN-Managua"},"image":{"@id":"https:\/\/cira.unan.edu.ni\/#\/schema\/logo\/image\/"},"sameAs":["https:\/\/www.facebook.com\/Cira.Unan\/","https:\/\/x.com\/CiraUnan","https:\/\/www.linkedin.com\/in\/cira-unan-managua-77058327\/","https:\/\/www.youtube.com\/channel\/UCJ6caCqajBqeuhTqIPz5shg"]},{"@type":"Person","@id":"https:\/\/cira.unan.edu.ni\/#\/schema\/person\/ea471033ecfbf0f1297140bb71bc2661","name":"admin-cira","image":{"@type":"ImageObject","inLanguage":"es","@id":"https:\/\/secure.gravatar.com\/avatar\/0760a9b63fc3293644d0450eb8175c0c7d9ddd41708cd3d9ab626d656a9a9876?s=96&d=mm&r=g","url":"https:\/\/secure.gravatar.com\/avatar\/0760a9b63fc3293644d0450eb8175c0c7d9ddd41708cd3d9ab626d656a9a9876?s=96&d=mm&r=g","contentUrl":"https:\/\/secure.gravatar.com\/avatar\/0760a9b63fc3293644d0450eb8175c0c7d9ddd41708cd3d9ab626d656a9a9876?s=96&d=mm&r=g","caption":"admin-cira"}}]}},"jetpack_publicize_connections":[],"jetpack_featured_media_url":"https:\/\/cira.unan.edu.ni\/wp-content\/uploads\/2024\/07\/WhatsApp-Image-2021-11-23-at-14.50.45.jpeg","jetpack_sharing_enabled":true,"_links":{"self":[{"href":"https:\/\/cira.unan.edu.ni\/index.php\/wp-json\/wp\/v2\/posts\/16737","targetHints":{"allow":["GET"]}}],"collection":[{"href":"https:\/\/cira.unan.edu.ni\/index.php\/wp-json\/wp\/v2\/posts"}],"about":[{"href":"https:\/\/cira.unan.edu.ni\/index.php\/wp-json\/wp\/v2\/types\/post"}],"author":[{"embeddable":true,"href":"https:\/\/cira.unan.edu.ni\/index.php\/wp-json\/wp\/v2\/users\/1"}],"replies":[{"embeddable":true,"href":"https:\/\/cira.unan.edu.ni\/index.php\/wp-json\/wp\/v2\/comments?post=16737"}],"version-history":[{"count":6,"href":"https:\/\/cira.unan.edu.ni\/index.php\/wp-json\/wp\/v2\/posts\/16737\/revisions"}],"predecessor-version":[{"id":16748,"href":"https:\/\/cira.unan.edu.ni\/index.php\/wp-json\/wp\/v2\/posts\/16737\/revisions\/16748"}],"wp:featuredmedia":[{"embeddable":true,"href":"https:\/\/cira.unan.edu.ni\/index.php\/wp-json\/wp\/v2\/media\/16739"}],"wp:attachment":[{"href":"https:\/\/cira.unan.edu.ni\/index.php\/wp-json\/wp\/v2\/media?parent=16737"}],"wp:term":[{"taxonomy":"category","embeddable":true,"href":"https:\/\/cira.unan.edu.ni\/index.php\/wp-json\/wp\/v2\/categories?post=16737"},{"taxonomy":"post_tag","embeddable":true,"href":"https:\/\/cira.unan.edu.ni\/index.php\/wp-json\/wp\/v2\/tags?post=16737"}],"curies":[{"name":"wp","href":"https:\/\/api.w.org\/{rel}","templated":true}]}}