{"id":16991,"date":"2024-10-14T18:20:10","date_gmt":"2024-10-15T00:20:10","guid":{"rendered":"https:\/\/cira.unan.edu.ni\/?p=16991"},"modified":"2024-10-14T18:20:10","modified_gmt":"2024-10-15T00:20:10","slug":"personal-de-unan-managua-cira-se-capacita-en-el-tema-de-regulacion-de-sustancias-quimicas","status":"publish","type":"post","link":"https:\/\/cira.unan.edu.ni\/index.php\/personal-de-unan-managua-cira-se-capacita-en-el-tema-de-regulacion-de-sustancias-quimicas\/","title":{"rendered":"Personal de UNAN-Managua\/CIRA se capacita en el tema de regulaci\u00f3n de sustancias qu\u00edmicas"},"content":{"rendered":"<p><strong>Octubre 11, 2024<\/strong><\/p>\n<p>Personal docente y administrativo del Centro para la Investigaci\u00f3n de Recursos Acu\u00e1ticos de la UNAN-Managua recibi\u00f3 una capacitaci\u00f3n sobre la Ley N \u00b0. 1069, Ley para la regulaci\u00f3n de sustancias qu\u00edmicas establecidas en la convenci\u00f3n sobre la prohibici\u00f3n del desarrollo, la producci\u00f3n, el almacenamiento y el empleo de armas qu\u00edmicas y sobre su destrucci\u00f3n, con la finalidad de apropiarse del contenido de la Ley, instrumentos de aplicaci\u00f3n, as\u00ed como conocer los riesgos y amenazas que suponen para la seguridad de la poblaci\u00f3n.&nbsp;&nbsp;<\/p>\n<p>La capacitaci\u00f3n fue facilitada por los compa\u00f1eros Aminta Diaz, Pedro L\u00f3pez y Carlos Navas, del Ministerio de Defensa (MIDEF), y Orlando Delgado, por la Comisi\u00f3n Nacional de Registro y Control de Sustancias T\u00f3xicas, quienes compartieron el objetivo, estructura y \u00e1mbito de aplicaci\u00f3n de la Ley, as\u00ed como entes reguladores y disposiciones sobre inspecciones, autorizaciones, infracciones y sanciones administrativas que establece.&nbsp;<\/p>\n<p><img fetchpriority=\"high\" decoding=\"async\" data-attachment-id=\"16992\" data-permalink=\"https:\/\/cira.unan.edu.ni\/index.php\/personal-de-unan-managua-cira-se-capacita-en-el-tema-de-regulacion-de-sustancias-quimicas\/img_8364\/\" data-orig-file=\"https:\/\/cira.unan.edu.ni\/wp-content\/uploads\/2024\/10\/IMG_8364.jpg\" data-orig-size=\"1080,576\" data-comments-opened=\"0\" data-image-meta=\"{&quot;aperture&quot;:&quot;0&quot;,&quot;credit&quot;:&quot;&quot;,&quot;camera&quot;:&quot;&quot;,&quot;caption&quot;:&quot;&quot;,&quot;created_timestamp&quot;:&quot;0&quot;,&quot;copyright&quot;:&quot;&quot;,&quot;focal_length&quot;:&quot;0&quot;,&quot;iso&quot;:&quot;0&quot;,&quot;shutter_speed&quot;:&quot;0&quot;,&quot;title&quot;:&quot;&quot;,&quot;orientation&quot;:&quot;0&quot;}\" data-image-title=\"IMG_8364\" data-image-description=\"\" data-image-caption=\"\" data-medium-file=\"https:\/\/cira.unan.edu.ni\/wp-content\/uploads\/2024\/10\/IMG_8364-300x160.jpg\" data-large-file=\"https:\/\/cira.unan.edu.ni\/wp-content\/uploads\/2024\/10\/IMG_8364-1024x546.jpg\" class=\"size-full wp-image-16992 aligncenter\" src=\"https:\/\/cira.unan.edu.ni\/wp-content\/uploads\/2024\/10\/IMG_8364.jpg\" alt=\"\" width=\"1080\" height=\"576\" srcset=\"https:\/\/cira.unan.edu.ni\/wp-content\/uploads\/2024\/10\/IMG_8364.jpg 1080w, https:\/\/cira.unan.edu.ni\/wp-content\/uploads\/2024\/10\/IMG_8364-300x160.jpg 300w, https:\/\/cira.unan.edu.ni\/wp-content\/uploads\/2024\/10\/IMG_8364-1024x546.jpg 1024w, https:\/\/cira.unan.edu.ni\/wp-content\/uploads\/2024\/10\/IMG_8364-768x410.jpg 768w\" sizes=\"(max-width: 1080px) 100vw, 1080px\" \/><\/p>\n<p>Diaz, asesora legal del MIDEF, refiri\u00f3 que gracias a las coordinaciones con el Consejo Nacional de Universidades (CNU) se realizan estos encuentros dirigidos a estudiantes y docentes de la UNAN-Managua. \u00abEstamos divulgando el marco nacional en materia de seguridad qu\u00edmica, que est\u00e1 constituido por convenios internacionales, leyes nacionales, reglamentos y manuales de aplicaci\u00f3n\u00bb.&nbsp; La compa\u00f1era Aminta&nbsp; sostuvo que, desde la aprobaci\u00f3n de la Ley, el Gobierno ha estado capacitando al personal para apoyar en la implementaci\u00f3n activa desde cada una de las quince instituciones que conforman el Sistema Nacional para el Control de Sustancias Qu\u00edmicas Reguladas por la Convenci\u00f3n para la Prohibici\u00f3n de las Armas Qu\u00edmicas (SINACAQ).&nbsp; &nbsp;&nbsp;<\/p>\n<p>De acuerdo con la expositora, los qu\u00edmicos que se utilizan en el d\u00eda a d\u00eda tienen alg\u00fan tipo de peligro, \u00absin embargo, cuando la voluntad del ser humano va m\u00e1s all\u00e1, se puede convertir en un arma; queremos generar conciencia que se pueden utilizar, pero que hay nuevos par\u00e1metros, est\u00e1ndares de controles, permisos y autorizaciones que se tienen que tramitar para que la qu\u00edmica sea utilizada con fines pac\u00edficos\u00bb, manifest\u00f3.<\/p>\n<p><img decoding=\"async\" data-attachment-id=\"16993\" data-permalink=\"https:\/\/cira.unan.edu.ni\/index.php\/personal-de-unan-managua-cira-se-capacita-en-el-tema-de-regulacion-de-sustancias-quimicas\/img_8424-1\/\" data-orig-file=\"https:\/\/cira.unan.edu.ni\/wp-content\/uploads\/2024\/10\/IMG_8424-1.jpg\" data-orig-size=\"1080,576\" data-comments-opened=\"0\" data-image-meta=\"{&quot;aperture&quot;:&quot;0&quot;,&quot;credit&quot;:&quot;&quot;,&quot;camera&quot;:&quot;&quot;,&quot;caption&quot;:&quot;&quot;,&quot;created_timestamp&quot;:&quot;0&quot;,&quot;copyright&quot;:&quot;&quot;,&quot;focal_length&quot;:&quot;0&quot;,&quot;iso&quot;:&quot;0&quot;,&quot;shutter_speed&quot;:&quot;0&quot;,&quot;title&quot;:&quot;&quot;,&quot;orientation&quot;:&quot;0&quot;}\" data-image-title=\"IMG_8424-1\" data-image-description=\"\" data-image-caption=\"\" data-medium-file=\"https:\/\/cira.unan.edu.ni\/wp-content\/uploads\/2024\/10\/IMG_8424-1-300x160.jpg\" data-large-file=\"https:\/\/cira.unan.edu.ni\/wp-content\/uploads\/2024\/10\/IMG_8424-1-1024x546.jpg\" class=\"size-full wp-image-16993 aligncenter\" src=\"https:\/\/cira.unan.edu.ni\/wp-content\/uploads\/2024\/10\/IMG_8424-1.jpg\" alt=\"\" width=\"1080\" height=\"576\" srcset=\"https:\/\/cira.unan.edu.ni\/wp-content\/uploads\/2024\/10\/IMG_8424-1.jpg 1080w, https:\/\/cira.unan.edu.ni\/wp-content\/uploads\/2024\/10\/IMG_8424-1-300x160.jpg 300w, https:\/\/cira.unan.edu.ni\/wp-content\/uploads\/2024\/10\/IMG_8424-1-1024x546.jpg 1024w, https:\/\/cira.unan.edu.ni\/wp-content\/uploads\/2024\/10\/IMG_8424-1-768x410.jpg 768w\" sizes=\"(max-width: 1080px) 100vw, 1080px\" \/><\/p>\n<p>Por su parte, Navas, inspector nacional, expres\u00f3 que en el marco de este trabajo un equipo conformado por varias instituciones como la Polic\u00eda Nacional, Direcci\u00f3n General de Bomberos, MINSA y la Procuradur\u00eda General de la Rep\u00fablica realizan inspecci\u00f3n a empresas que hacen uso de sustancias qu\u00edmicas reguladas por la convenci\u00f3n y la Ley 1069; \u00abhacemos inspecci\u00f3n a las instalaciones, almacenamiento de las sustancias, se brinda recomendaciones para que fortalezcan su seguridad y los instamos a solicitar las licencias cuando hacen uso de estas sustancias\u00bb, declar\u00f3.&nbsp;&nbsp;<\/p>\nngg_shortcode_0_placeholder\n<p style=\"text-align: right;\"><a href=\"https:\/\/www.unan.edu.ni\/index.php\/author\/dci\" target=\"_blank\" rel=\"noopener\">Direcci\u00f3n de Comunicaci\u00f3n Institucional<\/a><\/p>\n<p style=\"text-align: right;\"><a href=\"https:\/\/www.unan.edu.ni\/index.php\/notas-informativas\/personal-de-unan-managua-cira-se-capacita-en-el-tema-de-regulacion-de-sustancias-quimicas.odp\" target=\"_blank\" rel=\"noopener\">UNAN-Managua<\/a><\/p>\n","protected":false},"excerpt":{"rendered":"<p>Octubre 11, 2024 Personal docente y administrativo del Centro para la Investigaci\u00f3n de Recursos Acu\u00e1ticos de la UNAN-Managua recibi\u00f3 una capacitaci\u00f3n sobre la Ley N \u00b0. 1069, Ley para la regulaci\u00f3n de sustancias qu\u00edmicas establecidas en la convenci\u00f3n sobre la prohibici\u00f3n del desarrollo, la producci\u00f3n, el almacenamiento y el empleo de armas qu\u00edmicas y sobre su destrucci\u00f3n, con la finalidad de apropiarse del contenido de la Ley, instrumentos de aplicaci\u00f3n, as\u00ed como conocer los riesgos y amenazas que suponen para la seguridad de la poblaci\u00f3n.&nbsp;&nbsp; La capacitaci\u00f3n fue facilitada por los compa\u00f1eros Aminta Diaz, Pedro L\u00f3pez y Carlos Navas, del Ministerio de Defensa (MIDEF), y Orlando Delgado, por la Comisi\u00f3n Nacional de Registro y Control de Sustancias T\u00f3xicas, quienes compartieron el objetivo, estructura y \u00e1mbito de aplicaci\u00f3n de la Ley, as\u00ed como entes reguladores y disposiciones sobre inspecciones, autorizaciones, infracciones y sanciones administrativas que establece.&nbsp; Diaz, asesora legal del MIDEF, refiri\u00f3 que gracias a las coordinaciones con el Consejo Nacional de Universidades (CNU) se realizan estos encuentros dirigidos a estudiantes y docentes de la UNAN-Managua. \u00abEstamos divulgando el marco nacional en materia de seguridad qu\u00edmica, que est\u00e1 constituido por convenios internacionales, leyes nacionales, reglamentos y manuales de aplicaci\u00f3n\u00bb.&nbsp; La compa\u00f1era Aminta&nbsp; sostuvo que, desde la aprobaci\u00f3n de la Ley, el Gobierno ha estado capacitando al personal para apoyar en la implementaci\u00f3n activa desde cada una de las quince instituciones que conforman el Sistema Nacional para el Control de Sustancias Qu\u00edmicas Reguladas por la Convenci\u00f3n para la Prohibici\u00f3n de las Armas Qu\u00edmicas (SINACAQ).&nbsp; &nbsp;&nbsp; De acuerdo con la expositora, los qu\u00edmicos que se utilizan en el d\u00eda a d\u00eda tienen alg\u00fan tipo de peligro, \u00absin embargo, cuando la voluntad del ser humano va m\u00e1s all\u00e1, se puede convertir en un arma; queremos generar conciencia que se pueden utilizar, pero que hay nuevos par\u00e1metros, est\u00e1ndares de controles, permisos y autorizaciones que se tienen que tramitar para que la qu\u00edmica sea utilizada con fines pac\u00edficos\u00bb, manifest\u00f3. Por su parte, Navas, inspector nacional, expres\u00f3 que en el marco de este trabajo un equipo conformado por varias instituciones como la Polic\u00eda Nacional, Direcci\u00f3n General de Bomberos, MINSA y la Procuradur\u00eda General de la Rep\u00fablica realizan inspecci\u00f3n a empresas que hacen uso de sustancias qu\u00edmicas reguladas por la convenci\u00f3n y la Ley 1069; \u00abhacemos inspecci\u00f3n a las instalaciones, almacenamiento de las sustancias, se brinda recomendaciones para que fortalezcan su seguridad y los instamos a solicitar las licencias cuando hacen uso de estas sustancias\u00bb, declar\u00f3.&nbsp;&nbsp; &nbsp; Direcci\u00f3n de Comunicaci\u00f3n Institucional UNAN-Managua<\/p>\n","protected":false},"author":1,"featured_media":16999,"comment_status":"closed","ping_status":"closed","sticky":false,"template":"","format":"standard","meta":{"site-sidebar-layout":"default","site-content-layout":"","ast-site-content-layout":"default","site-content-style":"default","site-sidebar-style":"default","ast-global-header-display":"","ast-banner-title-visibility":"","ast-main-header-display":"","ast-hfb-above-header-display":"","ast-hfb-below-header-display":"","ast-hfb-mobile-header-display":"","site-post-title":"","ast-breadcrumbs-content":"","ast-featured-img":"","footer-sml-layout":"","ast-disable-related-posts":"","theme-transparent-header-meta":"default","adv-header-id-meta":"","stick-header-meta":"","header-above-stick-meta":"","header-main-stick-meta":"","header-below-stick-meta":"","astra-migrate-meta-layouts":"set","ast-page-background-enabled":"default","ast-page-background-meta":{"desktop":{"background-color":"","background-image":"","background-repeat":"repeat","background-position":"center center","background-size":"auto","background-attachment":"scroll","background-type":"","background-media":"","overlay-type":"","overlay-color":"","overlay-opacity":"","overlay-gradient":""},"tablet":{"background-color":"","background-image":"","background-repeat":"repeat","background-position":"center center","background-size":"auto","background-attachment":"scroll","background-type":"","background-media":"","overlay-type":"","overlay-color":"","overlay-opacity":"","overlay-gradient":""},"mobile":{"background-color":"","background-image":"","background-repeat":"repeat","background-position":"center center","background-size":"auto","background-attachment":"scroll","background-type":"","background-media":"","overlay-type":"","overlay-color":"","overlay-opacity":"","overlay-gradient":""}},"ast-content-background-meta":{"desktop":{"background-color":"var(--ast-global-color-5)","background-image":"","background-repeat":"repeat","background-position":"center center","background-size":"auto","background-attachment":"scroll","background-type":"","background-media":"","overlay-type":"","overlay-color":"","overlay-opacity":"","overlay-gradient":""},"tablet":{"background-color":"var(--ast-global-color-5)","background-image":"","background-repeat":"repeat","background-position":"center center","background-size":"auto","background-attachment":"scroll","background-type":"","background-media":"","overlay-type":"","overlay-color":"","overlay-opacity":"","overlay-gradient":""},"mobile":{"background-color":"var(--ast-global-color-5)","background-image":"","background-repeat":"repeat","background-position":"center center","background-size":"auto","background-attachment":"scroll","background-type":"","background-media":"","overlay-type":"","overlay-color":"","overlay-opacity":"","overlay-gradient":""}},"ngg_post_thumbnail":0,"_jetpack_memberships_contains_paid_content":false,"footnotes":"","jetpack_publicize_message":"","jetpack_publicize_feature_enabled":true,"jetpack_social_post_already_shared":true,"jetpack_social_options":{"image_generator_settings":{"template":"highway","default_image_id":0,"font":"","enabled":false},"version":2}},"categories":[155],"tags":[],"class_list":["post-16991","post","type-post","status-publish","format-standard","has-post-thumbnail","hentry","category-ultimas-noticias"],"yoast_head":"<!-- This site is optimized with the Yoast SEO plugin v27.2 - https:\/\/yoast.com\/product\/yoast-seo-wordpress\/ -->\n<title>Personal de UNAN-Managua\/CIRA se capacita en el tema de regulaci\u00f3n de sustancias qu\u00edmicas - UNAN-Managua\/CIRA<\/title>\n<meta name=\"robots\" content=\"index, follow, max-snippet:-1, max-image-preview:large, max-video-preview:-1\" \/>\n<link rel=\"canonical\" href=\"https:\/\/cira.unan.edu.ni\/index.php\/personal-de-unan-managua-cira-se-capacita-en-el-tema-de-regulacion-de-sustancias-quimicas\/\" \/>\n<meta property=\"og:locale\" content=\"es_ES\" \/>\n<meta property=\"og:type\" content=\"article\" \/>\n<meta property=\"og:title\" content=\"Personal de UNAN-Managua\/CIRA se capacita en el tema de regulaci\u00f3n de sustancias qu\u00edmicas - UNAN-Managua\/CIRA\" \/>\n<meta property=\"og:description\" content=\"Octubre 11, 2024 Personal docente y administrativo del Centro para la Investigaci\u00f3n de Recursos Acu\u00e1ticos de la UNAN-Managua recibi\u00f3 una capacitaci\u00f3n sobre la Ley N \u00b0. 1069, Ley para la regulaci\u00f3n de sustancias qu\u00edmicas establecidas en la convenci\u00f3n sobre la prohibici\u00f3n del desarrollo, la producci\u00f3n, el almacenamiento y el empleo de armas qu\u00edmicas y sobre su destrucci\u00f3n, con la finalidad de apropiarse del contenido de la Ley, instrumentos de aplicaci\u00f3n, as\u00ed como conocer los riesgos y amenazas que suponen para la seguridad de la poblaci\u00f3n.&nbsp;&nbsp; La capacitaci\u00f3n fue facilitada por los compa\u00f1eros Aminta Diaz, Pedro L\u00f3pez y Carlos Navas, del Ministerio de Defensa (MIDEF), y Orlando Delgado, por la Comisi\u00f3n Nacional de Registro y Control de Sustancias T\u00f3xicas, quienes compartieron el objetivo, estructura y \u00e1mbito de aplicaci\u00f3n de la Ley, as\u00ed como entes reguladores y disposiciones sobre inspecciones, autorizaciones, infracciones y sanciones administrativas que establece.&nbsp; Diaz, asesora legal del MIDEF, refiri\u00f3 que gracias a las coordinaciones con el Consejo Nacional de Universidades (CNU) se realizan estos encuentros dirigidos a estudiantes y docentes de la UNAN-Managua. \u00abEstamos divulgando el marco nacional en materia de seguridad qu\u00edmica, que est\u00e1 constituido por convenios internacionales, leyes nacionales, reglamentos y manuales de aplicaci\u00f3n\u00bb.&nbsp; La compa\u00f1era Aminta&nbsp; sostuvo que, desde la aprobaci\u00f3n de la Ley, el Gobierno ha estado capacitando al personal para apoyar en la implementaci\u00f3n activa desde cada una de las quince instituciones que conforman el Sistema Nacional para el Control de Sustancias Qu\u00edmicas Reguladas por la Convenci\u00f3n para la Prohibici\u00f3n de las Armas Qu\u00edmicas (SINACAQ).&nbsp; &nbsp;&nbsp; De acuerdo con la expositora, los qu\u00edmicos que se utilizan en el d\u00eda a d\u00eda tienen alg\u00fan tipo de peligro, \u00absin embargo, cuando la voluntad del ser humano va m\u00e1s all\u00e1, se puede convertir en un arma; queremos generar conciencia que se pueden utilizar, pero que hay nuevos par\u00e1metros, est\u00e1ndares de controles, permisos y autorizaciones que se tienen que tramitar para que la qu\u00edmica sea utilizada con fines pac\u00edficos\u00bb, manifest\u00f3. Por su parte, Navas, inspector nacional, expres\u00f3 que en el marco de este trabajo un equipo conformado por varias instituciones como la Polic\u00eda Nacional, Direcci\u00f3n General de Bomberos, MINSA y la Procuradur\u00eda General de la Rep\u00fablica realizan inspecci\u00f3n a empresas que hacen uso de sustancias qu\u00edmicas reguladas por la convenci\u00f3n y la Ley 1069; \u00abhacemos inspecci\u00f3n a las instalaciones, almacenamiento de las sustancias, se brinda recomendaciones para que fortalezcan su seguridad y los instamos a solicitar las licencias cuando hacen uso de estas sustancias\u00bb, declar\u00f3.&nbsp;&nbsp; &nbsp; Direcci\u00f3n de Comunicaci\u00f3n Institucional UNAN-Managua\" \/>\n<meta property=\"og:url\" content=\"https:\/\/cira.unan.edu.ni\/index.php\/personal-de-unan-managua-cira-se-capacita-en-el-tema-de-regulacion-de-sustancias-quimicas\/\" \/>\n<meta property=\"og:site_name\" content=\"UNAN-Managua\/CIRA\" \/>\n<meta property=\"article:publisher\" content=\"https:\/\/www.facebook.com\/Cira.Unan\/\" \/>\n<meta property=\"article:published_time\" content=\"2024-10-15T00:20:10+00:00\" \/>\n<meta property=\"og:image\" content=\"https:\/\/cira.unan.edu.ni\/wp-content\/uploads\/2024\/10\/IMG_8373.jpg\" \/>\n\t<meta property=\"og:image:width\" content=\"1080\" \/>\n\t<meta property=\"og:image:height\" content=\"576\" \/>\n\t<meta property=\"og:image:type\" content=\"image\/jpeg\" \/>\n<meta name=\"author\" content=\"admin-cira\" \/>\n<meta name=\"twitter:card\" content=\"summary_large_image\" \/>\n<meta name=\"twitter:creator\" content=\"@CiraUnan\" \/>\n<meta name=\"twitter:site\" content=\"@CiraUnan\" \/>\n<meta name=\"twitter:label1\" content=\"Escrito por\" \/>\n\t<meta name=\"twitter:data1\" content=\"\" \/>\n\t<meta name=\"twitter:label2\" content=\"Tiempo de lectura\" \/>\n\t<meta name=\"twitter:data2\" content=\"3 minutos\" \/>\n<script type=\"application\/ld+json\" class=\"yoast-schema-graph\">{\"@context\":\"https:\/\/schema.org\",\"@graph\":[{\"@type\":\"Article\",\"@id\":\"https:\/\/cira.unan.edu.ni\/index.php\/personal-de-unan-managua-cira-se-capacita-en-el-tema-de-regulacion-de-sustancias-quimicas\/#article\",\"isPartOf\":{\"@id\":\"https:\/\/cira.unan.edu.ni\/index.php\/personal-de-unan-managua-cira-se-capacita-en-el-tema-de-regulacion-de-sustancias-quimicas\/\"},\"author\":{\"name\":\"admin-cira\",\"@id\":\"https:\/\/cira.unan.edu.ni\/#\/schema\/person\/ea471033ecfbf0f1297140bb71bc2661\"},\"headline\":\"Personal de UNAN-Managua\/CIRA se capacita en el tema de regulaci\u00f3n de sustancias qu\u00edmicas\",\"datePublished\":\"2024-10-15T00:20:10+00:00\",\"mainEntityOfPage\":{\"@id\":\"https:\/\/cira.unan.edu.ni\/index.php\/personal-de-unan-managua-cira-se-capacita-en-el-tema-de-regulacion-de-sustancias-quimicas\/\"},\"wordCount\":492,\"publisher\":{\"@id\":\"https:\/\/cira.unan.edu.ni\/#organization\"},\"image\":{\"@id\":\"https:\/\/cira.unan.edu.ni\/index.php\/personal-de-unan-managua-cira-se-capacita-en-el-tema-de-regulacion-de-sustancias-quimicas\/#primaryimage\"},\"thumbnailUrl\":\"https:\/\/cira.unan.edu.ni\/wp-content\/uploads\/2024\/10\/IMG_8373.jpg\",\"articleSection\":[\"Ultimas noticias\"],\"inLanguage\":\"es\"},{\"@type\":\"WebPage\",\"@id\":\"https:\/\/cira.unan.edu.ni\/index.php\/personal-de-unan-managua-cira-se-capacita-en-el-tema-de-regulacion-de-sustancias-quimicas\/\",\"url\":\"https:\/\/cira.unan.edu.ni\/index.php\/personal-de-unan-managua-cira-se-capacita-en-el-tema-de-regulacion-de-sustancias-quimicas\/\",\"name\":\"Personal de UNAN-Managua\/CIRA se capacita en el tema de regulaci\u00f3n de sustancias qu\u00edmicas - UNAN-Managua\/CIRA\",\"isPartOf\":{\"@id\":\"https:\/\/cira.unan.edu.ni\/#website\"},\"primaryImageOfPage\":{\"@id\":\"https:\/\/cira.unan.edu.ni\/index.php\/personal-de-unan-managua-cira-se-capacita-en-el-tema-de-regulacion-de-sustancias-quimicas\/#primaryimage\"},\"image\":{\"@id\":\"https:\/\/cira.unan.edu.ni\/index.php\/personal-de-unan-managua-cira-se-capacita-en-el-tema-de-regulacion-de-sustancias-quimicas\/#primaryimage\"},\"thumbnailUrl\":\"https:\/\/cira.unan.edu.ni\/wp-content\/uploads\/2024\/10\/IMG_8373.jpg\",\"datePublished\":\"2024-10-15T00:20:10+00:00\",\"breadcrumb\":{\"@id\":\"https:\/\/cira.unan.edu.ni\/index.php\/personal-de-unan-managua-cira-se-capacita-en-el-tema-de-regulacion-de-sustancias-quimicas\/#breadcrumb\"},\"inLanguage\":\"es\",\"potentialAction\":[{\"@type\":\"ReadAction\",\"target\":[\"https:\/\/cira.unan.edu.ni\/index.php\/personal-de-unan-managua-cira-se-capacita-en-el-tema-de-regulacion-de-sustancias-quimicas\/\"]}]},{\"@type\":\"ImageObject\",\"inLanguage\":\"es\",\"@id\":\"https:\/\/cira.unan.edu.ni\/index.php\/personal-de-unan-managua-cira-se-capacita-en-el-tema-de-regulacion-de-sustancias-quimicas\/#primaryimage\",\"url\":\"https:\/\/cira.unan.edu.ni\/wp-content\/uploads\/2024\/10\/IMG_8373.jpg\",\"contentUrl\":\"https:\/\/cira.unan.edu.ni\/wp-content\/uploads\/2024\/10\/IMG_8373.jpg\",\"width\":1080,\"height\":576},{\"@type\":\"BreadcrumbList\",\"@id\":\"https:\/\/cira.unan.edu.ni\/index.php\/personal-de-unan-managua-cira-se-capacita-en-el-tema-de-regulacion-de-sustancias-quimicas\/#breadcrumb\",\"itemListElement\":[{\"@type\":\"ListItem\",\"position\":1,\"name\":\"Portada\",\"item\":\"https:\/\/cira.unan.edu.ni\/\"},{\"@type\":\"ListItem\",\"position\":2,\"name\":\"Personal de UNAN-Managua\/CIRA se capacita en el tema de regulaci\u00f3n de sustancias qu\u00edmicas\"}]},{\"@type\":\"WebSite\",\"@id\":\"https:\/\/cira.unan.edu.ni\/#website\",\"url\":\"https:\/\/cira.unan.edu.ni\/\",\"name\":\"CIRA\/UNAN-Managua\",\"description\":\"\",\"publisher\":{\"@id\":\"https:\/\/cira.unan.edu.ni\/#organization\"},\"potentialAction\":[{\"@type\":\"SearchAction\",\"target\":{\"@type\":\"EntryPoint\",\"urlTemplate\":\"https:\/\/cira.unan.edu.ni\/?s={search_term_string}\"},\"query-input\":{\"@type\":\"PropertyValueSpecification\",\"valueRequired\":true,\"valueName\":\"search_term_string\"}}],\"inLanguage\":\"es\"},{\"@type\":\"Organization\",\"@id\":\"https:\/\/cira.unan.edu.ni\/#organization\",\"name\":\"CIRA\/UNAN-Managua\",\"url\":\"https:\/\/cira.unan.edu.ni\/\",\"logo\":{\"@type\":\"ImageObject\",\"inLanguage\":\"es\",\"@id\":\"https:\/\/cira.unan.edu.ni\/#\/schema\/logo\/image\/\",\"url\":\"https:\/\/cira.unan.edu.ni\/wp-content\/uploads\/2018\/01\/logo_web_2018.fw_.png\",\"contentUrl\":\"https:\/\/cira.unan.edu.ni\/wp-content\/uploads\/2018\/01\/logo_web_2018.fw_.png\",\"width\":413,\"height\":88,\"caption\":\"CIRA\/UNAN-Managua\"},\"image\":{\"@id\":\"https:\/\/cira.unan.edu.ni\/#\/schema\/logo\/image\/\"},\"sameAs\":[\"https:\/\/www.facebook.com\/Cira.Unan\/\",\"https:\/\/x.com\/CiraUnan\",\"https:\/\/www.linkedin.com\/in\/cira-unan-managua-77058327\/\",\"https:\/\/www.youtube.com\/channel\/UCJ6caCqajBqeuhTqIPz5shg\"]},{\"@type\":\"Person\",\"@id\":\"https:\/\/cira.unan.edu.ni\/#\/schema\/person\/ea471033ecfbf0f1297140bb71bc2661\",\"name\":\"admin-cira\",\"image\":{\"@type\":\"ImageObject\",\"inLanguage\":\"es\",\"@id\":\"https:\/\/secure.gravatar.com\/avatar\/0760a9b63fc3293644d0450eb8175c0c7d9ddd41708cd3d9ab626d656a9a9876?s=96&d=mm&r=g\",\"url\":\"https:\/\/secure.gravatar.com\/avatar\/0760a9b63fc3293644d0450eb8175c0c7d9ddd41708cd3d9ab626d656a9a9876?s=96&d=mm&r=g\",\"contentUrl\":\"https:\/\/secure.gravatar.com\/avatar\/0760a9b63fc3293644d0450eb8175c0c7d9ddd41708cd3d9ab626d656a9a9876?s=96&d=mm&r=g\",\"caption\":\"admin-cira\"}}]}<\/script>\n<!-- \/ Yoast SEO plugin. -->","yoast_head_json":{"title":"Personal de UNAN-Managua\/CIRA se capacita en el tema de regulaci\u00f3n de sustancias qu\u00edmicas - UNAN-Managua\/CIRA","robots":{"index":"index","follow":"follow","max-snippet":"max-snippet:-1","max-image-preview":"max-image-preview:large","max-video-preview":"max-video-preview:-1"},"canonical":"https:\/\/cira.unan.edu.ni\/index.php\/personal-de-unan-managua-cira-se-capacita-en-el-tema-de-regulacion-de-sustancias-quimicas\/","og_locale":"es_ES","og_type":"article","og_title":"Personal de UNAN-Managua\/CIRA se capacita en el tema de regulaci\u00f3n de sustancias qu\u00edmicas - UNAN-Managua\/CIRA","og_description":"Octubre 11, 2024 Personal docente y administrativo del Centro para la Investigaci\u00f3n de Recursos Acu\u00e1ticos de la UNAN-Managua recibi\u00f3 una capacitaci\u00f3n sobre la Ley N \u00b0. 1069, Ley para la regulaci\u00f3n de sustancias qu\u00edmicas establecidas en la convenci\u00f3n sobre la prohibici\u00f3n del desarrollo, la producci\u00f3n, el almacenamiento y el empleo de armas qu\u00edmicas y sobre su destrucci\u00f3n, con la finalidad de apropiarse del contenido de la Ley, instrumentos de aplicaci\u00f3n, as\u00ed como conocer los riesgos y amenazas que suponen para la seguridad de la poblaci\u00f3n.&nbsp;&nbsp; La capacitaci\u00f3n fue facilitada por los compa\u00f1eros Aminta Diaz, Pedro L\u00f3pez y Carlos Navas, del Ministerio de Defensa (MIDEF), y Orlando Delgado, por la Comisi\u00f3n Nacional de Registro y Control de Sustancias T\u00f3xicas, quienes compartieron el objetivo, estructura y \u00e1mbito de aplicaci\u00f3n de la Ley, as\u00ed como entes reguladores y disposiciones sobre inspecciones, autorizaciones, infracciones y sanciones administrativas que establece.&nbsp; Diaz, asesora legal del MIDEF, refiri\u00f3 que gracias a las coordinaciones con el Consejo Nacional de Universidades (CNU) se realizan estos encuentros dirigidos a estudiantes y docentes de la UNAN-Managua. \u00abEstamos divulgando el marco nacional en materia de seguridad qu\u00edmica, que est\u00e1 constituido por convenios internacionales, leyes nacionales, reglamentos y manuales de aplicaci\u00f3n\u00bb.&nbsp; La compa\u00f1era Aminta&nbsp; sostuvo que, desde la aprobaci\u00f3n de la Ley, el Gobierno ha estado capacitando al personal para apoyar en la implementaci\u00f3n activa desde cada una de las quince instituciones que conforman el Sistema Nacional para el Control de Sustancias Qu\u00edmicas Reguladas por la Convenci\u00f3n para la Prohibici\u00f3n de las Armas Qu\u00edmicas (SINACAQ).&nbsp; &nbsp;&nbsp; De acuerdo con la expositora, los qu\u00edmicos que se utilizan en el d\u00eda a d\u00eda tienen alg\u00fan tipo de peligro, \u00absin embargo, cuando la voluntad del ser humano va m\u00e1s all\u00e1, se puede convertir en un arma; queremos generar conciencia que se pueden utilizar, pero que hay nuevos par\u00e1metros, est\u00e1ndares de controles, permisos y autorizaciones que se tienen que tramitar para que la qu\u00edmica sea utilizada con fines pac\u00edficos\u00bb, manifest\u00f3. Por su parte, Navas, inspector nacional, expres\u00f3 que en el marco de este trabajo un equipo conformado por varias instituciones como la Polic\u00eda Nacional, Direcci\u00f3n General de Bomberos, MINSA y la Procuradur\u00eda General de la Rep\u00fablica realizan inspecci\u00f3n a empresas que hacen uso de sustancias qu\u00edmicas reguladas por la convenci\u00f3n y la Ley 1069; \u00abhacemos inspecci\u00f3n a las instalaciones, almacenamiento de las sustancias, se brinda recomendaciones para que fortalezcan su seguridad y los instamos a solicitar las licencias cuando hacen uso de estas sustancias\u00bb, declar\u00f3.&nbsp;&nbsp; &nbsp; Direcci\u00f3n de Comunicaci\u00f3n Institucional UNAN-Managua","og_url":"https:\/\/cira.unan.edu.ni\/index.php\/personal-de-unan-managua-cira-se-capacita-en-el-tema-de-regulacion-de-sustancias-quimicas\/","og_site_name":"UNAN-Managua\/CIRA","article_publisher":"https:\/\/www.facebook.com\/Cira.Unan\/","article_published_time":"2024-10-15T00:20:10+00:00","og_image":[{"width":1080,"height":576,"url":"https:\/\/cira.unan.edu.ni\/wp-content\/uploads\/2024\/10\/IMG_8373.jpg","type":"image\/jpeg"}],"author":"admin-cira","twitter_card":"summary_large_image","twitter_creator":"@CiraUnan","twitter_site":"@CiraUnan","twitter_misc":{"Escrito por":false,"Tiempo de lectura":"3 minutos"},"schema":{"@context":"https:\/\/schema.org","@graph":[{"@type":"Article","@id":"https:\/\/cira.unan.edu.ni\/index.php\/personal-de-unan-managua-cira-se-capacita-en-el-tema-de-regulacion-de-sustancias-quimicas\/#article","isPartOf":{"@id":"https:\/\/cira.unan.edu.ni\/index.php\/personal-de-unan-managua-cira-se-capacita-en-el-tema-de-regulacion-de-sustancias-quimicas\/"},"author":{"name":"admin-cira","@id":"https:\/\/cira.unan.edu.ni\/#\/schema\/person\/ea471033ecfbf0f1297140bb71bc2661"},"headline":"Personal de UNAN-Managua\/CIRA se capacita en el tema de regulaci\u00f3n de sustancias qu\u00edmicas","datePublished":"2024-10-15T00:20:10+00:00","mainEntityOfPage":{"@id":"https:\/\/cira.unan.edu.ni\/index.php\/personal-de-unan-managua-cira-se-capacita-en-el-tema-de-regulacion-de-sustancias-quimicas\/"},"wordCount":492,"publisher":{"@id":"https:\/\/cira.unan.edu.ni\/#organization"},"image":{"@id":"https:\/\/cira.unan.edu.ni\/index.php\/personal-de-unan-managua-cira-se-capacita-en-el-tema-de-regulacion-de-sustancias-quimicas\/#primaryimage"},"thumbnailUrl":"https:\/\/cira.unan.edu.ni\/wp-content\/uploads\/2024\/10\/IMG_8373.jpg","articleSection":["Ultimas noticias"],"inLanguage":"es"},{"@type":"WebPage","@id":"https:\/\/cira.unan.edu.ni\/index.php\/personal-de-unan-managua-cira-se-capacita-en-el-tema-de-regulacion-de-sustancias-quimicas\/","url":"https:\/\/cira.unan.edu.ni\/index.php\/personal-de-unan-managua-cira-se-capacita-en-el-tema-de-regulacion-de-sustancias-quimicas\/","name":"Personal de UNAN-Managua\/CIRA se capacita en el tema de regulaci\u00f3n de sustancias qu\u00edmicas - UNAN-Managua\/CIRA","isPartOf":{"@id":"https:\/\/cira.unan.edu.ni\/#website"},"primaryImageOfPage":{"@id":"https:\/\/cira.unan.edu.ni\/index.php\/personal-de-unan-managua-cira-se-capacita-en-el-tema-de-regulacion-de-sustancias-quimicas\/#primaryimage"},"image":{"@id":"https:\/\/cira.unan.edu.ni\/index.php\/personal-de-unan-managua-cira-se-capacita-en-el-tema-de-regulacion-de-sustancias-quimicas\/#primaryimage"},"thumbnailUrl":"https:\/\/cira.unan.edu.ni\/wp-content\/uploads\/2024\/10\/IMG_8373.jpg","datePublished":"2024-10-15T00:20:10+00:00","breadcrumb":{"@id":"https:\/\/cira.unan.edu.ni\/index.php\/personal-de-unan-managua-cira-se-capacita-en-el-tema-de-regulacion-de-sustancias-quimicas\/#breadcrumb"},"inLanguage":"es","potentialAction":[{"@type":"ReadAction","target":["https:\/\/cira.unan.edu.ni\/index.php\/personal-de-unan-managua-cira-se-capacita-en-el-tema-de-regulacion-de-sustancias-quimicas\/"]}]},{"@type":"ImageObject","inLanguage":"es","@id":"https:\/\/cira.unan.edu.ni\/index.php\/personal-de-unan-managua-cira-se-capacita-en-el-tema-de-regulacion-de-sustancias-quimicas\/#primaryimage","url":"https:\/\/cira.unan.edu.ni\/wp-content\/uploads\/2024\/10\/IMG_8373.jpg","contentUrl":"https:\/\/cira.unan.edu.ni\/wp-content\/uploads\/2024\/10\/IMG_8373.jpg","width":1080,"height":576},{"@type":"BreadcrumbList","@id":"https:\/\/cira.unan.edu.ni\/index.php\/personal-de-unan-managua-cira-se-capacita-en-el-tema-de-regulacion-de-sustancias-quimicas\/#breadcrumb","itemListElement":[{"@type":"ListItem","position":1,"name":"Portada","item":"https:\/\/cira.unan.edu.ni\/"},{"@type":"ListItem","position":2,"name":"Personal de UNAN-Managua\/CIRA se capacita en el tema de regulaci\u00f3n de sustancias qu\u00edmicas"}]},{"@type":"WebSite","@id":"https:\/\/cira.unan.edu.ni\/#website","url":"https:\/\/cira.unan.edu.ni\/","name":"CIRA\/UNAN-Managua","description":"","publisher":{"@id":"https:\/\/cira.unan.edu.ni\/#organization"},"potentialAction":[{"@type":"SearchAction","target":{"@type":"EntryPoint","urlTemplate":"https:\/\/cira.unan.edu.ni\/?s={search_term_string}"},"query-input":{"@type":"PropertyValueSpecification","valueRequired":true,"valueName":"search_term_string"}}],"inLanguage":"es"},{"@type":"Organization","@id":"https:\/\/cira.unan.edu.ni\/#organization","name":"CIRA\/UNAN-Managua","url":"https:\/\/cira.unan.edu.ni\/","logo":{"@type":"ImageObject","inLanguage":"es","@id":"https:\/\/cira.unan.edu.ni\/#\/schema\/logo\/image\/","url":"https:\/\/cira.unan.edu.ni\/wp-content\/uploads\/2018\/01\/logo_web_2018.fw_.png","contentUrl":"https:\/\/cira.unan.edu.ni\/wp-content\/uploads\/2018\/01\/logo_web_2018.fw_.png","width":413,"height":88,"caption":"CIRA\/UNAN-Managua"},"image":{"@id":"https:\/\/cira.unan.edu.ni\/#\/schema\/logo\/image\/"},"sameAs":["https:\/\/www.facebook.com\/Cira.Unan\/","https:\/\/x.com\/CiraUnan","https:\/\/www.linkedin.com\/in\/cira-unan-managua-77058327\/","https:\/\/www.youtube.com\/channel\/UCJ6caCqajBqeuhTqIPz5shg"]},{"@type":"Person","@id":"https:\/\/cira.unan.edu.ni\/#\/schema\/person\/ea471033ecfbf0f1297140bb71bc2661","name":"admin-cira","image":{"@type":"ImageObject","inLanguage":"es","@id":"https:\/\/secure.gravatar.com\/avatar\/0760a9b63fc3293644d0450eb8175c0c7d9ddd41708cd3d9ab626d656a9a9876?s=96&d=mm&r=g","url":"https:\/\/secure.gravatar.com\/avatar\/0760a9b63fc3293644d0450eb8175c0c7d9ddd41708cd3d9ab626d656a9a9876?s=96&d=mm&r=g","contentUrl":"https:\/\/secure.gravatar.com\/avatar\/0760a9b63fc3293644d0450eb8175c0c7d9ddd41708cd3d9ab626d656a9a9876?s=96&d=mm&r=g","caption":"admin-cira"}}]}},"jetpack_publicize_connections":[],"jetpack_featured_media_url":"https:\/\/cira.unan.edu.ni\/wp-content\/uploads\/2024\/10\/IMG_8373.jpg","jetpack_sharing_enabled":true,"_links":{"self":[{"href":"https:\/\/cira.unan.edu.ni\/index.php\/wp-json\/wp\/v2\/posts\/16991","targetHints":{"allow":["GET"]}}],"collection":[{"href":"https:\/\/cira.unan.edu.ni\/index.php\/wp-json\/wp\/v2\/posts"}],"about":[{"href":"https:\/\/cira.unan.edu.ni\/index.php\/wp-json\/wp\/v2\/types\/post"}],"author":[{"embeddable":true,"href":"https:\/\/cira.unan.edu.ni\/index.php\/wp-json\/wp\/v2\/users\/1"}],"replies":[{"embeddable":true,"href":"https:\/\/cira.unan.edu.ni\/index.php\/wp-json\/wp\/v2\/comments?post=16991"}],"version-history":[{"count":2,"href":"https:\/\/cira.unan.edu.ni\/index.php\/wp-json\/wp\/v2\/posts\/16991\/revisions"}],"predecessor-version":[{"id":17001,"href":"https:\/\/cira.unan.edu.ni\/index.php\/wp-json\/wp\/v2\/posts\/16991\/revisions\/17001"}],"wp:featuredmedia":[{"embeddable":true,"href":"https:\/\/cira.unan.edu.ni\/index.php\/wp-json\/wp\/v2\/media\/16999"}],"wp:attachment":[{"href":"https:\/\/cira.unan.edu.ni\/index.php\/wp-json\/wp\/v2\/media?parent=16991"}],"wp:term":[{"taxonomy":"category","embeddable":true,"href":"https:\/\/cira.unan.edu.ni\/index.php\/wp-json\/wp\/v2\/categories?post=16991"},{"taxonomy":"post_tag","embeddable":true,"href":"https:\/\/cira.unan.edu.ni\/index.php\/wp-json\/wp\/v2\/tags?post=16991"}],"curies":[{"name":"wp","href":"https:\/\/api.w.org\/{rel}","templated":true}]}}