{"id":17222,"date":"2024-11-19T10:30:15","date_gmt":"2024-11-19T16:30:15","guid":{"rendered":"https:\/\/cira.unan.edu.ni\/?p=17222"},"modified":"2025-01-16T14:41:59","modified_gmt":"2025-01-16T20:41:59","slug":"especialista-de-unan-managua-cira-recibe-taller-internacional-en-el-tema-de-mercurio","status":"publish","type":"post","link":"https:\/\/cira.unan.edu.ni\/index.php\/especialista-de-unan-managua-cira-recibe-taller-internacional-en-el-tema-de-mercurio\/","title":{"rendered":"Especialista de UNAN-Managua\/CIRA recibe taller internacional en el tema de Mercurio"},"content":{"rendered":"\t\t<div data-elementor-type=\"wp-post\" data-elementor-id=\"17222\" class=\"elementor elementor-17222\">\n\t\t\t\t\t\t<section class=\"elementor-section elementor-top-section elementor-element elementor-element-4523a1a6 elementor-section-full_width elementor-section-stretched elementor-section-height-default elementor-section-height-default wpr-particle-no wpr-jarallax-no wpr-parallax-no wpr-sticky-section-no\" data-id=\"4523a1a6\" data-element_type=\"section\" data-e-type=\"section\" data-settings=\"{&quot;background_background&quot;:&quot;classic&quot;,&quot;stretch_section&quot;:&quot;section-stretched&quot;}\">\n\t\t\t\t\t\t<div class=\"elementor-container elementor-column-gap-no\">\n\t\t\t\t\t<div class=\"elementor-column elementor-col-100 elementor-top-column elementor-element elementor-element-162b4559\" data-id=\"162b4559\" data-element_type=\"column\" data-e-type=\"column\">\n\t\t\t<div class=\"elementor-widget-wrap\">\n\t\t\t\t\t\t\t<\/div>\n\t\t<\/div>\n\t\t\t\t\t<\/div>\n\t\t<\/section>\n\t\t\t\t<section class=\"elementor-section elementor-top-section elementor-element elementor-element-726da9b7 elementor-section-boxed elementor-section-height-default elementor-section-height-default wpr-particle-no wpr-jarallax-no wpr-parallax-no wpr-sticky-section-no\" data-id=\"726da9b7\" data-element_type=\"section\" data-e-type=\"section\" data-settings=\"{&quot;background_background&quot;:&quot;classic&quot;}\">\n\t\t\t\t\t\t<div class=\"elementor-container elementor-column-gap-default\">\n\t\t\t\t\t<div class=\"elementor-column elementor-col-100 elementor-top-column elementor-element elementor-element-2b2f7298\" data-id=\"2b2f7298\" data-element_type=\"column\" data-e-type=\"column\" data-settings=\"{&quot;background_background&quot;:&quot;classic&quot;}\">\n\t\t\t<div class=\"elementor-widget-wrap elementor-element-populated\">\n\t\t\t\t\t\t<div class=\"elementor-element elementor-element-212438af elementor-widget elementor-widget-heading\" data-id=\"212438af\" data-element_type=\"widget\" data-e-type=\"widget\" data-widget_type=\"heading.default\">\n\t\t\t\t<div class=\"elementor-widget-container\">\n\t\t\t\t\t<h2 class=\"elementor-heading-title elementor-size-default\">NOTAS INFORMATIVAS<br><\/h2>\t\t\t\t<\/div>\n\t\t\t\t<\/div>\n\t\t\t\t\t<\/div>\n\t\t<\/div>\n\t\t\t\t\t<\/div>\n\t\t<\/section>\n\t\t\t\t<section class=\"elementor-section elementor-top-section elementor-element elementor-element-102d482d elementor-section-boxed elementor-section-height-default elementor-section-height-default wpr-particle-no wpr-jarallax-no wpr-parallax-no wpr-sticky-section-no\" data-id=\"102d482d\" data-element_type=\"section\" data-e-type=\"section\">\n\t\t\t\t\t\t<div class=\"elementor-container elementor-column-gap-default\">\n\t\t\t\t\t<div class=\"elementor-column elementor-col-50 elementor-top-column elementor-element elementor-element-53fbf42a\" data-id=\"53fbf42a\" data-element_type=\"column\" data-e-type=\"column\">\n\t\t\t<div class=\"elementor-widget-wrap elementor-element-populated\">\n\t\t\t\t\t\t<div class=\"elementor-element elementor-element-17364a24 elementor-widget elementor-widget-heading\" data-id=\"17364a24\" data-element_type=\"widget\" data-e-type=\"widget\" data-widget_type=\"heading.default\">\n\t\t\t\t<div class=\"elementor-widget-container\">\n\t\t\t\t\t<h1 class=\"elementor-heading-title elementor-size-default\">Especialista de UNAN-Managua\/CIRA recibe taller internacional en el tema de Mercurio<\/h1>\t\t\t\t<\/div>\n\t\t\t\t<\/div>\n\t\t\t\t\t<\/div>\n\t\t<\/div>\n\t\t\t\t<div class=\"elementor-column elementor-col-50 elementor-top-column elementor-element elementor-element-f8ae7a3\" data-id=\"f8ae7a3\" data-element_type=\"column\" data-e-type=\"column\">\n\t\t\t<div class=\"elementor-widget-wrap elementor-element-populated\">\n\t\t\t\t\t\t<div class=\"elementor-element elementor-element-6d97e292 elementor-widget elementor-widget-spacer\" data-id=\"6d97e292\" data-element_type=\"widget\" data-e-type=\"widget\" data-widget_type=\"spacer.default\">\n\t\t\t\t<div class=\"elementor-widget-container\">\n\t\t\t\t\t\t\t<div class=\"elementor-spacer\">\n\t\t\t<div class=\"elementor-spacer-inner\"><\/div>\n\t\t<\/div>\n\t\t\t\t\t\t<\/div>\n\t\t\t\t<\/div>\n\t\t\t\t\t<\/div>\n\t\t<\/div>\n\t\t\t\t\t<\/div>\n\t\t<\/section>\n\t\t\t\t<section class=\"elementor-section elementor-top-section elementor-element elementor-element-39af3e93 elementor-section-boxed elementor-section-height-default elementor-section-height-default wpr-particle-no wpr-jarallax-no wpr-parallax-no wpr-sticky-section-no\" data-id=\"39af3e93\" data-element_type=\"section\" data-e-type=\"section\">\n\t\t\t\t\t\t<div class=\"elementor-container elementor-column-gap-default\">\n\t\t\t\t\t<div class=\"elementor-column elementor-col-50 elementor-top-column elementor-element elementor-element-3e08cda1\" data-id=\"3e08cda1\" data-element_type=\"column\" data-e-type=\"column\">\n\t\t\t<div class=\"elementor-widget-wrap elementor-element-populated\">\n\t\t\t\t\t\t<div class=\"elementor-element elementor-element-3c3ac3ac elementor-widget elementor-widget-image\" data-id=\"3c3ac3ac\" data-element_type=\"widget\" data-e-type=\"widget\" data-widget_type=\"image.default\">\n\t\t\t\t<div class=\"elementor-widget-container\">\n\t\t\t\t\t\t\t\t\t\t\t\t\t\t\t<img fetchpriority=\"high\" decoding=\"async\" data-attachment-id=\"17225\" data-permalink=\"https:\/\/cira.unan.edu.ni\/index.php\/especialista-de-unan-managua-cira-recibe-taller-internacional-en-el-tema-de-mercurio\/x1-6\/\" data-orig-file=\"https:\/\/cira.unan.edu.ni\/wp-content\/uploads\/2024\/11\/x1-6.jpg\" data-orig-size=\"1080,576\" data-comments-opened=\"0\" data-image-meta=\"{&quot;aperture&quot;:&quot;0&quot;,&quot;credit&quot;:&quot;&quot;,&quot;camera&quot;:&quot;&quot;,&quot;caption&quot;:&quot;&quot;,&quot;created_timestamp&quot;:&quot;0&quot;,&quot;copyright&quot;:&quot;&quot;,&quot;focal_length&quot;:&quot;0&quot;,&quot;iso&quot;:&quot;0&quot;,&quot;shutter_speed&quot;:&quot;0&quot;,&quot;title&quot;:&quot;&quot;,&quot;orientation&quot;:&quot;1&quot;}\" data-image-title=\"x1-6\" data-image-description=\"\" data-image-caption=\"\" data-medium-file=\"https:\/\/cira.unan.edu.ni\/wp-content\/uploads\/2024\/11\/x1-6-300x160.jpg\" data-large-file=\"https:\/\/cira.unan.edu.ni\/wp-content\/uploads\/2024\/11\/x1-6-1024x546.jpg\" width=\"1080\" height=\"576\" src=\"https:\/\/cira.unan.edu.ni\/wp-content\/uploads\/2024\/11\/x1-6.jpg\" class=\"attachment-full size-full wp-image-17225\" alt=\"\" srcset=\"https:\/\/cira.unan.edu.ni\/wp-content\/uploads\/2024\/11\/x1-6.jpg 1080w, https:\/\/cira.unan.edu.ni\/wp-content\/uploads\/2024\/11\/x1-6-300x160.jpg 300w, https:\/\/cira.unan.edu.ni\/wp-content\/uploads\/2024\/11\/x1-6-1024x546.jpg 1024w, https:\/\/cira.unan.edu.ni\/wp-content\/uploads\/2024\/11\/x1-6-768x410.jpg 768w\" sizes=\"(max-width: 1080px) 100vw, 1080px\" data-attachment-id=\"17225\" data-permalink=\"https:\/\/cira.unan.edu.ni\/index.php\/especialista-de-unan-managua-cira-recibe-taller-internacional-en-el-tema-de-mercurio\/x1-6\/\" data-orig-file=\"https:\/\/cira.unan.edu.ni\/wp-content\/uploads\/2024\/11\/x1-6.jpg\" data-orig-size=\"1080,576\" data-comments-opened=\"0\" data-image-meta=\"{&quot;aperture&quot;:&quot;0&quot;,&quot;credit&quot;:&quot;&quot;,&quot;camera&quot;:&quot;&quot;,&quot;caption&quot;:&quot;&quot;,&quot;created_timestamp&quot;:&quot;0&quot;,&quot;copyright&quot;:&quot;&quot;,&quot;focal_length&quot;:&quot;0&quot;,&quot;iso&quot;:&quot;0&quot;,&quot;shutter_speed&quot;:&quot;0&quot;,&quot;title&quot;:&quot;&quot;,&quot;orientation&quot;:&quot;1&quot;}\" data-image-title=\"x1-6\" data-image-description=\"\" data-image-caption=\"\" data-medium-file=\"https:\/\/cira.unan.edu.ni\/wp-content\/uploads\/2024\/11\/x1-6-300x160.jpg\" data-large-file=\"https:\/\/cira.unan.edu.ni\/wp-content\/uploads\/2024\/11\/x1-6-1024x546.jpg\" \/>\t\t\t\t\t\t\t\t\t\t\t\t\t\t\t<\/div>\n\t\t\t\t<\/div>\n\t\t\t\t<div class=\"elementor-element elementor-element-2a856e70 elementor-widget elementor-widget-text-editor\" data-id=\"2a856e70\" data-element_type=\"widget\" data-e-type=\"widget\" data-widget_type=\"text-editor.default\">\n\t\t\t\t<div class=\"elementor-widget-container\">\n\t\t\t\t\t\t\t\t\t<p><strong>Noviembre 18, 2024<\/strong><\/p><p>En el marco del proyecto de cooperaci\u00f3n t\u00e9cnica INT7022 \u00abFortalecimiento de la salud oce\u00e1nica para el desarrollo sostenible: Un enfoque global mediante t\u00e9cnicas nucleares e isot\u00f3picas\u00bb, la licenciada Xaviera M\u00e9ndez Do\u00f1a, especialista en An\u00e1lisis del laboratorio de Mercurio Ambiental del Centro para la Investigaci\u00f3n en Recursos Acu\u00e1ticos (CIRA) de la UNAN-Managua, particip\u00f3 del once al quince de noviembre en el taller Internacional sobre Armonizaci\u00f3n de Protocolos y Conceptos de Calidad para el Monitoreo de Mercurio en Ecosistemas Marinos, efectuado en el Centro Reactor del Instituto Jo\u017eef Stefan (JSI) en la ciudad de Ljubljana, Eslovenia.<\/p><p>Durante el taller, enfocado en el control de calidad en el an\u00e1lisis de mercurio y facilitado por instructores y expertos, profesionales de Argentina, Bangladesh, Brasil, Cuba, Jamaica, Kenia, Malasia, M\u00e9xico, Nicaragua, Tailandia, Uruguay y Venezuela intercambiaron experiencias y trabajaron en la armonizaci\u00f3n de criterios t\u00e9cnicos, directrices pr\u00e1cticas sobre estrategias de muestreo, sesiones de an\u00e1lisis de metodolog\u00edas, control de calidad, validaci\u00f3n de m\u00e9todos e incertidumbre en el an\u00e1lisis de mercurio y sus compuestos para su monitoreo en ecosistemas marinos, todo ello en consonancia con los objetivos del Convenio de Minamata.<\/p><p><img decoding=\"async\" data-attachment-id=\"17224\" data-permalink=\"https:\/\/cira.unan.edu.ni\/index.php\/especialista-de-unan-managua-cira-recibe-taller-internacional-en-el-tema-de-mercurio\/x2-7-2\/\" data-orig-file=\"https:\/\/cira.unan.edu.ni\/wp-content\/uploads\/2024\/11\/x2-7-1.jpg\" data-orig-size=\"1080,576\" data-comments-opened=\"0\" data-image-meta=\"{&quot;aperture&quot;:&quot;0&quot;,&quot;credit&quot;:&quot;&quot;,&quot;camera&quot;:&quot;&quot;,&quot;caption&quot;:&quot;&quot;,&quot;created_timestamp&quot;:&quot;0&quot;,&quot;copyright&quot;:&quot;&quot;,&quot;focal_length&quot;:&quot;0&quot;,&quot;iso&quot;:&quot;0&quot;,&quot;shutter_speed&quot;:&quot;0&quot;,&quot;title&quot;:&quot;&quot;,&quot;orientation&quot;:&quot;1&quot;}\" data-image-title=\"x2-7\" data-image-description=\"\" data-image-caption=\"\" data-medium-file=\"https:\/\/cira.unan.edu.ni\/wp-content\/uploads\/2024\/11\/x2-7-1-300x160.jpg\" data-large-file=\"https:\/\/cira.unan.edu.ni\/wp-content\/uploads\/2024\/11\/x2-7-1-1024x546.jpg\" class=\"size-full wp-image-17224 aligncenter\" src=\"https:\/\/cira.unan.edu.ni\/wp-content\/uploads\/2024\/11\/x2-7-1.jpg\" alt=\"\" width=\"1080\" height=\"576\" srcset=\"https:\/\/cira.unan.edu.ni\/wp-content\/uploads\/2024\/11\/x2-7-1.jpg 1080w, https:\/\/cira.unan.edu.ni\/wp-content\/uploads\/2024\/11\/x2-7-1-300x160.jpg 300w, https:\/\/cira.unan.edu.ni\/wp-content\/uploads\/2024\/11\/x2-7-1-1024x546.jpg 1024w, https:\/\/cira.unan.edu.ni\/wp-content\/uploads\/2024\/11\/x2-7-1-768x410.jpg 768w\" sizes=\"(max-width: 1080px) 100vw, 1080px\" \/><\/p><p>En el marco de este encuentro, los participantes visitaron los laboratorios de mercurio del JSI y la hist\u00f3rica mina de mercurio en Idrija, a fin de profundizar acerca de los procesos de an\u00e1lisis y sus aplicaciones pr\u00e1cticas. Como parte de los resultados del taller se trabaj\u00f3 en la creaci\u00f3n de un documento que consolide recomendaciones y est\u00e1ndares acordados para el monitoreo de mercurio en ecosistemas marinos.<br \/><br \/>La participaci\u00f3n de M\u00e9ndez Do\u00f1a en esta iniciativa representa un valioso avance para UNAN-Managua\/CIRA, puesto que le ha proporcionado a la especialista una base s\u00f3lida para la recolecci\u00f3n de datos ambientales consistentes y comparables a nivel global y le permitir\u00e1 implementar en sus an\u00e1lisis las t\u00e9cnicas y conocimientos adquiridos, elevando as\u00ed la precisi\u00f3n de los resultados y contribuyendo activamente a la protecci\u00f3n de los recursos acu\u00e1ticos de Nicaragua.<\/p><p style=\"text-align: right;\"><a href=\"https:\/\/www.unan.edu.ni\/index.php\/author\/dci\" target=\"_blank\" rel=\"noopener\">Direcci\u00f3n de Comunicaci\u00f3n Institucional<\/a><\/p><p style=\"text-align: right;\"><a href=\"https:\/\/www.unan.edu.ni\/index.php\/notas-informativas\/especialista-de-unan-managua-cira-recibe-taller-internacional-en-el-tema-de-mercurio.odp\" target=\"_blank\" rel=\"noopener\">UNAN-Managua<\/a><\/p>\t\t\t\t\t\t\t\t<\/div>\n\t\t\t\t<\/div>\n\t\t\t\t\t<\/div>\n\t\t<\/div>\n\t\t\t\t<div class=\"elementor-column elementor-col-50 elementor-top-column elementor-element elementor-element-31cbfd5b\" data-id=\"31cbfd5b\" data-element_type=\"column\" data-e-type=\"column\">\n\t\t\t<div class=\"elementor-widget-wrap elementor-element-populated\">\n\t\t\t\t\t\t<div class=\"elementor-element elementor-element-66c80855 elementor-widget elementor-widget-htmega-blockquote-addons\" data-id=\"66c80855\" data-element_type=\"widget\" data-e-type=\"widget\" data-widget_type=\"htmega-blockquote-addons.default\">\n\t\t\t\t<div class=\"elementor-widget-container\">\n\t\t\t\t\t            <div class=\"htmega-blockquote htmega-blockquote-position-leftcenter htmega-citeseparator-position-before\">\n                <blockquote>\n                    <cite class=\"quote-by\"> Notas Informativas <\/cite>                <\/blockquote>\n           <\/div>\n\n        \t\t\t\t<\/div>\n\t\t\t\t<\/div>\n\t\t\t\t<div class=\"elementor-element elementor-element-1ffa44d elementor-grid-eael-col-1 elementor-grid-tablet-eael-col-2 elementor-grid-mobile-eael-col-1 elementor-widget elementor-widget-eael-post-grid\" data-id=\"1ffa44d\" data-element_type=\"widget\" data-e-type=\"widget\" data-settings=\"{&quot;eael_post_grid_columns&quot;:&quot;eael-col-1&quot;,&quot;eael_post_grid_columns_tablet&quot;:&quot;eael-col-2&quot;,&quot;eael_post_grid_columns_mobile&quot;:&quot;eael-col-1&quot;}\" data-widget_type=\"eael-post-grid.default\">\n\t\t\t\t<div class=\"elementor-widget-container\">\n\t\t\t\t\t<div id=\"eael-post-grid-1ffa44d\" class=\"eael-post-grid-container\">\n            <div class=\"eael-post-grid eael-post-appender eael-post-appender-1ffa44d eael-post-grid-style-one\" data-layout-mode=\"grid\"><article class=\"eael-grid-post  eael-post-grid-column eael-pg-post-20206 category-ultimas-noticias\" data-id=\"20206\">\n        <div class=\"eael-grid-post-holder\">\n            <div class=\"eael-grid-post-holder-inner\"><div class=\"eael-entry-media\"><div class=\"eael-entry-overlay none\"><i class=\"\" aria-hidden=\"true\"><\/i><a href=\"https:\/\/cira.unan.edu.ni\/index.php\/unan-managua-y-jica-nicaragua-presentan-curso-de-tercer-pais-para-el-analisis-de-mercurio\/\"><\/a><\/div><div class=\"eael-entry-thumbnail \">\n                <img decoding=\"async\" data-attachment-id=\"20208\" data-permalink=\"https:\/\/cira.unan.edu.ni\/index.php\/unan-managua-y-jica-nicaragua-presentan-curso-de-tercer-pais-para-el-analisis-de-mercurio\/img_5923-jpg\/\" data-orig-file=\"https:\/\/cira.unan.edu.ni\/wp-content\/uploads\/2026\/03\/IMG_5923.JPG.jpg\" data-orig-size=\"1080,576\" data-comments-opened=\"0\" data-image-meta=\"{&quot;aperture&quot;:&quot;0&quot;,&quot;credit&quot;:&quot;&quot;,&quot;camera&quot;:&quot;&quot;,&quot;caption&quot;:&quot;&quot;,&quot;created_timestamp&quot;:&quot;0&quot;,&quot;copyright&quot;:&quot;&quot;,&quot;focal_length&quot;:&quot;0&quot;,&quot;iso&quot;:&quot;0&quot;,&quot;shutter_speed&quot;:&quot;0&quot;,&quot;title&quot;:&quot;&quot;,&quot;orientation&quot;:&quot;0&quot;}\" data-image-title=\"IMG_5923.JPG\" data-image-description=\"\" data-image-caption=\"\" data-medium-file=\"https:\/\/cira.unan.edu.ni\/wp-content\/uploads\/2026\/03\/IMG_5923.JPG-300x160.jpg\" data-large-file=\"https:\/\/cira.unan.edu.ni\/wp-content\/uploads\/2026\/03\/IMG_5923.JPG-1024x546.jpg\" width=\"1080\" height=\"576\" src=\"https:\/\/cira.unan.edu.ni\/wp-content\/uploads\/2026\/03\/IMG_5923.JPG.jpg\" class=\"attachment-full size-full wp-image-20208\" alt=\"\" srcset=\"https:\/\/cira.unan.edu.ni\/wp-content\/uploads\/2026\/03\/IMG_5923.JPG.jpg 1080w, https:\/\/cira.unan.edu.ni\/wp-content\/uploads\/2026\/03\/IMG_5923.JPG-300x160.jpg 300w, https:\/\/cira.unan.edu.ni\/wp-content\/uploads\/2026\/03\/IMG_5923.JPG-1024x546.jpg 1024w, https:\/\/cira.unan.edu.ni\/wp-content\/uploads\/2026\/03\/IMG_5923.JPG-768x410.jpg 768w\" sizes=\"(max-width: 1080px) 100vw, 1080px\" \/>\n            <\/div>\n        <\/div><div class=\"eael-entry-wrapper\"><header class=\"eael-entry-header\"><p class=\"eael-entry-title\"><a class=\"eael-grid-post-link\" href=\"https:\/\/cira.unan.edu.ni\/index.php\/unan-managua-y-jica-nicaragua-presentan-curso-de-tercer-pais-para-el-analisis-de-mercurio\/\" title=\"UNAN-Managua y JICA Nicaragua presentan curso de tercer pa\u00eds para el an\u00e1lisis de mercurio\">UNAN-Managua y JICA Nicaragua presentan curso de tercer pa\u00eds para el an\u00e1lisis de mercurio<\/a><\/p><\/header><\/div><\/div>\n        <\/div>\n    <\/article><article class=\"eael-grid-post  eael-post-grid-column eael-pg-post-20164 category-ultimas-noticias\" data-id=\"20164\">\n        <div class=\"eael-grid-post-holder\">\n            <div class=\"eael-grid-post-holder-inner\"><div class=\"eael-entry-media\"><div class=\"eael-entry-overlay none\"><i class=\"\" aria-hidden=\"true\"><\/i><a href=\"https:\/\/cira.unan.edu.ni\/index.php\/instituciones-del-sinacaq-reciben-capacitacion-en-el-tema-de-riesgos-quimicos-en-los-laboratorios\/\"><\/a><\/div><div class=\"eael-entry-thumbnail \">\n                <img loading=\"lazy\" decoding=\"async\" data-attachment-id=\"20176\" data-permalink=\"https:\/\/cira.unan.edu.ni\/index.php\/instituciones-del-sinacaq-reciben-capacitacion-en-el-tema-de-riesgos-quimicos-en-los-laboratorios\/img_5112-jpg\/\" data-orig-file=\"https:\/\/cira.unan.edu.ni\/wp-content\/uploads\/2026\/03\/IMG_5112.JPG.jpg\" data-orig-size=\"1080,576\" data-comments-opened=\"0\" data-image-meta=\"{&quot;aperture&quot;:&quot;0&quot;,&quot;credit&quot;:&quot;&quot;,&quot;camera&quot;:&quot;&quot;,&quot;caption&quot;:&quot;&quot;,&quot;created_timestamp&quot;:&quot;0&quot;,&quot;copyright&quot;:&quot;&quot;,&quot;focal_length&quot;:&quot;0&quot;,&quot;iso&quot;:&quot;0&quot;,&quot;shutter_speed&quot;:&quot;0&quot;,&quot;title&quot;:&quot;&quot;,&quot;orientation&quot;:&quot;0&quot;}\" data-image-title=\"IMG_5112.JPG\" data-image-description=\"\" data-image-caption=\"\" data-medium-file=\"https:\/\/cira.unan.edu.ni\/wp-content\/uploads\/2026\/03\/IMG_5112.JPG-300x160.jpg\" data-large-file=\"https:\/\/cira.unan.edu.ni\/wp-content\/uploads\/2026\/03\/IMG_5112.JPG-1024x546.jpg\" width=\"1080\" height=\"576\" src=\"https:\/\/cira.unan.edu.ni\/wp-content\/uploads\/2026\/03\/IMG_5112.JPG.jpg\" class=\"attachment-full size-full wp-image-20176\" alt=\"\" srcset=\"https:\/\/cira.unan.edu.ni\/wp-content\/uploads\/2026\/03\/IMG_5112.JPG.jpg 1080w, https:\/\/cira.unan.edu.ni\/wp-content\/uploads\/2026\/03\/IMG_5112.JPG-300x160.jpg 300w, https:\/\/cira.unan.edu.ni\/wp-content\/uploads\/2026\/03\/IMG_5112.JPG-1024x546.jpg 1024w, https:\/\/cira.unan.edu.ni\/wp-content\/uploads\/2026\/03\/IMG_5112.JPG-768x410.jpg 768w\" sizes=\"(max-width: 1080px) 100vw, 1080px\" \/>\n            <\/div>\n        <\/div><div class=\"eael-entry-wrapper\"><header class=\"eael-entry-header\"><p class=\"eael-entry-title\"><a class=\"eael-grid-post-link\" href=\"https:\/\/cira.unan.edu.ni\/index.php\/instituciones-del-sinacaq-reciben-capacitacion-en-el-tema-de-riesgos-quimicos-en-los-laboratorios\/\" title=\"Instituciones del SINACAQ reciben capacitaci\u00f3n en el tema de riesgos qu\u00edmicos en los laboratorios\">Instituciones del SINACAQ reciben capacitaci\u00f3n en el tema de riesgos qu\u00edmicos en los laboratorios<\/a><\/p><\/header><\/div><\/div>\n        <\/div>\n    <\/article><article class=\"eael-grid-post  eael-post-grid-column eael-pg-post-20146 category-ultimas-noticias\" data-id=\"20146\">\n        <div class=\"eael-grid-post-holder\">\n            <div class=\"eael-grid-post-holder-inner\"><div class=\"eael-entry-media\"><div class=\"eael-entry-overlay none\"><i class=\"\" aria-hidden=\"true\"><\/i><a href=\"https:\/\/cira.unan.edu.ni\/index.php\/estudiantes-conocen-sobre-el-quehacer-investigativo-del-cira-mediante-feria-cientifica\/\"><\/a><\/div><div class=\"eael-entry-thumbnail \">\n                <img loading=\"lazy\" decoding=\"async\" data-attachment-id=\"20160\" data-permalink=\"https:\/\/cira.unan.edu.ni\/index.php\/estudiantes-conocen-sobre-el-quehacer-investigativo-del-cira-mediante-feria-cientifica\/img_4872-jpg-2\/\" data-orig-file=\"https:\/\/cira.unan.edu.ni\/wp-content\/uploads\/2026\/03\/IMG_4872.JPG-1.jpg\" data-orig-size=\"1080,576\" data-comments-opened=\"0\" data-image-meta=\"{&quot;aperture&quot;:&quot;0&quot;,&quot;credit&quot;:&quot;&quot;,&quot;camera&quot;:&quot;&quot;,&quot;caption&quot;:&quot;&quot;,&quot;created_timestamp&quot;:&quot;0&quot;,&quot;copyright&quot;:&quot;&quot;,&quot;focal_length&quot;:&quot;0&quot;,&quot;iso&quot;:&quot;0&quot;,&quot;shutter_speed&quot;:&quot;0&quot;,&quot;title&quot;:&quot;&quot;,&quot;orientation&quot;:&quot;0&quot;}\" data-image-title=\"IMG_4872.JPG\" data-image-description=\"\" data-image-caption=\"\" data-medium-file=\"https:\/\/cira.unan.edu.ni\/wp-content\/uploads\/2026\/03\/IMG_4872.JPG-1-300x160.jpg\" data-large-file=\"https:\/\/cira.unan.edu.ni\/wp-content\/uploads\/2026\/03\/IMG_4872.JPG-1-1024x546.jpg\" width=\"1080\" height=\"576\" src=\"https:\/\/cira.unan.edu.ni\/wp-content\/uploads\/2026\/03\/IMG_4872.JPG-1.jpg\" class=\"attachment-full size-full wp-image-20160\" alt=\"\" srcset=\"https:\/\/cira.unan.edu.ni\/wp-content\/uploads\/2026\/03\/IMG_4872.JPG-1.jpg 1080w, https:\/\/cira.unan.edu.ni\/wp-content\/uploads\/2026\/03\/IMG_4872.JPG-1-300x160.jpg 300w, https:\/\/cira.unan.edu.ni\/wp-content\/uploads\/2026\/03\/IMG_4872.JPG-1-1024x546.jpg 1024w, https:\/\/cira.unan.edu.ni\/wp-content\/uploads\/2026\/03\/IMG_4872.JPG-1-768x410.jpg 768w\" sizes=\"(max-width: 1080px) 100vw, 1080px\" \/>\n            <\/div>\n        <\/div><div class=\"eael-entry-wrapper\"><header class=\"eael-entry-header\"><p class=\"eael-entry-title\"><a class=\"eael-grid-post-link\" href=\"https:\/\/cira.unan.edu.ni\/index.php\/estudiantes-conocen-sobre-el-quehacer-investigativo-del-cira-mediante-feria-cientifica\/\" title=\"Estudiantes conocen sobre el quehacer investigativo del CIRA mediante feria cient\u00edfica\">Estudiantes conocen sobre el quehacer investigativo del CIRA mediante feria cient\u00edfica<\/a><\/p><\/header><\/div><\/div>\n        <\/div>\n    <\/article><\/div>\n            <div class=\"clearfix\"><\/div>\n        <\/div>            <div class=\"eael-load-more-button-wrap eael-force-hide\">\n                <button class=\"eael-load-more-button\" id=\"eael-load-more-btn-1ffa44d\" data-widget-id=\"1ffa44d\" data-widget=\"1ffa44d\" data-page-id=\"17222\" data-template=\"{&quot;dir&quot;:&quot;lite&quot;,&quot;file_name&quot;:&quot;one.php&quot;,&quot;name&quot;:&quot;Post-Grid&quot;}\" data-class=\"Essential_Addons_Elementor\\Elements\\Post_Grid\" data-layout=\"grid\" data-page=\"1\" data-args=\"orderby=date&amp;order=desc&amp;ignore_sticky_posts=0&amp;post_status=publish&amp;posts_per_page=3&amp;offset=0&amp;post_type=post&amp;tax_query%5B0%5D%5Btaxonomy%5D=category&amp;tax_query%5B0%5D%5Bfield%5D=term_id&amp;tax_query%5B0%5D%5Bterms%5D%5B0%5D=155&amp;tax_query%5Brelation%5D=AND\" data-max-page=\"174\">\n                    <span class=\"eael-btn-loader button__loader\"><\/span>\n                    <span class=\"eael_load_more_text\">Cargar m\u00e1s<\/span>\n                <\/button>\n            <\/div>\n            \t\t\t\t<\/div>\n\t\t\t\t<\/div>\n\t\t\t\t<div class=\"elementor-element elementor-element-251216f2 elementor-widget elementor-widget-htmega-blockquote-addons\" data-id=\"251216f2\" data-element_type=\"widget\" data-e-type=\"widget\" data-widget_type=\"htmega-blockquote-addons.default\">\n\t\t\t\t<div class=\"elementor-widget-container\">\n\t\t\t\t\t            <div class=\"htmega-blockquote htmega-blockquote-position-leftcenter htmega-citeseparator-position-before\">\n                <blockquote>\n                    <cite class=\"quote-by\"> Redes Sociales <\/cite><span class=\"blockquote_icon\"><\/span>                <\/blockquote>\n           <\/div>\n\n        \t\t\t\t<\/div>\n\t\t\t\t<\/div>\n\t\t\t\t<div class=\"elementor-element elementor-element-699e158f elementor-widget elementor-widget-text-editor\" data-id=\"699e158f\" data-element_type=\"widget\" data-e-type=\"widget\" data-widget_type=\"text-editor.default\">\n\t\t\t\t<div class=\"elementor-widget-container\">\n\t\t\t\t\t\t\t\t\t<iframe src=\"https:\/\/www.facebook.com\/plugins\/page.php?href=https%3A%2F%2Fwww.facebook.com%2FUNAN.Managua&#038;tabs=timeline&#038;width=340&#038;height=600&#038;small_header=false&#038;adapt_container_width=true&#038;hide_cover=false&#038;show_facepile=true&#038;appId\" width=\"340\" height=\"600\" style=\"border:none;overflow:hidden\" scrolling=\"no\" frameborder=\"0\" allowfullscreen=\"true\" allow=\"autoplay; clipboard-write; encrypted-media; picture-in-picture; web-share\"><\/iframe>\t\t\t\t\t\t\t\t<\/div>\n\t\t\t\t<\/div>\n\t\t\t\t\t<\/div>\n\t\t<\/div>\n\t\t\t\t\t<\/div>\n\t\t<\/section>\n\t\t\t\t<\/div>\n\t\t","protected":false},"excerpt":{"rendered":"<p>NOTAS INFORMATIVAS &lt;h1&gt;Especialista de UNAN-Managua\/CIRA recibe taller internacional en el tema de Mercurio&lt;\/h1&gt; &lt;img width=\u00bb1080&#8243; height=\u00bb576&#8243; src=\u00bbhttps:\/\/cira.unan.edu.ni\/wp-content\/uploads\/2024\/11\/x1-6.jpg\u00bb alt=\u00bb\u00bb srcset=\u00bbhttps:\/\/i0.wp.com\/cira.unan.edu.ni\/wp-content\/uploads\/2024\/11\/x1-6.jpg?w=1080&amp;ssl=1 1080w, https:\/\/i0.wp.com\/cira.unan.edu.ni\/wp-content\/uploads\/2024\/11\/x1-6.jpg?resize=300%2C160&amp;ssl=1 300w, https:\/\/i0.wp.com\/cira.unan.edu.ni\/wp-content\/uploads\/2024\/11\/x1-6.jpg?resize=1024%2C546&amp;ssl=1 1024w, https:\/\/i0.wp.com\/cira.unan.edu.ni\/wp-content\/uploads\/2024\/11\/x1-6.jpg?resize=768%2C410&amp;ssl=1 768w\u00bb sizes=\u00bb(max-width: 1080px) 100vw, 1080px\u00bb \/&gt; &lt;strong&gt;Noviembre 18, 2024&lt;\/strong&gt; En el marco del proyecto de cooperaci\u00f3n t\u00e9cnica INT7022 \u00abFortalecimiento de la salud oce\u00e1nica para el desarrollo sostenible: Un enfoque global mediante t\u00e9cnicas nucleares e isot\u00f3picas\u00bb, la licenciada Xaviera M\u00e9ndez Do\u00f1a, especialista en An\u00e1lisis del laboratorio de Mercurio Ambiental del Centro para la Investigaci\u00f3n en Recursos Acu\u00e1ticos (CIRA) de la UNAN-Managua, particip\u00f3 del once al quince de noviembre en el taller Internacional sobre Armonizaci\u00f3n de Protocolos y Conceptos de Calidad para el Monitoreo de Mercurio en Ecosistemas Marinos, efectuado en el Centro Reactor del Instituto Jo\u017eef Stefan (JSI) en la ciudad de Ljubljana, Eslovenia. Durante el taller, enfocado en el control de calidad en el an\u00e1lisis de mercurio y facilitado por instructores y expertos, profesionales de Argentina, Bangladesh, Brasil, Cuba, Jamaica, Kenia, Malasia, M\u00e9xico, Nicaragua, Tailandia, Uruguay y Venezuela intercambiaron experiencias y trabajaron en la armonizaci\u00f3n de criterios t\u00e9cnicos, directrices pr\u00e1cticas sobre estrategias de muestreo, sesiones de an\u00e1lisis de metodolog\u00edas, control de calidad, validaci\u00f3n de m\u00e9todos e incertidumbre en el an\u00e1lisis de mercurio y sus compuestos para su monitoreo en ecosistemas marinos, todo ello en consonancia con los objetivos del Convenio de Minamata. En el marco de este encuentro, los participantes visitaron los laboratorios de mercurio del JSI y la hist\u00f3rica mina de mercurio en Idrija, a fin de profundizar acerca de los procesos de an\u00e1lisis y sus aplicaciones pr\u00e1cticas. Como parte de los resultados del taller se trabaj\u00f3 en la creaci\u00f3n de un documento que consolide recomendaciones y est\u00e1ndares acordados para el monitoreo de mercurio en ecosistemas marinos. La participaci\u00f3n de M\u00e9ndez Do\u00f1a en esta iniciativa representa un valioso avance para UNAN-Managua\/CIRA, puesto que le ha proporcionado a la especialista una base s\u00f3lida para la recolecci\u00f3n de datos ambientales consistentes y comparables a nivel global y le permitir\u00e1 implementar en sus an\u00e1lisis las t\u00e9cnicas y conocimientos adquiridos, elevando as\u00ed la precisi\u00f3n de los resultados y contribuyendo activamente a la protecci\u00f3n de los recursos acu\u00e1ticos de Nicaragua. Direcci\u00f3n de Comunicaci\u00f3n Institucional UNAN-Managua &lt;blockquote&gt; &lt;cite&gt; Notas Informativas &lt;\/cite&gt; &lt;\/blockquote&gt; &lt;article data-id=\u00bb17803&#8243;&gt; &lt;a href=\u00bbhttps:\/\/cira.unan.edu.ni\/index.php\/organizan-manana-recreativa-para-ninos-que-son-atendidos-en-el-hospital-infantil-manual-de-jesus-rivera\/\u00bb&gt;&lt;\/a&gt; &lt;img width=\u00bb1080&#8243; height=\u00bb576&#8243; src=\u00bbhttps:\/\/cira.unan.edu.ni\/wp-content\/uploads\/2025\/01\/IMG_3946-1.jpg\u00bb alt=\u00bb\u00bb \/&gt; &lt;header&gt;&lt;p&gt;&lt;a href=\u00bbhttps:\/\/cira.unan.edu.ni\/index.php\/organizan-manana-recreativa-para-ninos-que-son-atendidos-en-el-hospital-infantil-manual-de-jesus-rivera\/\u00bb title=\u00bbOrganizan ma\u00f1ana recreativa para ni\u00f1os que son atendidos en el Hospital Infantil Manual de Jes\u00fas Rivera\u00bb&gt;Organizan ma\u00f1ana recreativa para ni\u00f1os que son atendidos en el Hospital Infantil Manual de Jes\u00fas Rivera&lt;\/a&gt;&lt;\/p&gt;&lt;\/header&gt; &lt;\/article&gt;&lt;article data-id=\u00bb17231&#8243;&gt; &lt;a href=\u00bbhttps:\/\/cira.unan.edu.ni\/index.php\/investigadores-de-la-region-continuan-trabajando-en-la-determinacion-de-microplasticos\/\u00bb&gt;&lt;\/a&gt; &lt;img width=\u00bb1080&#8243; height=\u00bb576&#8243; src=\u00bbhttps:\/\/cira.unan.edu.ni\/wp-content\/uploads\/2024\/11\/c2-12.jpg\u00bb alt=\u00bb\u00bb \/&gt; &lt;header&gt;&lt;p&gt;&lt;a href=\u00bbhttps:\/\/cira.unan.edu.ni\/index.php\/investigadores-de-la-region-continuan-trabajando-en-la-determinacion-de-microplasticos\/\u00bb title=\u00bbInvestigadores de la regi\u00f3n contin\u00faan trabajando en la determinaci\u00f3n de micropl\u00e1sticos\u00bb&gt;Investigadores de la regi\u00f3n contin\u00faan trabajando en la determinaci\u00f3n de micropl\u00e1sticos&lt;\/a&gt;&lt;\/p&gt;&lt;\/header&gt; &lt;\/article&gt;&lt;article data-id=\u00bb17222&#8243;&gt; &lt;a href=\u00bbhttps:\/\/cira.unan.edu.ni\/index.php\/especialista-de-unan-managua-cira-recibe-taller-internacional-en-el-tema-de-mercurio\/\u00bb&gt;&lt;\/a&gt; &lt;img width=\u00bb1080&#8243; height=\u00bb576&#8243; src=\u00bbhttps:\/\/cira.unan.edu.ni\/wp-content\/uploads\/2024\/11\/x1-6.jpg\u00bb alt=\u00bb\u00bb \/&gt; &lt;header&gt;&lt;p&gt;&lt;a href=\u00bbhttps:\/\/cira.unan.edu.ni\/index.php\/especialista-de-unan-managua-cira-recibe-taller-internacional-en-el-tema-de-mercurio\/\u00bb title=\u00bbEspecialista de UNAN-Managua\/CIRA recibe taller internacional en el tema de Mercurio\u00bb&gt;Especialista de UNAN-Managua\/CIRA recibe taller internacional en el tema de Mercurio&lt;\/a&gt;&lt;\/p&gt;&lt;\/header&gt; &lt;\/article&gt; &lt;button id=\u00bbeael-load-more-btn-1ffa44d\u00bb data-widget-id=\u00bb1ffa44d\u00bb data-widget=\u00bb1ffa44d\u00bb data-page-id=\u00bb17222&#8243; data-template=\u00bb{&amp;quot;dir&amp;quot;:&amp;quot;lite&amp;quot;,&amp;quot;file_name&amp;quot;:&amp;quot;default.php&amp;quot;,&amp;quot;name&amp;quot;:&amp;quot;Post-Grid&amp;quot;}\u00bb data-class=\u00bbEssential_Addons_ElementorElementsPost_Grid\u00bb data-layout=\u00bbgrid\u00bb data-page=\u00bb1&#8243; data-args=\u00bborderby=date&amp;amp;order=desc&amp;amp;ignore_sticky_posts=0&amp;amp;post_status=publish&amp;amp;posts_per_page=3&amp;amp;offset=0&amp;amp;post_type=post&amp;amp;tax_query%5B0%5D%5Btaxonomy%5D=category&amp;amp;tax_query%5B0%5D%5Bfield%5D=term_id&amp;amp;tax_query%5B0%5D%5Bterms%5D%5B0%5D=155&amp;amp;tax_query%5Brelation%5D=AND\u00bb data-max-page=\u00bb164&#8243;&gt; Cargar m\u00e1s &lt;\/button&gt; &lt;blockquote&gt; &lt;cite&gt; Redes Sociales &lt;\/cite&gt; &lt;\/blockquote&gt; &lt;iframe src=\u00bbhttps:\/\/www.facebook.com\/plugins\/page.php?href=https%3A%2F%2Fwww.facebook.com%2FUNAN.Managua&#038;tabs=timeline&#038;width=340&#038;height=600&#038;small_header=false&#038;adapt_container_width=true&#038;hide_cover=false&#038;show_facepile=true&#038;appId\u00bb width=\u00bb340&#8243; height=\u00bb600&#8243; style=\u00bbborder:none;overflow:hidden\u00bb scrolling=\u00bbno\u00bb frameborder=\u00bb0&#8243; allowfullscreen=\u00bbtrue\u00bb allow=\u00bbautoplay; clipboard-write; encrypted-media; picture-in-picture; web-share\u00bb&gt;&lt;\/iframe&gt;<\/p>\n","protected":false},"author":1,"featured_media":17225,"comment_status":"closed","ping_status":"closed","sticky":false,"template":"elementor_header_footer","format":"standard","meta":{"site-sidebar-layout":"default","site-content-layout":"","ast-site-content-layout":"default","site-content-style":"default","site-sidebar-style":"default","ast-global-header-display":"","ast-banner-title-visibility":"","ast-main-header-display":"","ast-hfb-above-header-display":"","ast-hfb-below-header-display":"","ast-hfb-mobile-header-display":"","site-post-title":"","ast-breadcrumbs-content":"","ast-featured-img":"","footer-sml-layout":"","ast-disable-related-posts":"","theme-transparent-header-meta":"default","adv-header-id-meta":"","stick-header-meta":"","header-above-stick-meta":"","header-main-stick-meta":"","header-below-stick-meta":"","astra-migrate-meta-layouts":"set","ast-page-background-enabled":"default","ast-page-background-meta":{"desktop":{"background-color":"","background-image":"","background-repeat":"repeat","background-position":"center center","background-size":"auto","background-attachment":"scroll","background-type":"","background-media":"","overlay-type":"","overlay-color":"","overlay-opacity":"","overlay-gradient":""},"tablet":{"background-color":"","background-image":"","background-repeat":"repeat","background-position":"center center","background-size":"auto","background-attachment":"scroll","background-type":"","background-media":"","overlay-type":"","overlay-color":"","overlay-opacity":"","overlay-gradient":""},"mobile":{"background-color":"","background-image":"","background-repeat":"repeat","background-position":"center center","background-size":"auto","background-attachment":"scroll","background-type":"","background-media":"","overlay-type":"","overlay-color":"","overlay-opacity":"","overlay-gradient":""}},"ast-content-background-meta":{"desktop":{"background-color":"var(--ast-global-color-5)","background-image":"","background-repeat":"repeat","background-position":"center center","background-size":"auto","background-attachment":"scroll","background-type":"","background-media":"","overlay-type":"","overlay-color":"","overlay-opacity":"","overlay-gradient":""},"tablet":{"background-color":"var(--ast-global-color-5)","background-image":"","background-repeat":"repeat","background-position":"center center","background-size":"auto","background-attachment":"scroll","background-type":"","background-media":"","overlay-type":"","overlay-color":"","overlay-opacity":"","overlay-gradient":""},"mobile":{"background-color":"var(--ast-global-color-5)","background-image":"","background-repeat":"repeat","background-position":"center center","background-size":"auto","background-attachment":"scroll","background-type":"","background-media":"","overlay-type":"","overlay-color":"","overlay-opacity":"","overlay-gradient":""}},"ngg_post_thumbnail":0,"_jetpack_memberships_contains_paid_content":false,"footnotes":"","jetpack_publicize_message":"","jetpack_publicize_feature_enabled":true,"jetpack_social_post_already_shared":true,"jetpack_social_options":{"image_generator_settings":{"template":"highway","default_image_id":0,"font":"","enabled":false},"version":2}},"categories":[155],"tags":[],"class_list":["post-17222","post","type-post","status-publish","format-standard","has-post-thumbnail","hentry","category-ultimas-noticias"],"yoast_head":"<!-- This site is optimized with the Yoast SEO plugin v27.2 - https:\/\/yoast.com\/product\/yoast-seo-wordpress\/ -->\n<title>Especialista de UNAN-Managua\/CIRA recibe taller internacional en el tema de Mercurio - UNAN-Managua\/CIRA<\/title>\n<meta name=\"description\" content=\"En el marco del proyecto de cooperaci\u00f3n t\u00e9cnica INT7022 \u00abFortalecimiento de la salud oce\u00e1nica para el desarrollo sostenible: Un enfoque global mediante t\u00e9cnicas nucleares e isot\u00f3picas\u00bb, la licenciada Xaviera M\u00e9ndez Do\u00f1a, especialista en An\u00e1lisis del laboratorio de Mercurio Ambiental del Centro para la Investigaci\u00f3n en Recursos Acu\u00e1ticos (CIRA) de la UNAN-Managua, particip\u00f3 del once al quince de noviembre en el taller Internacional sobre Armonizaci\u00f3n de Protocolos y Conceptos de Calidad para el Monitoreo de Mercurio en Ecosistemas Marinos, efectuado en el Centro Reactor del Instituto Jo\u017eef Stefan (JSI) en la ciudad de Ljubljana, Eslovenia.\" \/>\n<meta name=\"robots\" content=\"index, follow, max-snippet:-1, max-image-preview:large, max-video-preview:-1\" \/>\n<link rel=\"canonical\" href=\"https:\/\/cira.unan.edu.ni\/index.php\/especialista-de-unan-managua-cira-recibe-taller-internacional-en-el-tema-de-mercurio\/\" \/>\n<meta property=\"og:locale\" content=\"es_ES\" \/>\n<meta property=\"og:type\" content=\"article\" \/>\n<meta property=\"og:title\" content=\"Especialista de UNAN-Managua\/CIRA recibe taller internacional en el tema de Mercurio - UNAN-Managua\/CIRA\" \/>\n<meta property=\"og:description\" content=\"En el marco del proyecto de cooperaci\u00f3n t\u00e9cnica INT7022 \u00abFortalecimiento de la salud oce\u00e1nica para el desarrollo sostenible: Un enfoque global mediante t\u00e9cnicas nucleares e isot\u00f3picas\u00bb, la licenciada Xaviera M\u00e9ndez Do\u00f1a, especialista en An\u00e1lisis del laboratorio de Mercurio Ambiental del Centro para la Investigaci\u00f3n en Recursos Acu\u00e1ticos (CIRA) de la UNAN-Managua, particip\u00f3 del once al quince de noviembre en el taller Internacional sobre Armonizaci\u00f3n de Protocolos y Conceptos de Calidad para el Monitoreo de Mercurio en Ecosistemas Marinos, efectuado en el Centro Reactor del Instituto Jo\u017eef Stefan (JSI) en la ciudad de Ljubljana, Eslovenia.\" \/>\n<meta property=\"og:url\" content=\"https:\/\/cira.unan.edu.ni\/index.php\/especialista-de-unan-managua-cira-recibe-taller-internacional-en-el-tema-de-mercurio\/\" \/>\n<meta property=\"og:site_name\" content=\"UNAN-Managua\/CIRA\" \/>\n<meta property=\"article:publisher\" content=\"https:\/\/www.facebook.com\/Cira.Unan\/\" \/>\n<meta property=\"article:published_time\" content=\"2024-11-19T16:30:15+00:00\" \/>\n<meta property=\"article:modified_time\" content=\"2025-01-16T20:41:59+00:00\" \/>\n<meta property=\"og:image\" content=\"https:\/\/cira.unan.edu.ni\/wp-content\/uploads\/2024\/11\/x1-6.jpg\" \/>\n\t<meta property=\"og:image:width\" content=\"1080\" \/>\n\t<meta property=\"og:image:height\" content=\"576\" \/>\n\t<meta property=\"og:image:type\" content=\"image\/jpeg\" \/>\n<meta name=\"author\" content=\"admin-cira\" \/>\n<meta name=\"twitter:card\" content=\"summary_large_image\" \/>\n<meta name=\"twitter:creator\" content=\"@CiraUnan\" \/>\n<meta name=\"twitter:site\" content=\"@CiraUnan\" \/>\n<meta name=\"twitter:label1\" content=\"Escrito por\" \/>\n\t<meta name=\"twitter:data1\" content=\"\" \/>\n\t<meta name=\"twitter:label2\" content=\"Tiempo de lectura\" \/>\n\t<meta name=\"twitter:data2\" content=\"3 minutos\" \/>\n<script type=\"application\/ld+json\" class=\"yoast-schema-graph\">{\"@context\":\"https:\/\/schema.org\",\"@graph\":[{\"@type\":\"Article\",\"@id\":\"https:\/\/cira.unan.edu.ni\/index.php\/especialista-de-unan-managua-cira-recibe-taller-internacional-en-el-tema-de-mercurio\/#article\",\"isPartOf\":{\"@id\":\"https:\/\/cira.unan.edu.ni\/index.php\/especialista-de-unan-managua-cira-recibe-taller-internacional-en-el-tema-de-mercurio\/\"},\"author\":{\"name\":\"admin-cira\",\"@id\":\"https:\/\/cira.unan.edu.ni\/#\/schema\/person\/ea471033ecfbf0f1297140bb71bc2661\"},\"headline\":\"Especialista de UNAN-Managua\/CIRA recibe taller internacional en el tema de Mercurio\",\"datePublished\":\"2024-11-19T16:30:15+00:00\",\"dateModified\":\"2025-01-16T20:41:59+00:00\",\"mainEntityOfPage\":{\"@id\":\"https:\/\/cira.unan.edu.ni\/index.php\/especialista-de-unan-managua-cira-recibe-taller-internacional-en-el-tema-de-mercurio\/\"},\"wordCount\":376,\"publisher\":{\"@id\":\"https:\/\/cira.unan.edu.ni\/#organization\"},\"image\":{\"@id\":\"https:\/\/cira.unan.edu.ni\/index.php\/especialista-de-unan-managua-cira-recibe-taller-internacional-en-el-tema-de-mercurio\/#primaryimage\"},\"thumbnailUrl\":\"https:\/\/cira.unan.edu.ni\/wp-content\/uploads\/2024\/11\/x1-6.jpg\",\"articleSection\":[\"Ultimas noticias\"],\"inLanguage\":\"es\"},{\"@type\":\"WebPage\",\"@id\":\"https:\/\/cira.unan.edu.ni\/index.php\/especialista-de-unan-managua-cira-recibe-taller-internacional-en-el-tema-de-mercurio\/\",\"url\":\"https:\/\/cira.unan.edu.ni\/index.php\/especialista-de-unan-managua-cira-recibe-taller-internacional-en-el-tema-de-mercurio\/\",\"name\":\"Especialista de UNAN-Managua\/CIRA recibe taller internacional en el tema de Mercurio - UNAN-Managua\/CIRA\",\"isPartOf\":{\"@id\":\"https:\/\/cira.unan.edu.ni\/#website\"},\"primaryImageOfPage\":{\"@id\":\"https:\/\/cira.unan.edu.ni\/index.php\/especialista-de-unan-managua-cira-recibe-taller-internacional-en-el-tema-de-mercurio\/#primaryimage\"},\"image\":{\"@id\":\"https:\/\/cira.unan.edu.ni\/index.php\/especialista-de-unan-managua-cira-recibe-taller-internacional-en-el-tema-de-mercurio\/#primaryimage\"},\"thumbnailUrl\":\"https:\/\/cira.unan.edu.ni\/wp-content\/uploads\/2024\/11\/x1-6.jpg\",\"datePublished\":\"2024-11-19T16:30:15+00:00\",\"dateModified\":\"2025-01-16T20:41:59+00:00\",\"description\":\"En el marco del proyecto de cooperaci\u00f3n t\u00e9cnica INT7022 \u00abFortalecimiento de la salud oce\u00e1nica para el desarrollo sostenible: Un enfoque global mediante t\u00e9cnicas nucleares e isot\u00f3picas\u00bb, la licenciada Xaviera M\u00e9ndez Do\u00f1a, especialista en An\u00e1lisis del laboratorio de Mercurio Ambiental del Centro para la Investigaci\u00f3n en Recursos Acu\u00e1ticos (CIRA) de la UNAN-Managua, particip\u00f3 del once al quince de noviembre en el taller Internacional sobre Armonizaci\u00f3n de Protocolos y Conceptos de Calidad para el Monitoreo de Mercurio en Ecosistemas Marinos, efectuado en el Centro Reactor del Instituto Jo\u017eef Stefan (JSI) en la ciudad de Ljubljana, Eslovenia.\",\"breadcrumb\":{\"@id\":\"https:\/\/cira.unan.edu.ni\/index.php\/especialista-de-unan-managua-cira-recibe-taller-internacional-en-el-tema-de-mercurio\/#breadcrumb\"},\"inLanguage\":\"es\",\"potentialAction\":[{\"@type\":\"ReadAction\",\"target\":[\"https:\/\/cira.unan.edu.ni\/index.php\/especialista-de-unan-managua-cira-recibe-taller-internacional-en-el-tema-de-mercurio\/\"]}]},{\"@type\":\"ImageObject\",\"inLanguage\":\"es\",\"@id\":\"https:\/\/cira.unan.edu.ni\/index.php\/especialista-de-unan-managua-cira-recibe-taller-internacional-en-el-tema-de-mercurio\/#primaryimage\",\"url\":\"https:\/\/cira.unan.edu.ni\/wp-content\/uploads\/2024\/11\/x1-6.jpg\",\"contentUrl\":\"https:\/\/cira.unan.edu.ni\/wp-content\/uploads\/2024\/11\/x1-6.jpg\",\"width\":1080,\"height\":576},{\"@type\":\"BreadcrumbList\",\"@id\":\"https:\/\/cira.unan.edu.ni\/index.php\/especialista-de-unan-managua-cira-recibe-taller-internacional-en-el-tema-de-mercurio\/#breadcrumb\",\"itemListElement\":[{\"@type\":\"ListItem\",\"position\":1,\"name\":\"Portada\",\"item\":\"https:\/\/cira.unan.edu.ni\/\"},{\"@type\":\"ListItem\",\"position\":2,\"name\":\"Especialista de UNAN-Managua\/CIRA recibe taller internacional en el tema de Mercurio\"}]},{\"@type\":\"WebSite\",\"@id\":\"https:\/\/cira.unan.edu.ni\/#website\",\"url\":\"https:\/\/cira.unan.edu.ni\/\",\"name\":\"CIRA\/UNAN-Managua\",\"description\":\"\",\"publisher\":{\"@id\":\"https:\/\/cira.unan.edu.ni\/#organization\"},\"potentialAction\":[{\"@type\":\"SearchAction\",\"target\":{\"@type\":\"EntryPoint\",\"urlTemplate\":\"https:\/\/cira.unan.edu.ni\/?s={search_term_string}\"},\"query-input\":{\"@type\":\"PropertyValueSpecification\",\"valueRequired\":true,\"valueName\":\"search_term_string\"}}],\"inLanguage\":\"es\"},{\"@type\":\"Organization\",\"@id\":\"https:\/\/cira.unan.edu.ni\/#organization\",\"name\":\"CIRA\/UNAN-Managua\",\"url\":\"https:\/\/cira.unan.edu.ni\/\",\"logo\":{\"@type\":\"ImageObject\",\"inLanguage\":\"es\",\"@id\":\"https:\/\/cira.unan.edu.ni\/#\/schema\/logo\/image\/\",\"url\":\"https:\/\/cira.unan.edu.ni\/wp-content\/uploads\/2018\/01\/logo_web_2018.fw_.png\",\"contentUrl\":\"https:\/\/cira.unan.edu.ni\/wp-content\/uploads\/2018\/01\/logo_web_2018.fw_.png\",\"width\":413,\"height\":88,\"caption\":\"CIRA\/UNAN-Managua\"},\"image\":{\"@id\":\"https:\/\/cira.unan.edu.ni\/#\/schema\/logo\/image\/\"},\"sameAs\":[\"https:\/\/www.facebook.com\/Cira.Unan\/\",\"https:\/\/x.com\/CiraUnan\",\"https:\/\/www.linkedin.com\/in\/cira-unan-managua-77058327\/\",\"https:\/\/www.youtube.com\/channel\/UCJ6caCqajBqeuhTqIPz5shg\"]},{\"@type\":\"Person\",\"@id\":\"https:\/\/cira.unan.edu.ni\/#\/schema\/person\/ea471033ecfbf0f1297140bb71bc2661\",\"name\":\"admin-cira\",\"image\":{\"@type\":\"ImageObject\",\"inLanguage\":\"es\",\"@id\":\"https:\/\/secure.gravatar.com\/avatar\/0760a9b63fc3293644d0450eb8175c0c7d9ddd41708cd3d9ab626d656a9a9876?s=96&d=mm&r=g\",\"url\":\"https:\/\/secure.gravatar.com\/avatar\/0760a9b63fc3293644d0450eb8175c0c7d9ddd41708cd3d9ab626d656a9a9876?s=96&d=mm&r=g\",\"contentUrl\":\"https:\/\/secure.gravatar.com\/avatar\/0760a9b63fc3293644d0450eb8175c0c7d9ddd41708cd3d9ab626d656a9a9876?s=96&d=mm&r=g\",\"caption\":\"admin-cira\"}}]}<\/script>\n<!-- \/ Yoast SEO plugin. -->","yoast_head_json":{"title":"Especialista de UNAN-Managua\/CIRA recibe taller internacional en el tema de Mercurio - UNAN-Managua\/CIRA","description":"En el marco del proyecto de cooperaci\u00f3n t\u00e9cnica INT7022 \u00abFortalecimiento de la salud oce\u00e1nica para el desarrollo sostenible: Un enfoque global mediante t\u00e9cnicas nucleares e isot\u00f3picas\u00bb, la licenciada Xaviera M\u00e9ndez Do\u00f1a, especialista en An\u00e1lisis del laboratorio de Mercurio Ambiental del Centro para la Investigaci\u00f3n en Recursos Acu\u00e1ticos (CIRA) de la UNAN-Managua, particip\u00f3 del once al quince de noviembre en el taller Internacional sobre Armonizaci\u00f3n de Protocolos y Conceptos de Calidad para el Monitoreo de Mercurio en Ecosistemas Marinos, efectuado en el Centro Reactor del Instituto Jo\u017eef Stefan (JSI) en la ciudad de Ljubljana, Eslovenia.","robots":{"index":"index","follow":"follow","max-snippet":"max-snippet:-1","max-image-preview":"max-image-preview:large","max-video-preview":"max-video-preview:-1"},"canonical":"https:\/\/cira.unan.edu.ni\/index.php\/especialista-de-unan-managua-cira-recibe-taller-internacional-en-el-tema-de-mercurio\/","og_locale":"es_ES","og_type":"article","og_title":"Especialista de UNAN-Managua\/CIRA recibe taller internacional en el tema de Mercurio - UNAN-Managua\/CIRA","og_description":"En el marco del proyecto de cooperaci\u00f3n t\u00e9cnica INT7022 \u00abFortalecimiento de la salud oce\u00e1nica para el desarrollo sostenible: Un enfoque global mediante t\u00e9cnicas nucleares e isot\u00f3picas\u00bb, la licenciada Xaviera M\u00e9ndez Do\u00f1a, especialista en An\u00e1lisis del laboratorio de Mercurio Ambiental del Centro para la Investigaci\u00f3n en Recursos Acu\u00e1ticos (CIRA) de la UNAN-Managua, particip\u00f3 del once al quince de noviembre en el taller Internacional sobre Armonizaci\u00f3n de Protocolos y Conceptos de Calidad para el Monitoreo de Mercurio en Ecosistemas Marinos, efectuado en el Centro Reactor del Instituto Jo\u017eef Stefan (JSI) en la ciudad de Ljubljana, Eslovenia.","og_url":"https:\/\/cira.unan.edu.ni\/index.php\/especialista-de-unan-managua-cira-recibe-taller-internacional-en-el-tema-de-mercurio\/","og_site_name":"UNAN-Managua\/CIRA","article_publisher":"https:\/\/www.facebook.com\/Cira.Unan\/","article_published_time":"2024-11-19T16:30:15+00:00","article_modified_time":"2025-01-16T20:41:59+00:00","og_image":[{"width":1080,"height":576,"url":"https:\/\/cira.unan.edu.ni\/wp-content\/uploads\/2024\/11\/x1-6.jpg","type":"image\/jpeg"}],"author":"admin-cira","twitter_card":"summary_large_image","twitter_creator":"@CiraUnan","twitter_site":"@CiraUnan","twitter_misc":{"Escrito por":false,"Tiempo de lectura":"3 minutos"},"schema":{"@context":"https:\/\/schema.org","@graph":[{"@type":"Article","@id":"https:\/\/cira.unan.edu.ni\/index.php\/especialista-de-unan-managua-cira-recibe-taller-internacional-en-el-tema-de-mercurio\/#article","isPartOf":{"@id":"https:\/\/cira.unan.edu.ni\/index.php\/especialista-de-unan-managua-cira-recibe-taller-internacional-en-el-tema-de-mercurio\/"},"author":{"name":"admin-cira","@id":"https:\/\/cira.unan.edu.ni\/#\/schema\/person\/ea471033ecfbf0f1297140bb71bc2661"},"headline":"Especialista de UNAN-Managua\/CIRA recibe taller internacional en el tema de Mercurio","datePublished":"2024-11-19T16:30:15+00:00","dateModified":"2025-01-16T20:41:59+00:00","mainEntityOfPage":{"@id":"https:\/\/cira.unan.edu.ni\/index.php\/especialista-de-unan-managua-cira-recibe-taller-internacional-en-el-tema-de-mercurio\/"},"wordCount":376,"publisher":{"@id":"https:\/\/cira.unan.edu.ni\/#organization"},"image":{"@id":"https:\/\/cira.unan.edu.ni\/index.php\/especialista-de-unan-managua-cira-recibe-taller-internacional-en-el-tema-de-mercurio\/#primaryimage"},"thumbnailUrl":"https:\/\/cira.unan.edu.ni\/wp-content\/uploads\/2024\/11\/x1-6.jpg","articleSection":["Ultimas noticias"],"inLanguage":"es"},{"@type":"WebPage","@id":"https:\/\/cira.unan.edu.ni\/index.php\/especialista-de-unan-managua-cira-recibe-taller-internacional-en-el-tema-de-mercurio\/","url":"https:\/\/cira.unan.edu.ni\/index.php\/especialista-de-unan-managua-cira-recibe-taller-internacional-en-el-tema-de-mercurio\/","name":"Especialista de UNAN-Managua\/CIRA recibe taller internacional en el tema de Mercurio - UNAN-Managua\/CIRA","isPartOf":{"@id":"https:\/\/cira.unan.edu.ni\/#website"},"primaryImageOfPage":{"@id":"https:\/\/cira.unan.edu.ni\/index.php\/especialista-de-unan-managua-cira-recibe-taller-internacional-en-el-tema-de-mercurio\/#primaryimage"},"image":{"@id":"https:\/\/cira.unan.edu.ni\/index.php\/especialista-de-unan-managua-cira-recibe-taller-internacional-en-el-tema-de-mercurio\/#primaryimage"},"thumbnailUrl":"https:\/\/cira.unan.edu.ni\/wp-content\/uploads\/2024\/11\/x1-6.jpg","datePublished":"2024-11-19T16:30:15+00:00","dateModified":"2025-01-16T20:41:59+00:00","description":"En el marco del proyecto de cooperaci\u00f3n t\u00e9cnica INT7022 \u00abFortalecimiento de la salud oce\u00e1nica para el desarrollo sostenible: Un enfoque global mediante t\u00e9cnicas nucleares e isot\u00f3picas\u00bb, la licenciada Xaviera M\u00e9ndez Do\u00f1a, especialista en An\u00e1lisis del laboratorio de Mercurio Ambiental del Centro para la Investigaci\u00f3n en Recursos Acu\u00e1ticos (CIRA) de la UNAN-Managua, particip\u00f3 del once al quince de noviembre en el taller Internacional sobre Armonizaci\u00f3n de Protocolos y Conceptos de Calidad para el Monitoreo de Mercurio en Ecosistemas Marinos, efectuado en el Centro Reactor del Instituto Jo\u017eef Stefan (JSI) en la ciudad de Ljubljana, Eslovenia.","breadcrumb":{"@id":"https:\/\/cira.unan.edu.ni\/index.php\/especialista-de-unan-managua-cira-recibe-taller-internacional-en-el-tema-de-mercurio\/#breadcrumb"},"inLanguage":"es","potentialAction":[{"@type":"ReadAction","target":["https:\/\/cira.unan.edu.ni\/index.php\/especialista-de-unan-managua-cira-recibe-taller-internacional-en-el-tema-de-mercurio\/"]}]},{"@type":"ImageObject","inLanguage":"es","@id":"https:\/\/cira.unan.edu.ni\/index.php\/especialista-de-unan-managua-cira-recibe-taller-internacional-en-el-tema-de-mercurio\/#primaryimage","url":"https:\/\/cira.unan.edu.ni\/wp-content\/uploads\/2024\/11\/x1-6.jpg","contentUrl":"https:\/\/cira.unan.edu.ni\/wp-content\/uploads\/2024\/11\/x1-6.jpg","width":1080,"height":576},{"@type":"BreadcrumbList","@id":"https:\/\/cira.unan.edu.ni\/index.php\/especialista-de-unan-managua-cira-recibe-taller-internacional-en-el-tema-de-mercurio\/#breadcrumb","itemListElement":[{"@type":"ListItem","position":1,"name":"Portada","item":"https:\/\/cira.unan.edu.ni\/"},{"@type":"ListItem","position":2,"name":"Especialista de UNAN-Managua\/CIRA recibe taller internacional en el tema de Mercurio"}]},{"@type":"WebSite","@id":"https:\/\/cira.unan.edu.ni\/#website","url":"https:\/\/cira.unan.edu.ni\/","name":"CIRA\/UNAN-Managua","description":"","publisher":{"@id":"https:\/\/cira.unan.edu.ni\/#organization"},"potentialAction":[{"@type":"SearchAction","target":{"@type":"EntryPoint","urlTemplate":"https:\/\/cira.unan.edu.ni\/?s={search_term_string}"},"query-input":{"@type":"PropertyValueSpecification","valueRequired":true,"valueName":"search_term_string"}}],"inLanguage":"es"},{"@type":"Organization","@id":"https:\/\/cira.unan.edu.ni\/#organization","name":"CIRA\/UNAN-Managua","url":"https:\/\/cira.unan.edu.ni\/","logo":{"@type":"ImageObject","inLanguage":"es","@id":"https:\/\/cira.unan.edu.ni\/#\/schema\/logo\/image\/","url":"https:\/\/cira.unan.edu.ni\/wp-content\/uploads\/2018\/01\/logo_web_2018.fw_.png","contentUrl":"https:\/\/cira.unan.edu.ni\/wp-content\/uploads\/2018\/01\/logo_web_2018.fw_.png","width":413,"height":88,"caption":"CIRA\/UNAN-Managua"},"image":{"@id":"https:\/\/cira.unan.edu.ni\/#\/schema\/logo\/image\/"},"sameAs":["https:\/\/www.facebook.com\/Cira.Unan\/","https:\/\/x.com\/CiraUnan","https:\/\/www.linkedin.com\/in\/cira-unan-managua-77058327\/","https:\/\/www.youtube.com\/channel\/UCJ6caCqajBqeuhTqIPz5shg"]},{"@type":"Person","@id":"https:\/\/cira.unan.edu.ni\/#\/schema\/person\/ea471033ecfbf0f1297140bb71bc2661","name":"admin-cira","image":{"@type":"ImageObject","inLanguage":"es","@id":"https:\/\/secure.gravatar.com\/avatar\/0760a9b63fc3293644d0450eb8175c0c7d9ddd41708cd3d9ab626d656a9a9876?s=96&d=mm&r=g","url":"https:\/\/secure.gravatar.com\/avatar\/0760a9b63fc3293644d0450eb8175c0c7d9ddd41708cd3d9ab626d656a9a9876?s=96&d=mm&r=g","contentUrl":"https:\/\/secure.gravatar.com\/avatar\/0760a9b63fc3293644d0450eb8175c0c7d9ddd41708cd3d9ab626d656a9a9876?s=96&d=mm&r=g","caption":"admin-cira"}}]}},"jetpack_publicize_connections":[],"jetpack_featured_media_url":"https:\/\/cira.unan.edu.ni\/wp-content\/uploads\/2024\/11\/x1-6.jpg","jetpack_sharing_enabled":true,"_links":{"self":[{"href":"https:\/\/cira.unan.edu.ni\/index.php\/wp-json\/wp\/v2\/posts\/17222","targetHints":{"allow":["GET"]}}],"collection":[{"href":"https:\/\/cira.unan.edu.ni\/index.php\/wp-json\/wp\/v2\/posts"}],"about":[{"href":"https:\/\/cira.unan.edu.ni\/index.php\/wp-json\/wp\/v2\/types\/post"}],"author":[{"embeddable":true,"href":"https:\/\/cira.unan.edu.ni\/index.php\/wp-json\/wp\/v2\/users\/1"}],"replies":[{"embeddable":true,"href":"https:\/\/cira.unan.edu.ni\/index.php\/wp-json\/wp\/v2\/comments?post=17222"}],"version-history":[{"count":7,"href":"https:\/\/cira.unan.edu.ni\/index.php\/wp-json\/wp\/v2\/posts\/17222\/revisions"}],"predecessor-version":[{"id":18022,"href":"https:\/\/cira.unan.edu.ni\/index.php\/wp-json\/wp\/v2\/posts\/17222\/revisions\/18022"}],"wp:featuredmedia":[{"embeddable":true,"href":"https:\/\/cira.unan.edu.ni\/index.php\/wp-json\/wp\/v2\/media\/17225"}],"wp:attachment":[{"href":"https:\/\/cira.unan.edu.ni\/index.php\/wp-json\/wp\/v2\/media?parent=17222"}],"wp:term":[{"taxonomy":"category","embeddable":true,"href":"https:\/\/cira.unan.edu.ni\/index.php\/wp-json\/wp\/v2\/categories?post=17222"},{"taxonomy":"post_tag","embeddable":true,"href":"https:\/\/cira.unan.edu.ni\/index.php\/wp-json\/wp\/v2\/tags?post=17222"}],"curies":[{"name":"wp","href":"https:\/\/api.w.org\/{rel}","templated":true}]}}