{"id":18221,"date":"2025-01-30T18:24:39","date_gmt":"2025-01-31T00:24:39","guid":{"rendered":"https:\/\/cira.unan.edu.ni\/?p=18221"},"modified":"2025-01-30T18:24:39","modified_gmt":"2025-01-31T00:24:39","slug":"jorge-cuadra-mi-proposito-es-seguir-capacitandome-para-aportar-con-mas-calidad-a-la-investigacion-en-gestion-de-aguas","status":"publish","type":"post","link":"https:\/\/cira.unan.edu.ni\/index.php\/jorge-cuadra-mi-proposito-es-seguir-capacitandome-para-aportar-con-mas-calidad-a-la-investigacion-en-gestion-de-aguas\/","title":{"rendered":"Jorge Cuadra: \u00abMi prop\u00f3sito es seguir capacit\u00e1ndome para aportar con m\u00e1s calidad a la investigaci\u00f3n en gesti\u00f3n de aguas\u00bb"},"content":{"rendered":"<p><strong>Enero 29, 2025<\/strong><\/p>\n<section class=\"elementor-section elementor-inner-section elementor-element elementor-element-398ad0e5 elementor-section-boxed elementor-section-height-default elementor-section-height-default\" data-id=\"398ad0e5\" data-element_type=\"section\">\n<div class=\"elementor-container elementor-column-gap-default\">\n<div class=\"elementor-column elementor-col-100 elementor-inner-column elementor-element elementor-element-b838f8f\" data-id=\"b838f8f\" data-element_type=\"column\">\n<div class=\"elementor-widget-wrap elementor-element-populated\">\n<div class=\"elementor-element elementor-element-3f8ee71b elementor-blockquote--skin-quotation elementor-blockquote--button-color-official elementor-widget elementor-widget-blockquote\" data-id=\"3f8ee71b\" data-element_type=\"widget\" data-widget_type=\"blockquote.default\">\n<div class=\"elementor-widget-container\">\n<blockquote class=\"elementor-blockquote\">\n<p class=\"elementor-blockquote__content\">Estoy muy agradecido con UNAN-Managua\/CIRA porque me ha brindado la oportunidad de ser un profesional \u00edntegro\u00bb.<\/p>\n<\/blockquote>\n<\/div>\n<\/div>\n<div class=\"elementor-element elementor-element-6cd8a3ad elementor-widget elementor-widget-text-editor\" data-id=\"6cd8a3ad\" data-element_type=\"widget\" data-widget_type=\"text-editor.default\">\n<div class=\"elementor-widget-container\">\n<p>Plantearse constantemente nuevos retos y esforzarse al m\u00e1ximo para lograrlos son cualidades que Jorge Carlos Cuadra Molina valora que lo definen a nivel personal y profesional. Desde hace seis a\u00f1os, el joven graduado en Ingenier\u00eda en Calidad Ambiental se integr\u00f3 al Centro para la Investigaci\u00f3n en Recursos Acu\u00e1ticos (CIRA) de la UNAN-Managua para consolidar sus capacidades mediante las pr\u00e1cticas estudiantiles. Por su compromiso institucional y las habilidades mostradas fue contratado como especialista en an\u00e1lisis en el Laboratorio de Aguas Residuales.<\/p>\n<p>Motivado por proyectar las competencias investigativas desarrolladas, en 2019, Cuadra decidi\u00f3 realizar su trabajo monogr\u00e1fico en el CIRA. El estudio se bas\u00f3 en el dise\u00f1o de un sistema de barreras reactivas permeables para la remoci\u00f3n de nitrato en agua, obteniendo la m\u00e1xima calificaci\u00f3n, como resultado de su dedicaci\u00f3n y constancia. En este proceso cont\u00f3 con el acompa\u00f1amiento de especialistas del Centro, quienes no dudaron en brindarle las herramientas necesarias. Del trabajo investigativo se deriv\u00f3 un art\u00edculo cient\u00edfico publicado en la Revista Cient\u00edfica Estel\u00ed.<\/p>\n<p>\u00abEstoy muy agradecido con el CIRA porque me ha brindado la oportunidad de ser un profesional \u00edntegro y, de manera particular, agradezco al personal del Laboratorio de Aguas Residuales porque siempre se han mostrado que puedo contar con ellos en las inquietudes que surjan, para m\u00ed son como parte de mi familia\u00bb, refiere Cuadra, quien, adem\u00e1s, manifiesta que el trabajo en equipo ha sido una de las constantes para llevar a cabo las labores investigativas con eficiencia y calidad.<\/p>\n<p>En 2023, tuvo la oportunidad de participar junto a otros especialistas en la octava edici\u00f3n del Premio Nacional a la Producci\u00f3n m\u00e1s Limpia, con el proyecto denominado Aprovechamiento del agua del sistema de destilaci\u00f3n y cosecha de agua en el CIRA, obteniendo el segundo lugar en la categor\u00eda de Agua, iniciativa con la cual se prev\u00e9 la implementaci\u00f3n de estrategias sostenibles en la gesti\u00f3n del agua en este Centro para optimizar su uso al darle un valor agregado despu\u00e9s de ser utilizado en un proceso productivo, promoviendo la conservaci\u00f3n de los recursos h\u00eddricos, la resiliencia ante eventos clim\u00e1ticos extremos y la conciencia ambiental.<\/p>\n<p>Ese mismo a\u00f1o, su trayectoria laboral le permiti\u00f3 formar parte de la Comisi\u00f3n de Innovaci\u00f3n de la Universidad, experiencia que le demand\u00f3 una serie de capacitaciones en temas como edici\u00f3n de video, herramientas de innovaci\u00f3n abierta, impresi\u00f3n 3D y Arduino e Inteligencia Artificial, con el fin de aportar a trav\u00e9s de mentor\u00edas en competiciones como los rally nacional y latinoamericano de innovaci\u00f3n, espacios donde ha adquirido aprendizajes por medios del intercambio de ideas con estudiantes que generan propuestas novedosas.<\/p>\n<p>Cuadra cuenta con conocimientos en el idioma ingl\u00e9s y portugu\u00e9s y ha ampliado sus aprendizajes en temas de gesti\u00f3n de aguas. Para Jorge Carlos, uno de sus prop\u00f3sitos a corto plazo es seguir profesionaliz\u00e1ndose a trav\u00e9s de la formaci\u00f3n posgraduada y de capacitaciones en los \u00e1mbitos nacional e internacional. \u00abSon algunos de los retos que tengo actualmente y que debo enfrentar para seguir aportando con calidad a los procesos\u00bb, puntualiza el profesional.<\/p>\n<p style=\"text-align: right;\"><a href=\"https:\/\/www.unan.edu.ni\/index.php\/author\/dci\" target=\"_blank\" rel=\"noopener\">Direcci\u00f3n de Comunicaci\u00f3n Institucional<\/a><\/p>\n<p style=\"text-align: right;\"><a href=\"https:\/\/www.unan.edu.ni\/index.php\/vida-universitaria\/jorge-cuadra-mi-proposito-como-investigador-es-seguir-capacitandome-para-aportar-con-mas-calidad-a-los-estudios-en-gestion-de-aguas.odp\" target=\"_blank\" rel=\"noopener\">UNAN-Managua<\/a><\/p>\n<\/div>\n<\/div>\n<\/div>\n<\/div>\n<\/div>\n<\/section>\n","protected":false},"excerpt":{"rendered":"<p>Enero 29, 2025 Estoy muy agradecido con UNAN-Managua\/CIRA porque me ha brindado la oportunidad de ser un profesional \u00edntegro\u00bb. Plantearse constantemente nuevos retos y esforzarse al m\u00e1ximo para lograrlos son cualidades que Jorge Carlos Cuadra Molina valora que lo definen a nivel personal y profesional. Desde hace seis a\u00f1os, el joven graduado en Ingenier\u00eda en Calidad Ambiental se integr\u00f3 al Centro para la Investigaci\u00f3n en Recursos Acu\u00e1ticos (CIRA) de la UNAN-Managua para consolidar sus capacidades mediante las pr\u00e1cticas estudiantiles. Por su compromiso institucional y las habilidades mostradas fue contratado como especialista en an\u00e1lisis en el Laboratorio de Aguas Residuales. Motivado por proyectar las competencias investigativas desarrolladas, en 2019, Cuadra decidi\u00f3 realizar su trabajo monogr\u00e1fico en el CIRA. El estudio se bas\u00f3 en el dise\u00f1o de un sistema de barreras reactivas permeables para la remoci\u00f3n de nitrato en agua, obteniendo la m\u00e1xima calificaci\u00f3n, como resultado de su dedicaci\u00f3n y constancia. En este proceso cont\u00f3 con el acompa\u00f1amiento de especialistas del Centro, quienes no dudaron en brindarle las herramientas necesarias. Del trabajo investigativo se deriv\u00f3 un art\u00edculo cient\u00edfico publicado en la Revista Cient\u00edfica Estel\u00ed. \u00abEstoy muy agradecido con el CIRA porque me ha brindado la oportunidad de ser un profesional \u00edntegro y, de manera particular, agradezco al personal del Laboratorio de Aguas Residuales porque siempre se han mostrado que puedo contar con ellos en las inquietudes que surjan, para m\u00ed son como parte de mi familia\u00bb, refiere Cuadra, quien, adem\u00e1s, manifiesta que el trabajo en equipo ha sido una de las constantes para llevar a cabo las labores investigativas con eficiencia y calidad. En 2023, tuvo la oportunidad de participar junto a otros especialistas en la octava edici\u00f3n del Premio Nacional a la Producci\u00f3n m\u00e1s Limpia, con el proyecto denominado Aprovechamiento del agua del sistema de destilaci\u00f3n y cosecha de agua en el CIRA, obteniendo el segundo lugar en la categor\u00eda de Agua, iniciativa con la cual se prev\u00e9 la implementaci\u00f3n de estrategias sostenibles en la gesti\u00f3n del agua en este Centro para optimizar su uso al darle un valor agregado despu\u00e9s de ser utilizado en un proceso productivo, promoviendo la conservaci\u00f3n de los recursos h\u00eddricos, la resiliencia ante eventos clim\u00e1ticos extremos y la conciencia ambiental. Ese mismo a\u00f1o, su trayectoria laboral le permiti\u00f3 formar parte de la Comisi\u00f3n de Innovaci\u00f3n de la Universidad, experiencia que le demand\u00f3 una serie de capacitaciones en temas como edici\u00f3n de video, herramientas de innovaci\u00f3n abierta, impresi\u00f3n 3D y Arduino e Inteligencia Artificial, con el fin de aportar a trav\u00e9s de mentor\u00edas en competiciones como los rally nacional y latinoamericano de innovaci\u00f3n, espacios donde ha adquirido aprendizajes por medios del intercambio de ideas con estudiantes que generan propuestas novedosas. Cuadra cuenta con conocimientos en el idioma ingl\u00e9s y portugu\u00e9s y ha ampliado sus aprendizajes en temas de gesti\u00f3n de aguas. Para Jorge Carlos, uno de sus prop\u00f3sitos a corto plazo es seguir profesionaliz\u00e1ndose a trav\u00e9s de la formaci\u00f3n posgraduada y de capacitaciones en los \u00e1mbitos nacional e internacional. \u00abSon algunos de los retos que tengo actualmente y que debo enfrentar para seguir aportando con calidad a los procesos\u00bb, puntualiza el profesional. Direcci\u00f3n de Comunicaci\u00f3n Institucional UNAN-Managua<\/p>\n","protected":false},"author":1,"featured_media":18223,"comment_status":"closed","ping_status":"closed","sticky":false,"template":"","format":"standard","meta":{"site-sidebar-layout":"default","site-content-layout":"","ast-site-content-layout":"default","site-content-style":"default","site-sidebar-style":"default","ast-global-header-display":"","ast-banner-title-visibility":"","ast-main-header-display":"","ast-hfb-above-header-display":"","ast-hfb-below-header-display":"","ast-hfb-mobile-header-display":"","site-post-title":"","ast-breadcrumbs-content":"","ast-featured-img":"","footer-sml-layout":"","ast-disable-related-posts":"","theme-transparent-header-meta":"default","adv-header-id-meta":"","stick-header-meta":"","header-above-stick-meta":"","header-main-stick-meta":"","header-below-stick-meta":"","astra-migrate-meta-layouts":"set","ast-page-background-enabled":"default","ast-page-background-meta":{"desktop":{"background-color":"","background-image":"","background-repeat":"repeat","background-position":"center center","background-size":"auto","background-attachment":"scroll","background-type":"","background-media":"","overlay-type":"","overlay-color":"","overlay-opacity":"","overlay-gradient":""},"tablet":{"background-color":"","background-image":"","background-repeat":"repeat","background-position":"center center","background-size":"auto","background-attachment":"scroll","background-type":"","background-media":"","overlay-type":"","overlay-color":"","overlay-opacity":"","overlay-gradient":""},"mobile":{"background-color":"","background-image":"","background-repeat":"repeat","background-position":"center center","background-size":"auto","background-attachment":"scroll","background-type":"","background-media":"","overlay-type":"","overlay-color":"","overlay-opacity":"","overlay-gradient":""}},"ast-content-background-meta":{"desktop":{"background-color":"var(--ast-global-color-5)","background-image":"","background-repeat":"repeat","background-position":"center center","background-size":"auto","background-attachment":"scroll","background-type":"","background-media":"","overlay-type":"","overlay-color":"","overlay-opacity":"","overlay-gradient":""},"tablet":{"background-color":"var(--ast-global-color-5)","background-image":"","background-repeat":"repeat","background-position":"center center","background-size":"auto","background-attachment":"scroll","background-type":"","background-media":"","overlay-type":"","overlay-color":"","overlay-opacity":"","overlay-gradient":""},"mobile":{"background-color":"var(--ast-global-color-5)","background-image":"","background-repeat":"repeat","background-position":"center center","background-size":"auto","background-attachment":"scroll","background-type":"","background-media":"","overlay-type":"","overlay-color":"","overlay-opacity":"","overlay-gradient":""}},"ngg_post_thumbnail":0,"_jetpack_memberships_contains_paid_content":false,"footnotes":"","jetpack_publicize_message":"","jetpack_publicize_feature_enabled":true,"jetpack_social_post_already_shared":true,"jetpack_social_options":{"image_generator_settings":{"template":"highway","default_image_id":0,"font":"","enabled":false},"version":2}},"categories":[214],"tags":[],"class_list":["post-18221","post","type-post","status-publish","format-standard","has-post-thumbnail","hentry","category-vida-estudiantil"],"yoast_head":"<!-- This site is optimized with the Yoast SEO plugin v27.2 - https:\/\/yoast.com\/product\/yoast-seo-wordpress\/ -->\n<title>Jorge Cuadra: \u00abMi prop\u00f3sito es seguir capacit\u00e1ndome para aportar con m\u00e1s calidad a la investigaci\u00f3n en gesti\u00f3n de aguas\u00bb - UNAN-Managua\/CIRA<\/title>\n<meta name=\"robots\" content=\"index, follow, max-snippet:-1, max-image-preview:large, max-video-preview:-1\" \/>\n<link rel=\"canonical\" href=\"https:\/\/cira.unan.edu.ni\/index.php\/jorge-cuadra-mi-proposito-es-seguir-capacitandome-para-aportar-con-mas-calidad-a-la-investigacion-en-gestion-de-aguas\/\" \/>\n<meta property=\"og:locale\" content=\"es_ES\" \/>\n<meta property=\"og:type\" content=\"article\" \/>\n<meta property=\"og:title\" content=\"Jorge Cuadra: \u00abMi prop\u00f3sito es seguir capacit\u00e1ndome para aportar con m\u00e1s calidad a la investigaci\u00f3n en gesti\u00f3n de aguas\u00bb - UNAN-Managua\/CIRA\" \/>\n<meta property=\"og:description\" content=\"Enero 29, 2025 Estoy muy agradecido con UNAN-Managua\/CIRA porque me ha brindado la oportunidad de ser un profesional \u00edntegro\u00bb. Plantearse constantemente nuevos retos y esforzarse al m\u00e1ximo para lograrlos son cualidades que Jorge Carlos Cuadra Molina valora que lo definen a nivel personal y profesional. Desde hace seis a\u00f1os, el joven graduado en Ingenier\u00eda en Calidad Ambiental se integr\u00f3 al Centro para la Investigaci\u00f3n en Recursos Acu\u00e1ticos (CIRA) de la UNAN-Managua para consolidar sus capacidades mediante las pr\u00e1cticas estudiantiles. Por su compromiso institucional y las habilidades mostradas fue contratado como especialista en an\u00e1lisis en el Laboratorio de Aguas Residuales. Motivado por proyectar las competencias investigativas desarrolladas, en 2019, Cuadra decidi\u00f3 realizar su trabajo monogr\u00e1fico en el CIRA. El estudio se bas\u00f3 en el dise\u00f1o de un sistema de barreras reactivas permeables para la remoci\u00f3n de nitrato en agua, obteniendo la m\u00e1xima calificaci\u00f3n, como resultado de su dedicaci\u00f3n y constancia. En este proceso cont\u00f3 con el acompa\u00f1amiento de especialistas del Centro, quienes no dudaron en brindarle las herramientas necesarias. Del trabajo investigativo se deriv\u00f3 un art\u00edculo cient\u00edfico publicado en la Revista Cient\u00edfica Estel\u00ed. \u00abEstoy muy agradecido con el CIRA porque me ha brindado la oportunidad de ser un profesional \u00edntegro y, de manera particular, agradezco al personal del Laboratorio de Aguas Residuales porque siempre se han mostrado que puedo contar con ellos en las inquietudes que surjan, para m\u00ed son como parte de mi familia\u00bb, refiere Cuadra, quien, adem\u00e1s, manifiesta que el trabajo en equipo ha sido una de las constantes para llevar a cabo las labores investigativas con eficiencia y calidad. En 2023, tuvo la oportunidad de participar junto a otros especialistas en la octava edici\u00f3n del Premio Nacional a la Producci\u00f3n m\u00e1s Limpia, con el proyecto denominado Aprovechamiento del agua del sistema de destilaci\u00f3n y cosecha de agua en el CIRA, obteniendo el segundo lugar en la categor\u00eda de Agua, iniciativa con la cual se prev\u00e9 la implementaci\u00f3n de estrategias sostenibles en la gesti\u00f3n del agua en este Centro para optimizar su uso al darle un valor agregado despu\u00e9s de ser utilizado en un proceso productivo, promoviendo la conservaci\u00f3n de los recursos h\u00eddricos, la resiliencia ante eventos clim\u00e1ticos extremos y la conciencia ambiental. Ese mismo a\u00f1o, su trayectoria laboral le permiti\u00f3 formar parte de la Comisi\u00f3n de Innovaci\u00f3n de la Universidad, experiencia que le demand\u00f3 una serie de capacitaciones en temas como edici\u00f3n de video, herramientas de innovaci\u00f3n abierta, impresi\u00f3n 3D y Arduino e Inteligencia Artificial, con el fin de aportar a trav\u00e9s de mentor\u00edas en competiciones como los rally nacional y latinoamericano de innovaci\u00f3n, espacios donde ha adquirido aprendizajes por medios del intercambio de ideas con estudiantes que generan propuestas novedosas. Cuadra cuenta con conocimientos en el idioma ingl\u00e9s y portugu\u00e9s y ha ampliado sus aprendizajes en temas de gesti\u00f3n de aguas. Para Jorge Carlos, uno de sus prop\u00f3sitos a corto plazo es seguir profesionaliz\u00e1ndose a trav\u00e9s de la formaci\u00f3n posgraduada y de capacitaciones en los \u00e1mbitos nacional e internacional. \u00abSon algunos de los retos que tengo actualmente y que debo enfrentar para seguir aportando con calidad a los procesos\u00bb, puntualiza el profesional. Direcci\u00f3n de Comunicaci\u00f3n Institucional UNAN-Managua\" \/>\n<meta property=\"og:url\" content=\"https:\/\/cira.unan.edu.ni\/index.php\/jorge-cuadra-mi-proposito-es-seguir-capacitandome-para-aportar-con-mas-calidad-a-la-investigacion-en-gestion-de-aguas\/\" \/>\n<meta property=\"og:site_name\" content=\"UNAN-Managua\/CIRA\" \/>\n<meta property=\"article:publisher\" content=\"https:\/\/www.facebook.com\/Cira.Unan\/\" \/>\n<meta property=\"article:published_time\" content=\"2025-01-31T00:24:39+00:00\" \/>\n<meta property=\"og:image\" content=\"https:\/\/cira.unan.edu.ni\/wp-content\/uploads\/2025\/01\/Jorge-Cuadra12.jpg\" \/>\n\t<meta property=\"og:image:width\" content=\"1080\" \/>\n\t<meta property=\"og:image:height\" content=\"576\" \/>\n\t<meta property=\"og:image:type\" content=\"image\/jpeg\" \/>\n<meta name=\"author\" content=\"admin-cira\" \/>\n<meta name=\"twitter:card\" content=\"summary_large_image\" \/>\n<meta name=\"twitter:creator\" content=\"@CiraUnan\" \/>\n<meta name=\"twitter:site\" content=\"@CiraUnan\" \/>\n<meta name=\"twitter:label1\" content=\"Escrito por\" \/>\n\t<meta name=\"twitter:data1\" content=\"\" \/>\n\t<meta name=\"twitter:label2\" content=\"Tiempo de lectura\" \/>\n\t<meta name=\"twitter:data2\" content=\"3 minutos\" \/>\n<script type=\"application\/ld+json\" class=\"yoast-schema-graph\">{\"@context\":\"https:\/\/schema.org\",\"@graph\":[{\"@type\":\"Article\",\"@id\":\"https:\/\/cira.unan.edu.ni\/index.php\/jorge-cuadra-mi-proposito-es-seguir-capacitandome-para-aportar-con-mas-calidad-a-la-investigacion-en-gestion-de-aguas\/#article\",\"isPartOf\":{\"@id\":\"https:\/\/cira.unan.edu.ni\/index.php\/jorge-cuadra-mi-proposito-es-seguir-capacitandome-para-aportar-con-mas-calidad-a-la-investigacion-en-gestion-de-aguas\/\"},\"author\":{\"name\":\"admin-cira\",\"@id\":\"https:\/\/cira.unan.edu.ni\/#\/schema\/person\/ea471033ecfbf0f1297140bb71bc2661\"},\"headline\":\"Jorge Cuadra: \u00abMi prop\u00f3sito es seguir capacit\u00e1ndome para aportar con m\u00e1s calidad a la investigaci\u00f3n en gesti\u00f3n de aguas\u00bb\",\"datePublished\":\"2025-01-31T00:24:39+00:00\",\"mainEntityOfPage\":{\"@id\":\"https:\/\/cira.unan.edu.ni\/index.php\/jorge-cuadra-mi-proposito-es-seguir-capacitandome-para-aportar-con-mas-calidad-a-la-investigacion-en-gestion-de-aguas\/\"},\"wordCount\":588,\"publisher\":{\"@id\":\"https:\/\/cira.unan.edu.ni\/#organization\"},\"image\":{\"@id\":\"https:\/\/cira.unan.edu.ni\/index.php\/jorge-cuadra-mi-proposito-es-seguir-capacitandome-para-aportar-con-mas-calidad-a-la-investigacion-en-gestion-de-aguas\/#primaryimage\"},\"thumbnailUrl\":\"https:\/\/cira.unan.edu.ni\/wp-content\/uploads\/2025\/01\/Jorge-Cuadra12.jpg\",\"articleSection\":[\"Vida estudiantil\"],\"inLanguage\":\"es\"},{\"@type\":\"WebPage\",\"@id\":\"https:\/\/cira.unan.edu.ni\/index.php\/jorge-cuadra-mi-proposito-es-seguir-capacitandome-para-aportar-con-mas-calidad-a-la-investigacion-en-gestion-de-aguas\/\",\"url\":\"https:\/\/cira.unan.edu.ni\/index.php\/jorge-cuadra-mi-proposito-es-seguir-capacitandome-para-aportar-con-mas-calidad-a-la-investigacion-en-gestion-de-aguas\/\",\"name\":\"Jorge Cuadra: \u00abMi prop\u00f3sito es seguir capacit\u00e1ndome para aportar con m\u00e1s calidad a la investigaci\u00f3n en gesti\u00f3n de aguas\u00bb - UNAN-Managua\/CIRA\",\"isPartOf\":{\"@id\":\"https:\/\/cira.unan.edu.ni\/#website\"},\"primaryImageOfPage\":{\"@id\":\"https:\/\/cira.unan.edu.ni\/index.php\/jorge-cuadra-mi-proposito-es-seguir-capacitandome-para-aportar-con-mas-calidad-a-la-investigacion-en-gestion-de-aguas\/#primaryimage\"},\"image\":{\"@id\":\"https:\/\/cira.unan.edu.ni\/index.php\/jorge-cuadra-mi-proposito-es-seguir-capacitandome-para-aportar-con-mas-calidad-a-la-investigacion-en-gestion-de-aguas\/#primaryimage\"},\"thumbnailUrl\":\"https:\/\/cira.unan.edu.ni\/wp-content\/uploads\/2025\/01\/Jorge-Cuadra12.jpg\",\"datePublished\":\"2025-01-31T00:24:39+00:00\",\"breadcrumb\":{\"@id\":\"https:\/\/cira.unan.edu.ni\/index.php\/jorge-cuadra-mi-proposito-es-seguir-capacitandome-para-aportar-con-mas-calidad-a-la-investigacion-en-gestion-de-aguas\/#breadcrumb\"},\"inLanguage\":\"es\",\"potentialAction\":[{\"@type\":\"ReadAction\",\"target\":[\"https:\/\/cira.unan.edu.ni\/index.php\/jorge-cuadra-mi-proposito-es-seguir-capacitandome-para-aportar-con-mas-calidad-a-la-investigacion-en-gestion-de-aguas\/\"]}]},{\"@type\":\"ImageObject\",\"inLanguage\":\"es\",\"@id\":\"https:\/\/cira.unan.edu.ni\/index.php\/jorge-cuadra-mi-proposito-es-seguir-capacitandome-para-aportar-con-mas-calidad-a-la-investigacion-en-gestion-de-aguas\/#primaryimage\",\"url\":\"https:\/\/cira.unan.edu.ni\/wp-content\/uploads\/2025\/01\/Jorge-Cuadra12.jpg\",\"contentUrl\":\"https:\/\/cira.unan.edu.ni\/wp-content\/uploads\/2025\/01\/Jorge-Cuadra12.jpg\",\"width\":1080,\"height\":576},{\"@type\":\"BreadcrumbList\",\"@id\":\"https:\/\/cira.unan.edu.ni\/index.php\/jorge-cuadra-mi-proposito-es-seguir-capacitandome-para-aportar-con-mas-calidad-a-la-investigacion-en-gestion-de-aguas\/#breadcrumb\",\"itemListElement\":[{\"@type\":\"ListItem\",\"position\":1,\"name\":\"Portada\",\"item\":\"https:\/\/cira.unan.edu.ni\/\"},{\"@type\":\"ListItem\",\"position\":2,\"name\":\"Jorge Cuadra: \u00abMi prop\u00f3sito es seguir capacit\u00e1ndome para aportar con m\u00e1s calidad a la investigaci\u00f3n en gesti\u00f3n de aguas\u00bb\"}]},{\"@type\":\"WebSite\",\"@id\":\"https:\/\/cira.unan.edu.ni\/#website\",\"url\":\"https:\/\/cira.unan.edu.ni\/\",\"name\":\"CIRA\/UNAN-Managua\",\"description\":\"\",\"publisher\":{\"@id\":\"https:\/\/cira.unan.edu.ni\/#organization\"},\"potentialAction\":[{\"@type\":\"SearchAction\",\"target\":{\"@type\":\"EntryPoint\",\"urlTemplate\":\"https:\/\/cira.unan.edu.ni\/?s={search_term_string}\"},\"query-input\":{\"@type\":\"PropertyValueSpecification\",\"valueRequired\":true,\"valueName\":\"search_term_string\"}}],\"inLanguage\":\"es\"},{\"@type\":\"Organization\",\"@id\":\"https:\/\/cira.unan.edu.ni\/#organization\",\"name\":\"CIRA\/UNAN-Managua\",\"url\":\"https:\/\/cira.unan.edu.ni\/\",\"logo\":{\"@type\":\"ImageObject\",\"inLanguage\":\"es\",\"@id\":\"https:\/\/cira.unan.edu.ni\/#\/schema\/logo\/image\/\",\"url\":\"https:\/\/cira.unan.edu.ni\/wp-content\/uploads\/2018\/01\/logo_web_2018.fw_.png\",\"contentUrl\":\"https:\/\/cira.unan.edu.ni\/wp-content\/uploads\/2018\/01\/logo_web_2018.fw_.png\",\"width\":413,\"height\":88,\"caption\":\"CIRA\/UNAN-Managua\"},\"image\":{\"@id\":\"https:\/\/cira.unan.edu.ni\/#\/schema\/logo\/image\/\"},\"sameAs\":[\"https:\/\/www.facebook.com\/Cira.Unan\/\",\"https:\/\/x.com\/CiraUnan\",\"https:\/\/www.linkedin.com\/in\/cira-unan-managua-77058327\/\",\"https:\/\/www.youtube.com\/channel\/UCJ6caCqajBqeuhTqIPz5shg\"]},{\"@type\":\"Person\",\"@id\":\"https:\/\/cira.unan.edu.ni\/#\/schema\/person\/ea471033ecfbf0f1297140bb71bc2661\",\"name\":\"admin-cira\",\"image\":{\"@type\":\"ImageObject\",\"inLanguage\":\"es\",\"@id\":\"https:\/\/secure.gravatar.com\/avatar\/0760a9b63fc3293644d0450eb8175c0c7d9ddd41708cd3d9ab626d656a9a9876?s=96&d=mm&r=g\",\"url\":\"https:\/\/secure.gravatar.com\/avatar\/0760a9b63fc3293644d0450eb8175c0c7d9ddd41708cd3d9ab626d656a9a9876?s=96&d=mm&r=g\",\"contentUrl\":\"https:\/\/secure.gravatar.com\/avatar\/0760a9b63fc3293644d0450eb8175c0c7d9ddd41708cd3d9ab626d656a9a9876?s=96&d=mm&r=g\",\"caption\":\"admin-cira\"}}]}<\/script>\n<!-- \/ Yoast SEO plugin. -->","yoast_head_json":{"title":"Jorge Cuadra: \u00abMi prop\u00f3sito es seguir capacit\u00e1ndome para aportar con m\u00e1s calidad a la investigaci\u00f3n en gesti\u00f3n de aguas\u00bb - UNAN-Managua\/CIRA","robots":{"index":"index","follow":"follow","max-snippet":"max-snippet:-1","max-image-preview":"max-image-preview:large","max-video-preview":"max-video-preview:-1"},"canonical":"https:\/\/cira.unan.edu.ni\/index.php\/jorge-cuadra-mi-proposito-es-seguir-capacitandome-para-aportar-con-mas-calidad-a-la-investigacion-en-gestion-de-aguas\/","og_locale":"es_ES","og_type":"article","og_title":"Jorge Cuadra: \u00abMi prop\u00f3sito es seguir capacit\u00e1ndome para aportar con m\u00e1s calidad a la investigaci\u00f3n en gesti\u00f3n de aguas\u00bb - UNAN-Managua\/CIRA","og_description":"Enero 29, 2025 Estoy muy agradecido con UNAN-Managua\/CIRA porque me ha brindado la oportunidad de ser un profesional \u00edntegro\u00bb. Plantearse constantemente nuevos retos y esforzarse al m\u00e1ximo para lograrlos son cualidades que Jorge Carlos Cuadra Molina valora que lo definen a nivel personal y profesional. Desde hace seis a\u00f1os, el joven graduado en Ingenier\u00eda en Calidad Ambiental se integr\u00f3 al Centro para la Investigaci\u00f3n en Recursos Acu\u00e1ticos (CIRA) de la UNAN-Managua para consolidar sus capacidades mediante las pr\u00e1cticas estudiantiles. Por su compromiso institucional y las habilidades mostradas fue contratado como especialista en an\u00e1lisis en el Laboratorio de Aguas Residuales. Motivado por proyectar las competencias investigativas desarrolladas, en 2019, Cuadra decidi\u00f3 realizar su trabajo monogr\u00e1fico en el CIRA. El estudio se bas\u00f3 en el dise\u00f1o de un sistema de barreras reactivas permeables para la remoci\u00f3n de nitrato en agua, obteniendo la m\u00e1xima calificaci\u00f3n, como resultado de su dedicaci\u00f3n y constancia. En este proceso cont\u00f3 con el acompa\u00f1amiento de especialistas del Centro, quienes no dudaron en brindarle las herramientas necesarias. Del trabajo investigativo se deriv\u00f3 un art\u00edculo cient\u00edfico publicado en la Revista Cient\u00edfica Estel\u00ed. \u00abEstoy muy agradecido con el CIRA porque me ha brindado la oportunidad de ser un profesional \u00edntegro y, de manera particular, agradezco al personal del Laboratorio de Aguas Residuales porque siempre se han mostrado que puedo contar con ellos en las inquietudes que surjan, para m\u00ed son como parte de mi familia\u00bb, refiere Cuadra, quien, adem\u00e1s, manifiesta que el trabajo en equipo ha sido una de las constantes para llevar a cabo las labores investigativas con eficiencia y calidad. En 2023, tuvo la oportunidad de participar junto a otros especialistas en la octava edici\u00f3n del Premio Nacional a la Producci\u00f3n m\u00e1s Limpia, con el proyecto denominado Aprovechamiento del agua del sistema de destilaci\u00f3n y cosecha de agua en el CIRA, obteniendo el segundo lugar en la categor\u00eda de Agua, iniciativa con la cual se prev\u00e9 la implementaci\u00f3n de estrategias sostenibles en la gesti\u00f3n del agua en este Centro para optimizar su uso al darle un valor agregado despu\u00e9s de ser utilizado en un proceso productivo, promoviendo la conservaci\u00f3n de los recursos h\u00eddricos, la resiliencia ante eventos clim\u00e1ticos extremos y la conciencia ambiental. Ese mismo a\u00f1o, su trayectoria laboral le permiti\u00f3 formar parte de la Comisi\u00f3n de Innovaci\u00f3n de la Universidad, experiencia que le demand\u00f3 una serie de capacitaciones en temas como edici\u00f3n de video, herramientas de innovaci\u00f3n abierta, impresi\u00f3n 3D y Arduino e Inteligencia Artificial, con el fin de aportar a trav\u00e9s de mentor\u00edas en competiciones como los rally nacional y latinoamericano de innovaci\u00f3n, espacios donde ha adquirido aprendizajes por medios del intercambio de ideas con estudiantes que generan propuestas novedosas. Cuadra cuenta con conocimientos en el idioma ingl\u00e9s y portugu\u00e9s y ha ampliado sus aprendizajes en temas de gesti\u00f3n de aguas. Para Jorge Carlos, uno de sus prop\u00f3sitos a corto plazo es seguir profesionaliz\u00e1ndose a trav\u00e9s de la formaci\u00f3n posgraduada y de capacitaciones en los \u00e1mbitos nacional e internacional. \u00abSon algunos de los retos que tengo actualmente y que debo enfrentar para seguir aportando con calidad a los procesos\u00bb, puntualiza el profesional. Direcci\u00f3n de Comunicaci\u00f3n Institucional UNAN-Managua","og_url":"https:\/\/cira.unan.edu.ni\/index.php\/jorge-cuadra-mi-proposito-es-seguir-capacitandome-para-aportar-con-mas-calidad-a-la-investigacion-en-gestion-de-aguas\/","og_site_name":"UNAN-Managua\/CIRA","article_publisher":"https:\/\/www.facebook.com\/Cira.Unan\/","article_published_time":"2025-01-31T00:24:39+00:00","og_image":[{"width":1080,"height":576,"url":"https:\/\/cira.unan.edu.ni\/wp-content\/uploads\/2025\/01\/Jorge-Cuadra12.jpg","type":"image\/jpeg"}],"author":"admin-cira","twitter_card":"summary_large_image","twitter_creator":"@CiraUnan","twitter_site":"@CiraUnan","twitter_misc":{"Escrito por":false,"Tiempo de lectura":"3 minutos"},"schema":{"@context":"https:\/\/schema.org","@graph":[{"@type":"Article","@id":"https:\/\/cira.unan.edu.ni\/index.php\/jorge-cuadra-mi-proposito-es-seguir-capacitandome-para-aportar-con-mas-calidad-a-la-investigacion-en-gestion-de-aguas\/#article","isPartOf":{"@id":"https:\/\/cira.unan.edu.ni\/index.php\/jorge-cuadra-mi-proposito-es-seguir-capacitandome-para-aportar-con-mas-calidad-a-la-investigacion-en-gestion-de-aguas\/"},"author":{"name":"admin-cira","@id":"https:\/\/cira.unan.edu.ni\/#\/schema\/person\/ea471033ecfbf0f1297140bb71bc2661"},"headline":"Jorge Cuadra: \u00abMi prop\u00f3sito es seguir capacit\u00e1ndome para aportar con m\u00e1s calidad a la investigaci\u00f3n en gesti\u00f3n de aguas\u00bb","datePublished":"2025-01-31T00:24:39+00:00","mainEntityOfPage":{"@id":"https:\/\/cira.unan.edu.ni\/index.php\/jorge-cuadra-mi-proposito-es-seguir-capacitandome-para-aportar-con-mas-calidad-a-la-investigacion-en-gestion-de-aguas\/"},"wordCount":588,"publisher":{"@id":"https:\/\/cira.unan.edu.ni\/#organization"},"image":{"@id":"https:\/\/cira.unan.edu.ni\/index.php\/jorge-cuadra-mi-proposito-es-seguir-capacitandome-para-aportar-con-mas-calidad-a-la-investigacion-en-gestion-de-aguas\/#primaryimage"},"thumbnailUrl":"https:\/\/cira.unan.edu.ni\/wp-content\/uploads\/2025\/01\/Jorge-Cuadra12.jpg","articleSection":["Vida estudiantil"],"inLanguage":"es"},{"@type":"WebPage","@id":"https:\/\/cira.unan.edu.ni\/index.php\/jorge-cuadra-mi-proposito-es-seguir-capacitandome-para-aportar-con-mas-calidad-a-la-investigacion-en-gestion-de-aguas\/","url":"https:\/\/cira.unan.edu.ni\/index.php\/jorge-cuadra-mi-proposito-es-seguir-capacitandome-para-aportar-con-mas-calidad-a-la-investigacion-en-gestion-de-aguas\/","name":"Jorge Cuadra: \u00abMi prop\u00f3sito es seguir capacit\u00e1ndome para aportar con m\u00e1s calidad a la investigaci\u00f3n en gesti\u00f3n de aguas\u00bb - UNAN-Managua\/CIRA","isPartOf":{"@id":"https:\/\/cira.unan.edu.ni\/#website"},"primaryImageOfPage":{"@id":"https:\/\/cira.unan.edu.ni\/index.php\/jorge-cuadra-mi-proposito-es-seguir-capacitandome-para-aportar-con-mas-calidad-a-la-investigacion-en-gestion-de-aguas\/#primaryimage"},"image":{"@id":"https:\/\/cira.unan.edu.ni\/index.php\/jorge-cuadra-mi-proposito-es-seguir-capacitandome-para-aportar-con-mas-calidad-a-la-investigacion-en-gestion-de-aguas\/#primaryimage"},"thumbnailUrl":"https:\/\/cira.unan.edu.ni\/wp-content\/uploads\/2025\/01\/Jorge-Cuadra12.jpg","datePublished":"2025-01-31T00:24:39+00:00","breadcrumb":{"@id":"https:\/\/cira.unan.edu.ni\/index.php\/jorge-cuadra-mi-proposito-es-seguir-capacitandome-para-aportar-con-mas-calidad-a-la-investigacion-en-gestion-de-aguas\/#breadcrumb"},"inLanguage":"es","potentialAction":[{"@type":"ReadAction","target":["https:\/\/cira.unan.edu.ni\/index.php\/jorge-cuadra-mi-proposito-es-seguir-capacitandome-para-aportar-con-mas-calidad-a-la-investigacion-en-gestion-de-aguas\/"]}]},{"@type":"ImageObject","inLanguage":"es","@id":"https:\/\/cira.unan.edu.ni\/index.php\/jorge-cuadra-mi-proposito-es-seguir-capacitandome-para-aportar-con-mas-calidad-a-la-investigacion-en-gestion-de-aguas\/#primaryimage","url":"https:\/\/cira.unan.edu.ni\/wp-content\/uploads\/2025\/01\/Jorge-Cuadra12.jpg","contentUrl":"https:\/\/cira.unan.edu.ni\/wp-content\/uploads\/2025\/01\/Jorge-Cuadra12.jpg","width":1080,"height":576},{"@type":"BreadcrumbList","@id":"https:\/\/cira.unan.edu.ni\/index.php\/jorge-cuadra-mi-proposito-es-seguir-capacitandome-para-aportar-con-mas-calidad-a-la-investigacion-en-gestion-de-aguas\/#breadcrumb","itemListElement":[{"@type":"ListItem","position":1,"name":"Portada","item":"https:\/\/cira.unan.edu.ni\/"},{"@type":"ListItem","position":2,"name":"Jorge Cuadra: \u00abMi prop\u00f3sito es seguir capacit\u00e1ndome para aportar con m\u00e1s calidad a la investigaci\u00f3n en gesti\u00f3n de aguas\u00bb"}]},{"@type":"WebSite","@id":"https:\/\/cira.unan.edu.ni\/#website","url":"https:\/\/cira.unan.edu.ni\/","name":"CIRA\/UNAN-Managua","description":"","publisher":{"@id":"https:\/\/cira.unan.edu.ni\/#organization"},"potentialAction":[{"@type":"SearchAction","target":{"@type":"EntryPoint","urlTemplate":"https:\/\/cira.unan.edu.ni\/?s={search_term_string}"},"query-input":{"@type":"PropertyValueSpecification","valueRequired":true,"valueName":"search_term_string"}}],"inLanguage":"es"},{"@type":"Organization","@id":"https:\/\/cira.unan.edu.ni\/#organization","name":"CIRA\/UNAN-Managua","url":"https:\/\/cira.unan.edu.ni\/","logo":{"@type":"ImageObject","inLanguage":"es","@id":"https:\/\/cira.unan.edu.ni\/#\/schema\/logo\/image\/","url":"https:\/\/cira.unan.edu.ni\/wp-content\/uploads\/2018\/01\/logo_web_2018.fw_.png","contentUrl":"https:\/\/cira.unan.edu.ni\/wp-content\/uploads\/2018\/01\/logo_web_2018.fw_.png","width":413,"height":88,"caption":"CIRA\/UNAN-Managua"},"image":{"@id":"https:\/\/cira.unan.edu.ni\/#\/schema\/logo\/image\/"},"sameAs":["https:\/\/www.facebook.com\/Cira.Unan\/","https:\/\/x.com\/CiraUnan","https:\/\/www.linkedin.com\/in\/cira-unan-managua-77058327\/","https:\/\/www.youtube.com\/channel\/UCJ6caCqajBqeuhTqIPz5shg"]},{"@type":"Person","@id":"https:\/\/cira.unan.edu.ni\/#\/schema\/person\/ea471033ecfbf0f1297140bb71bc2661","name":"admin-cira","image":{"@type":"ImageObject","inLanguage":"es","@id":"https:\/\/secure.gravatar.com\/avatar\/0760a9b63fc3293644d0450eb8175c0c7d9ddd41708cd3d9ab626d656a9a9876?s=96&d=mm&r=g","url":"https:\/\/secure.gravatar.com\/avatar\/0760a9b63fc3293644d0450eb8175c0c7d9ddd41708cd3d9ab626d656a9a9876?s=96&d=mm&r=g","contentUrl":"https:\/\/secure.gravatar.com\/avatar\/0760a9b63fc3293644d0450eb8175c0c7d9ddd41708cd3d9ab626d656a9a9876?s=96&d=mm&r=g","caption":"admin-cira"}}]}},"jetpack_publicize_connections":[],"jetpack_featured_media_url":"https:\/\/cira.unan.edu.ni\/wp-content\/uploads\/2025\/01\/Jorge-Cuadra12.jpg","jetpack_sharing_enabled":true,"_links":{"self":[{"href":"https:\/\/cira.unan.edu.ni\/index.php\/wp-json\/wp\/v2\/posts\/18221","targetHints":{"allow":["GET"]}}],"collection":[{"href":"https:\/\/cira.unan.edu.ni\/index.php\/wp-json\/wp\/v2\/posts"}],"about":[{"href":"https:\/\/cira.unan.edu.ni\/index.php\/wp-json\/wp\/v2\/types\/post"}],"author":[{"embeddable":true,"href":"https:\/\/cira.unan.edu.ni\/index.php\/wp-json\/wp\/v2\/users\/1"}],"replies":[{"embeddable":true,"href":"https:\/\/cira.unan.edu.ni\/index.php\/wp-json\/wp\/v2\/comments?post=18221"}],"version-history":[{"count":3,"href":"https:\/\/cira.unan.edu.ni\/index.php\/wp-json\/wp\/v2\/posts\/18221\/revisions"}],"predecessor-version":[{"id":18226,"href":"https:\/\/cira.unan.edu.ni\/index.php\/wp-json\/wp\/v2\/posts\/18221\/revisions\/18226"}],"wp:featuredmedia":[{"embeddable":true,"href":"https:\/\/cira.unan.edu.ni\/index.php\/wp-json\/wp\/v2\/media\/18223"}],"wp:attachment":[{"href":"https:\/\/cira.unan.edu.ni\/index.php\/wp-json\/wp\/v2\/media?parent=18221"}],"wp:term":[{"taxonomy":"category","embeddable":true,"href":"https:\/\/cira.unan.edu.ni\/index.php\/wp-json\/wp\/v2\/categories?post=18221"},{"taxonomy":"post_tag","embeddable":true,"href":"https:\/\/cira.unan.edu.ni\/index.php\/wp-json\/wp\/v2\/tags?post=18221"}],"curies":[{"name":"wp","href":"https:\/\/api.w.org\/{rel}","templated":true}]}}