{"id":18739,"date":"2025-04-02T17:43:56","date_gmt":"2025-04-02T23:43:56","guid":{"rendered":"https:\/\/cira.unan.edu.ni\/?p=18739"},"modified":"2025-04-02T17:46:30","modified_gmt":"2025-04-02T23:46:30","slug":"unan-managua-cira-trabaja-en-plan-de-accion-para-la-gestion-de-la-cuenca-del-xolotlan","status":"publish","type":"post","link":"https:\/\/cira.unan.edu.ni\/index.php\/unan-managua-cira-trabaja-en-plan-de-accion-para-la-gestion-de-la-cuenca-del-xolotlan\/","title":{"rendered":"UNAN-Managua\/CIRA trabaja en Plan de acci\u00f3n para la Gesti\u00f3n de la Cuenca del Xolotl\u00e1n"},"content":{"rendered":"\t\t<div data-elementor-type=\"wp-post\" data-elementor-id=\"18739\" class=\"elementor elementor-18739\">\n\t\t\t\t\t\t<section class=\"elementor-section elementor-top-section elementor-element elementor-element-56e762cb elementor-section-full_width elementor-section-stretched elementor-section-height-default elementor-section-height-default wpr-particle-no wpr-jarallax-no wpr-parallax-no wpr-sticky-section-no\" data-id=\"56e762cb\" data-element_type=\"section\" data-e-type=\"section\" data-settings=\"{&quot;background_background&quot;:&quot;classic&quot;,&quot;stretch_section&quot;:&quot;section-stretched&quot;}\">\n\t\t\t\t\t\t<div class=\"elementor-container elementor-column-gap-no\">\n\t\t\t\t\t<div class=\"elementor-column elementor-col-100 elementor-top-column elementor-element elementor-element-6e7ebb49\" data-id=\"6e7ebb49\" data-element_type=\"column\" data-e-type=\"column\">\n\t\t\t<div class=\"elementor-widget-wrap\">\n\t\t\t\t\t\t\t<\/div>\n\t\t<\/div>\n\t\t\t\t\t<\/div>\n\t\t<\/section>\n\t\t\t\t<section class=\"elementor-section elementor-top-section elementor-element elementor-element-7ef6132e elementor-section-boxed elementor-section-height-default elementor-section-height-default wpr-particle-no wpr-jarallax-no wpr-parallax-no wpr-sticky-section-no\" data-id=\"7ef6132e\" data-element_type=\"section\" data-e-type=\"section\" data-settings=\"{&quot;background_background&quot;:&quot;classic&quot;}\">\n\t\t\t\t\t\t<div class=\"elementor-container elementor-column-gap-default\">\n\t\t\t\t\t<div class=\"elementor-column elementor-col-100 elementor-top-column elementor-element elementor-element-3c740668\" data-id=\"3c740668\" data-element_type=\"column\" data-e-type=\"column\" data-settings=\"{&quot;background_background&quot;:&quot;classic&quot;}\">\n\t\t\t<div class=\"elementor-widget-wrap elementor-element-populated\">\n\t\t\t\t\t\t<div class=\"elementor-element elementor-element-b7730cd elementor-widget elementor-widget-heading\" data-id=\"b7730cd\" data-element_type=\"widget\" data-e-type=\"widget\" data-widget_type=\"heading.default\">\n\t\t\t\t<div class=\"elementor-widget-container\">\n\t\t\t\t\t<h2 class=\"elementor-heading-title elementor-size-default\">NOTAS INFORMATIVAS<br><\/h2>\t\t\t\t<\/div>\n\t\t\t\t<\/div>\n\t\t\t\t\t<\/div>\n\t\t<\/div>\n\t\t\t\t\t<\/div>\n\t\t<\/section>\n\t\t\t\t<section class=\"elementor-section elementor-top-section elementor-element elementor-element-54535840 elementor-section-boxed elementor-section-height-default elementor-section-height-default wpr-particle-no wpr-jarallax-no wpr-parallax-no wpr-sticky-section-no\" data-id=\"54535840\" data-element_type=\"section\" data-e-type=\"section\">\n\t\t\t\t\t\t<div class=\"elementor-container elementor-column-gap-default\">\n\t\t\t\t\t<div class=\"elementor-column elementor-col-50 elementor-top-column elementor-element elementor-element-3cb2dad2\" data-id=\"3cb2dad2\" data-element_type=\"column\" data-e-type=\"column\">\n\t\t\t<div class=\"elementor-widget-wrap elementor-element-populated\">\n\t\t\t\t\t\t<div class=\"elementor-element elementor-element-2c982855 elementor-widget elementor-widget-heading\" data-id=\"2c982855\" data-element_type=\"widget\" data-e-type=\"widget\" data-widget_type=\"heading.default\">\n\t\t\t\t<div class=\"elementor-widget-container\">\n\t\t\t\t\t<h1 class=\"elementor-heading-title elementor-size-default\">UNAN-Managua\/CIRA trabaja en Plan de acci\u00f3n para la Gesti\u00f3n de la Cuenca del Xolotl\u00e1n<\/h1>\t\t\t\t<\/div>\n\t\t\t\t<\/div>\n\t\t\t\t\t<\/div>\n\t\t<\/div>\n\t\t\t\t<div class=\"elementor-column elementor-col-50 elementor-top-column elementor-element elementor-element-206ca483\" data-id=\"206ca483\" data-element_type=\"column\" data-e-type=\"column\">\n\t\t\t<div class=\"elementor-widget-wrap elementor-element-populated\">\n\t\t\t\t\t\t<div class=\"elementor-element elementor-element-2f6f807e elementor-widget elementor-widget-spacer\" data-id=\"2f6f807e\" data-element_type=\"widget\" data-e-type=\"widget\" data-widget_type=\"spacer.default\">\n\t\t\t\t<div class=\"elementor-widget-container\">\n\t\t\t\t\t\t\t<div class=\"elementor-spacer\">\n\t\t\t<div class=\"elementor-spacer-inner\"><\/div>\n\t\t<\/div>\n\t\t\t\t\t\t<\/div>\n\t\t\t\t<\/div>\n\t\t\t\t\t<\/div>\n\t\t<\/div>\n\t\t\t\t\t<\/div>\n\t\t<\/section>\n\t\t\t\t<section class=\"elementor-section elementor-top-section elementor-element elementor-element-61598069 elementor-section-boxed elementor-section-height-default elementor-section-height-default wpr-particle-no wpr-jarallax-no wpr-parallax-no wpr-sticky-section-no\" data-id=\"61598069\" data-element_type=\"section\" data-e-type=\"section\">\n\t\t\t\t\t\t<div class=\"elementor-container elementor-column-gap-default\">\n\t\t\t\t\t<div class=\"elementor-column elementor-col-50 elementor-top-column elementor-element elementor-element-67e55c40\" data-id=\"67e55c40\" data-element_type=\"column\" data-e-type=\"column\">\n\t\t\t<div class=\"elementor-widget-wrap elementor-element-populated\">\n\t\t\t\t\t\t<div class=\"elementor-element elementor-element-6f2fb6ef elementor-widget elementor-widget-image\" data-id=\"6f2fb6ef\" data-element_type=\"widget\" data-e-type=\"widget\" data-widget_type=\"image.default\">\n\t\t\t\t<div class=\"elementor-widget-container\">\n\t\t\t\t\t\t\t\t\t\t\t\t\t\t\t<img fetchpriority=\"high\" decoding=\"async\" data-attachment-id=\"18740\" data-permalink=\"https:\/\/cira.unan.edu.ni\/index.php\/unan-managua-cira-trabaja-en-plan-de-accion-para-la-gestion-de-la-cuenca-del-xolotlan\/whatsapp-image-2025-03-20-at-2-57-31-pm\/\" data-orig-file=\"https:\/\/cira.unan.edu.ni\/wp-content\/uploads\/2025\/04\/WhatsApp-Image-2025-03-20-at-2.57.31-PM.jpeg\" data-orig-size=\"1080,576\" data-comments-opened=\"0\" data-image-meta=\"{&quot;aperture&quot;:&quot;0&quot;,&quot;credit&quot;:&quot;&quot;,&quot;camera&quot;:&quot;&quot;,&quot;caption&quot;:&quot;&quot;,&quot;created_timestamp&quot;:&quot;0&quot;,&quot;copyright&quot;:&quot;&quot;,&quot;focal_length&quot;:&quot;0&quot;,&quot;iso&quot;:&quot;0&quot;,&quot;shutter_speed&quot;:&quot;0&quot;,&quot;title&quot;:&quot;&quot;,&quot;orientation&quot;:&quot;0&quot;}\" data-image-title=\"WhatsApp-Image-2025-03-20-at-2.57.31-PM\" data-image-description=\"\" data-image-caption=\"\" data-medium-file=\"https:\/\/cira.unan.edu.ni\/wp-content\/uploads\/2025\/04\/WhatsApp-Image-2025-03-20-at-2.57.31-PM-300x160.jpeg\" data-large-file=\"https:\/\/cira.unan.edu.ni\/wp-content\/uploads\/2025\/04\/WhatsApp-Image-2025-03-20-at-2.57.31-PM-1024x546.jpeg\" width=\"1080\" height=\"576\" src=\"https:\/\/cira.unan.edu.ni\/wp-content\/uploads\/2025\/04\/WhatsApp-Image-2025-03-20-at-2.57.31-PM.jpeg\" class=\"attachment-full size-full wp-image-18740\" alt=\"\" srcset=\"https:\/\/cira.unan.edu.ni\/wp-content\/uploads\/2025\/04\/WhatsApp-Image-2025-03-20-at-2.57.31-PM.jpeg 1080w, https:\/\/cira.unan.edu.ni\/wp-content\/uploads\/2025\/04\/WhatsApp-Image-2025-03-20-at-2.57.31-PM-300x160.jpeg 300w, https:\/\/cira.unan.edu.ni\/wp-content\/uploads\/2025\/04\/WhatsApp-Image-2025-03-20-at-2.57.31-PM-1024x546.jpeg 1024w, https:\/\/cira.unan.edu.ni\/wp-content\/uploads\/2025\/04\/WhatsApp-Image-2025-03-20-at-2.57.31-PM-768x410.jpeg 768w\" sizes=\"(max-width: 1080px) 100vw, 1080px\" data-attachment-id=\"18740\" data-permalink=\"https:\/\/cira.unan.edu.ni\/index.php\/unan-managua-cira-trabaja-en-plan-de-accion-para-la-gestion-de-la-cuenca-del-xolotlan\/whatsapp-image-2025-03-20-at-2-57-31-pm\/\" data-orig-file=\"https:\/\/cira.unan.edu.ni\/wp-content\/uploads\/2025\/04\/WhatsApp-Image-2025-03-20-at-2.57.31-PM.jpeg\" data-orig-size=\"1080,576\" data-comments-opened=\"0\" data-image-meta=\"{&quot;aperture&quot;:&quot;0&quot;,&quot;credit&quot;:&quot;&quot;,&quot;camera&quot;:&quot;&quot;,&quot;caption&quot;:&quot;&quot;,&quot;created_timestamp&quot;:&quot;0&quot;,&quot;copyright&quot;:&quot;&quot;,&quot;focal_length&quot;:&quot;0&quot;,&quot;iso&quot;:&quot;0&quot;,&quot;shutter_speed&quot;:&quot;0&quot;,&quot;title&quot;:&quot;&quot;,&quot;orientation&quot;:&quot;0&quot;}\" data-image-title=\"WhatsApp-Image-2025-03-20-at-2.57.31-PM\" data-image-description=\"\" data-image-caption=\"\" data-medium-file=\"https:\/\/cira.unan.edu.ni\/wp-content\/uploads\/2025\/04\/WhatsApp-Image-2025-03-20-at-2.57.31-PM-300x160.jpeg\" data-large-file=\"https:\/\/cira.unan.edu.ni\/wp-content\/uploads\/2025\/04\/WhatsApp-Image-2025-03-20-at-2.57.31-PM-1024x546.jpeg\" \/>\t\t\t\t\t\t\t\t\t\t\t\t\t\t\t<\/div>\n\t\t\t\t<\/div>\n\t\t\t\t<div class=\"elementor-element elementor-element-2144a120 elementor-widget elementor-widget-text-editor\" data-id=\"2144a120\" data-element_type=\"widget\" data-e-type=\"widget\" data-widget_type=\"text-editor.default\">\n\t\t\t\t<div class=\"elementor-widget-container\">\n\t\t\t\t\t\t\t\t\t<p><span style=\"font-family: -apple-system, system-ui, BlinkMacSystemFont, 'Segoe UI', Helvetica, Arial, sans-serif, 'Apple Color Emoji', 'Segoe UI Emoji;\"><strong>Marzo 20, 2025<\/strong><\/span><\/p><p style=\"margin-bottom: 1.5em; color: #000000; font-family: -apple-system, system-ui, BlinkMacSystemFont, 'Segoe UI', Helvetica, Arial, sans-serif, 'Apple Color Emoji', 'Segoe UI Emoji', 'Segoe UI Symbol'; font-size: 17px; font-style: normal; font-weight: 400;\">En el marco del D\u00eda Mundial del Agua, el Centro para la Investigaci\u00f3n en Recursos Acu\u00e1ticos (CIRA) de la UNAN-Managua realiz\u00f3 el cuarto seminario cient\u00edfico, facilitado por la m\u00e1ster Kathia Vanessa Rojas Cerda, especialista en an\u00e1lisis de laboratorio, quien present\u00f3 un Plan de Acci\u00f3n para la Gesti\u00f3n de la Cuenca del Lago Xolotl\u00e1n basado en el conocimiento de las buenas pr\u00e1cticas realizadas para la recuperaci\u00f3n del Lago Biwa, Jap\u00f3n.<\/p><p style=\"margin-bottom: 1.5em; color: #000000; font-family: -apple-system, system-ui, BlinkMacSystemFont, 'Segoe UI', Helvetica, Arial, sans-serif, 'Apple Color Emoji', 'Segoe UI Emoji', 'Segoe UI Symbol'; font-size: 17px; font-style: normal; font-weight: 400;\">La elaboraci\u00f3n de este Plan se deriva de su participaci\u00f3n en el curso \u00abGesti\u00f3n integrada de cuencas lacustres, fluviales y costeras para el uso sostenible y la conservaci\u00f3n de los recursos h\u00eddricos\u00bb, efectuado del 13 de enero al 19 de febrero en la Prefectura de Shiga, Jap\u00f3n, organizado por la Agencia de Cooperaci\u00f3n Internacional del Jap\u00f3n (JICA).<\/p><p style=\"margin-bottom: 1.5em; color: #000000; font-family: -apple-system, system-ui, BlinkMacSystemFont, 'Segoe UI', Helvetica, Arial, sans-serif, 'Apple Color Emoji', 'Segoe UI Emoji', 'Segoe UI Symbol'; font-size: 17px; font-style: normal; font-weight: 400;\"><img decoding=\"async\" class=\"alignnone size-full wp-image-121548\" src=\"https:\/\/www.unan.edu.ni\/wp-content\/uploads\/WhatsApp-Image-2025-03-20-at-2.57.31-PM-1.jpeg\" sizes=\"(max-width: 1080px) 100vw, 1080px\" srcset=\"https:\/\/www.unan.edu.ni\/wp-content\/uploads\/WhatsApp-Image-2025-03-20-at-2.57.31-PM-1.jpeg 1080w, https:\/\/www.unan.edu.ni\/wp-content\/uploads\/WhatsApp-Image-2025-03-20-at-2.57.31-PM-1-300x160.jpeg 300w, https:\/\/www.unan.edu.ni\/wp-content\/uploads\/WhatsApp-Image-2025-03-20-at-2.57.31-PM-1-1024x546.jpeg 1024w, https:\/\/www.unan.edu.ni\/wp-content\/uploads\/WhatsApp-Image-2025-03-20-at-2.57.31-PM-1-768x410.jpeg 768w\" alt=\"\" width=\"1080\" height=\"576\" \/><\/p><p style=\"margin-bottom: 1.5em; color: #000000; font-family: -apple-system, system-ui, BlinkMacSystemFont, 'Segoe UI', Helvetica, Arial, sans-serif, 'Apple Color Emoji', 'Segoe UI Emoji', 'Segoe UI Symbol'; font-size: 17px; font-style: normal; font-weight: 400;\">De acuerdo con la especialista, el Plan se centra en dos acciones: Educaci\u00f3n Ambiental, mediante la cual se prev\u00e9 elaborar materiales acerca de la biodiversidad del lago, las propiedades fisicoqu\u00edmicas de las aguas y de las mejores pr\u00e1cticas para la conservaci\u00f3n de la calidad, as\u00ed como capacitar a los docentes del CIRA para la implementaci\u00f3n de materiales did\u00e1cticos, y otras actividades como la organizaci\u00f3n de talleres, seminarios y cursos en l\u00ednea para la actualizaci\u00f3n de conocimientos orientados al tema.<\/p><p style=\"margin-bottom: 1.5em; color: #000000; font-family: -apple-system, system-ui, BlinkMacSystemFont, 'Segoe UI', Helvetica, Arial, sans-serif, 'Apple Color Emoji', 'Segoe UI Emoji', 'Segoe UI Symbol'; font-size: 17px; font-style: normal; font-weight: 400;\">Como segunda acci\u00f3n se plantea la Sistematizaci\u00f3n y actualizaci\u00f3n de informaci\u00f3n de la calidad del agua del lago para un monitoreo peri\u00f3dico de par\u00e1metros clave como la transparencia y niveles de nutrientes, monitoreo de las concentraciones de mercurio en sedimento del lago y r\u00edos que permita contar con una base de datos centralizada para compartir datos entre instituciones de investigaci\u00f3n, gobierno y organizaciones internacionales.<\/p><section class=\"elementor-section elementor-inner-section elementor-element elementor-element-48a268f5 elementor-section-boxed elementor-section-height-default elementor-section-height-default\" data-id=\"48a268f5\" data-element_type=\"section\"><div class=\"elementor-container elementor-column-gap-default\"><div class=\"elementor-column elementor-col-100 elementor-inner-column elementor-element elementor-element-3ea0f177\" data-id=\"3ea0f177\" data-element_type=\"column\"><div class=\"elementor-widget-wrap elementor-element-populated\"><div class=\"elementor-element elementor-element-b2ef8bd elementor-widget elementor-widget-text-editor\" data-id=\"b2ef8bd\" data-element_type=\"widget\" data-widget_type=\"text-editor.default\"><div class=\"elementor-widget-container\"><p style=\"text-align: right;\"><span style=\"font-family: -apple-system, system-ui, BlinkMacSystemFont, 'Segoe UI', Helvetica, Arial, sans-serif, 'Apple Color Emoji', 'Segoe UI Emoji', 'Segoe UI Symbol;\"><a href=\"https:\/\/www.unan.edu.ni\/index.php\/author\/dci\" target=\"_blank\" rel=\"noopener\">Direcci\u00f3n de Comunicaci\u00f3n Institucional<\/a><\/span><\/p><p style=\"text-align: right;\"><span style=\"font-family: -apple-system, system-ui, BlinkMacSystemFont, 'Segoe UI', Helvetica, Arial, sans-serif, 'Apple Color Emoji', 'Segoe UI Emoji', 'Segoe UI Symbol;\"><a href=\"https:\/\/www.unan.edu.ni\/index.php\/notas-informativas\/unan-managua-cira-trabaja-en-plan-de-accion-para-la-gestion-de-la-cuenca-del-xolotlan.odp\" target=\"_blank\" rel=\"noopener\"><span style=\"font-family: arial, helvetica, sans-serif;\">UNAN-Managua\u00a0<\/span><\/a><\/span><\/p><\/div><\/div><\/div><\/div><\/div><\/section>\t\t\t\t\t\t\t\t<\/div>\n\t\t\t\t<\/div>\n\t\t\t\t\t<\/div>\n\t\t<\/div>\n\t\t\t\t<div class=\"elementor-column elementor-col-50 elementor-top-column elementor-element elementor-element-4b296224\" data-id=\"4b296224\" data-element_type=\"column\" data-e-type=\"column\">\n\t\t\t<div class=\"elementor-widget-wrap elementor-element-populated\">\n\t\t\t\t\t\t<div class=\"elementor-element elementor-element-69e47b elementor-widget elementor-widget-htmega-blockquote-addons\" data-id=\"69e47b\" data-element_type=\"widget\" data-e-type=\"widget\" data-widget_type=\"htmega-blockquote-addons.default\">\n\t\t\t\t<div class=\"elementor-widget-container\">\n\t\t\t\t\t            <div class=\"htmega-blockquote htmega-blockquote-position-leftcenter htmega-citeseparator-position-before\">\n                <blockquote>\n                    <cite class=\"quote-by\"> Notas Informativas <\/cite>                <\/blockquote>\n           <\/div>\n\n        \t\t\t\t<\/div>\n\t\t\t\t<\/div>\n\t\t\t\t<div class=\"elementor-element elementor-element-770749a2 elementor-grid-eael-col-1 elementor-grid-tablet-eael-col-2 elementor-grid-mobile-eael-col-1 elementor-widget elementor-widget-eael-post-grid\" data-id=\"770749a2\" data-element_type=\"widget\" data-e-type=\"widget\" data-settings=\"{&quot;eael_post_grid_columns&quot;:&quot;eael-col-1&quot;,&quot;eael_post_grid_columns_tablet&quot;:&quot;eael-col-2&quot;,&quot;eael_post_grid_columns_mobile&quot;:&quot;eael-col-1&quot;}\" data-widget_type=\"eael-post-grid.default\">\n\t\t\t\t<div class=\"elementor-widget-container\">\n\t\t\t\t\t<div id=\"eael-post-grid-770749a2\" class=\"eael-post-grid-container\">\n            <div class=\"eael-post-grid eael-post-appender eael-post-appender-770749a2 eael-post-grid-style-one\" data-layout-mode=\"grid\"><article class=\"eael-grid-post  eael-post-grid-column eael-pg-post-20206 category-ultimas-noticias\" data-id=\"20206\">\n        <div class=\"eael-grid-post-holder\">\n            <div class=\"eael-grid-post-holder-inner\"><div class=\"eael-entry-media\"><div class=\"eael-entry-overlay none\"><i class=\"\" aria-hidden=\"true\"><\/i><a href=\"https:\/\/cira.unan.edu.ni\/index.php\/unan-managua-y-jica-nicaragua-presentan-curso-de-tercer-pais-para-el-analisis-de-mercurio\/\"><\/a><\/div><div class=\"eael-entry-thumbnail \">\n                <img decoding=\"async\" data-attachment-id=\"20208\" data-permalink=\"https:\/\/cira.unan.edu.ni\/index.php\/unan-managua-y-jica-nicaragua-presentan-curso-de-tercer-pais-para-el-analisis-de-mercurio\/img_5923-jpg\/\" data-orig-file=\"https:\/\/cira.unan.edu.ni\/wp-content\/uploads\/2026\/03\/IMG_5923.JPG.jpg\" data-orig-size=\"1080,576\" data-comments-opened=\"0\" data-image-meta=\"{&quot;aperture&quot;:&quot;0&quot;,&quot;credit&quot;:&quot;&quot;,&quot;camera&quot;:&quot;&quot;,&quot;caption&quot;:&quot;&quot;,&quot;created_timestamp&quot;:&quot;0&quot;,&quot;copyright&quot;:&quot;&quot;,&quot;focal_length&quot;:&quot;0&quot;,&quot;iso&quot;:&quot;0&quot;,&quot;shutter_speed&quot;:&quot;0&quot;,&quot;title&quot;:&quot;&quot;,&quot;orientation&quot;:&quot;0&quot;}\" data-image-title=\"IMG_5923.JPG\" data-image-description=\"\" data-image-caption=\"\" data-medium-file=\"https:\/\/cira.unan.edu.ni\/wp-content\/uploads\/2026\/03\/IMG_5923.JPG-300x160.jpg\" data-large-file=\"https:\/\/cira.unan.edu.ni\/wp-content\/uploads\/2026\/03\/IMG_5923.JPG-1024x546.jpg\" width=\"1080\" height=\"576\" src=\"https:\/\/cira.unan.edu.ni\/wp-content\/uploads\/2026\/03\/IMG_5923.JPG.jpg\" class=\"attachment-full size-full wp-image-20208\" alt=\"\" srcset=\"https:\/\/cira.unan.edu.ni\/wp-content\/uploads\/2026\/03\/IMG_5923.JPG.jpg 1080w, https:\/\/cira.unan.edu.ni\/wp-content\/uploads\/2026\/03\/IMG_5923.JPG-300x160.jpg 300w, https:\/\/cira.unan.edu.ni\/wp-content\/uploads\/2026\/03\/IMG_5923.JPG-1024x546.jpg 1024w, https:\/\/cira.unan.edu.ni\/wp-content\/uploads\/2026\/03\/IMG_5923.JPG-768x410.jpg 768w\" sizes=\"(max-width: 1080px) 100vw, 1080px\" \/>\n            <\/div>\n        <\/div><div class=\"eael-entry-wrapper\"><header class=\"eael-entry-header\"><p class=\"eael-entry-title\"><a class=\"eael-grid-post-link\" href=\"https:\/\/cira.unan.edu.ni\/index.php\/unan-managua-y-jica-nicaragua-presentan-curso-de-tercer-pais-para-el-analisis-de-mercurio\/\" title=\"UNAN-Managua y JICA Nicaragua presentan curso de tercer pa\u00eds para el an\u00e1lisis de mercurio\">UNAN-Managua y JICA Nicaragua presentan curso de tercer pa\u00eds para el an\u00e1lisis de mercurio<\/a><\/p><\/header><\/div><\/div>\n        <\/div>\n    <\/article><article class=\"eael-grid-post  eael-post-grid-column eael-pg-post-20164 category-ultimas-noticias\" data-id=\"20164\">\n        <div class=\"eael-grid-post-holder\">\n            <div class=\"eael-grid-post-holder-inner\"><div class=\"eael-entry-media\"><div class=\"eael-entry-overlay none\"><i class=\"\" aria-hidden=\"true\"><\/i><a href=\"https:\/\/cira.unan.edu.ni\/index.php\/instituciones-del-sinacaq-reciben-capacitacion-en-el-tema-de-riesgos-quimicos-en-los-laboratorios\/\"><\/a><\/div><div class=\"eael-entry-thumbnail \">\n                <img loading=\"lazy\" decoding=\"async\" data-attachment-id=\"20176\" data-permalink=\"https:\/\/cira.unan.edu.ni\/index.php\/instituciones-del-sinacaq-reciben-capacitacion-en-el-tema-de-riesgos-quimicos-en-los-laboratorios\/img_5112-jpg\/\" data-orig-file=\"https:\/\/cira.unan.edu.ni\/wp-content\/uploads\/2026\/03\/IMG_5112.JPG.jpg\" data-orig-size=\"1080,576\" data-comments-opened=\"0\" data-image-meta=\"{&quot;aperture&quot;:&quot;0&quot;,&quot;credit&quot;:&quot;&quot;,&quot;camera&quot;:&quot;&quot;,&quot;caption&quot;:&quot;&quot;,&quot;created_timestamp&quot;:&quot;0&quot;,&quot;copyright&quot;:&quot;&quot;,&quot;focal_length&quot;:&quot;0&quot;,&quot;iso&quot;:&quot;0&quot;,&quot;shutter_speed&quot;:&quot;0&quot;,&quot;title&quot;:&quot;&quot;,&quot;orientation&quot;:&quot;0&quot;}\" data-image-title=\"IMG_5112.JPG\" data-image-description=\"\" data-image-caption=\"\" data-medium-file=\"https:\/\/cira.unan.edu.ni\/wp-content\/uploads\/2026\/03\/IMG_5112.JPG-300x160.jpg\" data-large-file=\"https:\/\/cira.unan.edu.ni\/wp-content\/uploads\/2026\/03\/IMG_5112.JPG-1024x546.jpg\" width=\"1080\" height=\"576\" src=\"https:\/\/cira.unan.edu.ni\/wp-content\/uploads\/2026\/03\/IMG_5112.JPG.jpg\" class=\"attachment-full size-full wp-image-20176\" alt=\"\" srcset=\"https:\/\/cira.unan.edu.ni\/wp-content\/uploads\/2026\/03\/IMG_5112.JPG.jpg 1080w, https:\/\/cira.unan.edu.ni\/wp-content\/uploads\/2026\/03\/IMG_5112.JPG-300x160.jpg 300w, https:\/\/cira.unan.edu.ni\/wp-content\/uploads\/2026\/03\/IMG_5112.JPG-1024x546.jpg 1024w, https:\/\/cira.unan.edu.ni\/wp-content\/uploads\/2026\/03\/IMG_5112.JPG-768x410.jpg 768w\" sizes=\"(max-width: 1080px) 100vw, 1080px\" \/>\n            <\/div>\n        <\/div><div class=\"eael-entry-wrapper\"><header class=\"eael-entry-header\"><p class=\"eael-entry-title\"><a class=\"eael-grid-post-link\" href=\"https:\/\/cira.unan.edu.ni\/index.php\/instituciones-del-sinacaq-reciben-capacitacion-en-el-tema-de-riesgos-quimicos-en-los-laboratorios\/\" title=\"Instituciones del SINACAQ reciben capacitaci\u00f3n en el tema de riesgos qu\u00edmicos en los laboratorios\">Instituciones del SINACAQ reciben capacitaci\u00f3n en el tema de riesgos qu\u00edmicos en los laboratorios<\/a><\/p><\/header><\/div><\/div>\n        <\/div>\n    <\/article><article class=\"eael-grid-post  eael-post-grid-column eael-pg-post-20146 category-ultimas-noticias\" data-id=\"20146\">\n        <div class=\"eael-grid-post-holder\">\n            <div class=\"eael-grid-post-holder-inner\"><div class=\"eael-entry-media\"><div class=\"eael-entry-overlay none\"><i class=\"\" aria-hidden=\"true\"><\/i><a href=\"https:\/\/cira.unan.edu.ni\/index.php\/estudiantes-conocen-sobre-el-quehacer-investigativo-del-cira-mediante-feria-cientifica\/\"><\/a><\/div><div class=\"eael-entry-thumbnail \">\n                <img loading=\"lazy\" decoding=\"async\" data-attachment-id=\"20160\" data-permalink=\"https:\/\/cira.unan.edu.ni\/index.php\/estudiantes-conocen-sobre-el-quehacer-investigativo-del-cira-mediante-feria-cientifica\/img_4872-jpg-2\/\" data-orig-file=\"https:\/\/cira.unan.edu.ni\/wp-content\/uploads\/2026\/03\/IMG_4872.JPG-1.jpg\" data-orig-size=\"1080,576\" data-comments-opened=\"0\" data-image-meta=\"{&quot;aperture&quot;:&quot;0&quot;,&quot;credit&quot;:&quot;&quot;,&quot;camera&quot;:&quot;&quot;,&quot;caption&quot;:&quot;&quot;,&quot;created_timestamp&quot;:&quot;0&quot;,&quot;copyright&quot;:&quot;&quot;,&quot;focal_length&quot;:&quot;0&quot;,&quot;iso&quot;:&quot;0&quot;,&quot;shutter_speed&quot;:&quot;0&quot;,&quot;title&quot;:&quot;&quot;,&quot;orientation&quot;:&quot;0&quot;}\" data-image-title=\"IMG_4872.JPG\" data-image-description=\"\" data-image-caption=\"\" data-medium-file=\"https:\/\/cira.unan.edu.ni\/wp-content\/uploads\/2026\/03\/IMG_4872.JPG-1-300x160.jpg\" data-large-file=\"https:\/\/cira.unan.edu.ni\/wp-content\/uploads\/2026\/03\/IMG_4872.JPG-1-1024x546.jpg\" width=\"1080\" height=\"576\" src=\"https:\/\/cira.unan.edu.ni\/wp-content\/uploads\/2026\/03\/IMG_4872.JPG-1.jpg\" class=\"attachment-full size-full wp-image-20160\" alt=\"\" srcset=\"https:\/\/cira.unan.edu.ni\/wp-content\/uploads\/2026\/03\/IMG_4872.JPG-1.jpg 1080w, https:\/\/cira.unan.edu.ni\/wp-content\/uploads\/2026\/03\/IMG_4872.JPG-1-300x160.jpg 300w, https:\/\/cira.unan.edu.ni\/wp-content\/uploads\/2026\/03\/IMG_4872.JPG-1-1024x546.jpg 1024w, https:\/\/cira.unan.edu.ni\/wp-content\/uploads\/2026\/03\/IMG_4872.JPG-1-768x410.jpg 768w\" sizes=\"(max-width: 1080px) 100vw, 1080px\" \/>\n            <\/div>\n        <\/div><div class=\"eael-entry-wrapper\"><header class=\"eael-entry-header\"><p class=\"eael-entry-title\"><a class=\"eael-grid-post-link\" href=\"https:\/\/cira.unan.edu.ni\/index.php\/estudiantes-conocen-sobre-el-quehacer-investigativo-del-cira-mediante-feria-cientifica\/\" title=\"Estudiantes conocen sobre el quehacer investigativo del CIRA mediante feria cient\u00edfica\">Estudiantes conocen sobre el quehacer investigativo del CIRA mediante feria cient\u00edfica<\/a><\/p><\/header><\/div><\/div>\n        <\/div>\n    <\/article><\/div>\n            <div class=\"clearfix\"><\/div>\n        <\/div>            <div class=\"eael-load-more-button-wrap eael-force-hide\">\n                <button class=\"eael-load-more-button\" id=\"eael-load-more-btn-770749a2\" data-widget-id=\"770749a2\" data-widget=\"770749a2\" data-page-id=\"18739\" data-template=\"{&quot;dir&quot;:&quot;lite&quot;,&quot;file_name&quot;:&quot;one.php&quot;,&quot;name&quot;:&quot;Post-Grid&quot;}\" data-class=\"Essential_Addons_Elementor\\Elements\\Post_Grid\" data-layout=\"grid\" data-page=\"1\" data-args=\"orderby=date&amp;order=desc&amp;ignore_sticky_posts=0&amp;post_status=publish&amp;posts_per_page=3&amp;offset=0&amp;post_type=post&amp;tax_query%5B0%5D%5Btaxonomy%5D=category&amp;tax_query%5B0%5D%5Bfield%5D=term_id&amp;tax_query%5B0%5D%5Bterms%5D%5B0%5D=155&amp;tax_query%5Brelation%5D=AND\" data-max-page=\"174\">\n                    <span class=\"eael-btn-loader button__loader\"><\/span>\n                    <span class=\"eael_load_more_text\">Cargar m\u00e1s<\/span>\n                <\/button>\n            <\/div>\n            \t\t\t\t<\/div>\n\t\t\t\t<\/div>\n\t\t\t\t<div class=\"elementor-element elementor-element-308d1b7 elementor-widget elementor-widget-htmega-blockquote-addons\" data-id=\"308d1b7\" data-element_type=\"widget\" data-e-type=\"widget\" data-widget_type=\"htmega-blockquote-addons.default\">\n\t\t\t\t<div class=\"elementor-widget-container\">\n\t\t\t\t\t            <div class=\"htmega-blockquote htmega-blockquote-position-leftcenter htmega-citeseparator-position-before\">\n                <blockquote>\n                    <cite class=\"quote-by\"> Redes Sociales <\/cite><span class=\"blockquote_icon\"><\/span>                <\/blockquote>\n           <\/div>\n\n        \t\t\t\t<\/div>\n\t\t\t\t<\/div>\n\t\t\t\t<div class=\"elementor-element elementor-element-1ef702e elementor-widget elementor-widget-text-editor\" data-id=\"1ef702e\" data-element_type=\"widget\" data-e-type=\"widget\" data-widget_type=\"text-editor.default\">\n\t\t\t\t<div class=\"elementor-widget-container\">\n\t\t\t\t\t\t\t\t\t<iframe src=\"https:\/\/www.facebook.com\/plugins\/page.php?href=https%3A%2F%2Fwww.facebook.com%2FUNAN.Managua&#038;tabs=timeline&#038;width=340&#038;height=600&#038;small_header=false&#038;adapt_container_width=true&#038;hide_cover=false&#038;show_facepile=true&#038;appId\" width=\"340\" height=\"600\" style=\"border:none;overflow:hidden\" scrolling=\"no\" frameborder=\"0\" allowfullscreen=\"true\" allow=\"autoplay; clipboard-write; encrypted-media; picture-in-picture; web-share\"><\/iframe>\t\t\t\t\t\t\t\t<\/div>\n\t\t\t\t<\/div>\n\t\t\t\t\t<\/div>\n\t\t<\/div>\n\t\t\t\t\t<\/div>\n\t\t<\/section>\n\t\t\t\t<\/div>\n\t\t","protected":false},"excerpt":{"rendered":"<p>NOTAS INFORMATIVAS &lt;h1&gt;UNAN-Managua\/CIRA trabaja en Plan de acci\u00f3n para la Gesti\u00f3n de la Cuenca del Xolotl\u00e1n&lt;\/h1&gt; &lt;img width=\u00bb1080&#8243; height=\u00bb576&#8243; src=\u00bbhttps:\/\/cira.unan.edu.ni\/wp-content\/uploads\/2025\/04\/WhatsApp-Image-2025-03-20-at-2.57.31-PM.jpeg\u00bb alt=\u00bb\u00bb srcset=\u00bbhttps:\/\/cira.unan.edu.ni\/wp-content\/uploads\/2025\/04\/WhatsApp-Image-2025-03-20-at-2.57.31-PM.jpeg 1080w, https:\/\/cira.unan.edu.ni\/wp-content\/uploads\/2025\/04\/WhatsApp-Image-2025-03-20-at-2.57.31-PM-300&#215;160.jpeg 300w, https:\/\/cira.unan.edu.ni\/wp-content\/uploads\/2025\/04\/WhatsApp-Image-2025-03-20-at-2.57.31-PM-1024&#215;546.jpeg 1024w, https:\/\/cira.unan.edu.ni\/wp-content\/uploads\/2025\/04\/WhatsApp-Image-2025-03-20-at-2.57.31-PM-768&#215;410.jpeg 768w\u00bb sizes=\u00bb(max-width: 1080px) 100vw, 1080px\u00bb \/&gt; &lt;p&gt;&lt;strong&gt;Marzo 20, 2025&lt;\/strong&gt;&lt;\/p&gt;&lt;p style=\u00bbmargin-bottom: 1.5em; color: #000000; font-family: -apple-system, system-ui, BlinkMacSystemFont, &#8216;Segoe UI&#8217;, Helvetica, Arial, sans-serif, &#8216;Apple Color Emoji&#8217;, &#8216;Segoe UI Emoji&#8217;, &#8216;Segoe UI Symbol&#8217;; font-size: 17px; font-style: normal; font-weight: 400;\u00bb&gt;En el marco del D\u00eda Mundial del Agua, el Centro para la Investigaci\u00f3n en Recursos Acu\u00e1ticos (CIRA) de la UNAN-Managua realiz\u00f3 el cuarto seminario cient\u00edfico, facilitado por la m\u00e1ster Kathia Vanessa Rojas Cerda, especialista en an\u00e1lisis de laboratorio, quien present\u00f3 un Plan de Acci\u00f3n para la Gesti\u00f3n de la Cuenca del Lago Xolotl\u00e1n basado en el conocimiento de las buenas pr\u00e1cticas realizadas para la recuperaci\u00f3n del Lago Biwa, Jap\u00f3n.&lt;\/p&gt;&lt;p style=\u00bbmargin-bottom: 1.5em; color: #000000; font-family: -apple-system, system-ui, BlinkMacSystemFont, &#8216;Segoe UI&#8217;, Helvetica, Arial, sans-serif, &#8216;Apple Color Emoji&#8217;, &#8216;Segoe UI Emoji&#8217;, &#8216;Segoe UI Symbol&#8217;; font-size: 17px; font-style: normal; font-weight: 400;\u00bb&gt;La elaboraci\u00f3n de este Plan se deriva de su participaci\u00f3n en el curso \u00abGesti\u00f3n integrada de cuencas lacustres, fluviales y costeras para el uso sostenible y la conservaci\u00f3n de los recursos h\u00eddricos\u00bb, efectuado del 13 de enero al 19 de febrero en la Prefectura de Shiga, Jap\u00f3n, organizado por la Agencia de Cooperaci\u00f3n Internacional del Jap\u00f3n (JICA).&lt;\/p&gt;&lt;p style=\u00bbmargin-bottom: 1.5em; color: #000000; font-family: -apple-system, system-ui, BlinkMacSystemFont, &#8216;Segoe UI&#8217;, Helvetica, Arial, sans-serif, &#8216;Apple Color Emoji&#8217;, &#8216;Segoe UI Emoji&#8217;, &#8216;Segoe UI Symbol&#8217;; font-size: 17px; font-style: normal; font-weight: 400;\u00bb&gt;&lt;img src=\u00bbhttps:\/\/www.unan.edu.ni\/wp-content\/uploads\/WhatsApp-Image-2025-03-20-at-2.57.31-PM-1.jpeg\u00bb sizes=\u00bb(max-width: 1080px) 100vw, 1080px\u00bb srcset=\u00bbhttps:\/\/www.unan.edu.ni\/wp-content\/uploads\/WhatsApp-Image-2025-03-20-at-2.57.31-PM-1.jpeg 1080w, https:\/\/www.unan.edu.ni\/wp-content\/uploads\/WhatsApp-Image-2025-03-20-at-2.57.31-PM-1-300&#215;160.jpeg 300w, https:\/\/www.unan.edu.ni\/wp-content\/uploads\/WhatsApp-Image-2025-03-20-at-2.57.31-PM-1-1024&#215;546.jpeg 1024w, https:\/\/www.unan.edu.ni\/wp-content\/uploads\/WhatsApp-Image-2025-03-20-at-2.57.31-PM-1-768&#215;410.jpeg 768w\u00bb alt=\u00bb\u00bb width=\u00bb1080&#8243; height=\u00bb576&#8243; \/&gt;&lt;\/p&gt;&lt;p style=\u00bbmargin-bottom: 1.5em; color: #000000; font-family: -apple-system, system-ui, BlinkMacSystemFont, &#8216;Segoe UI&#8217;, Helvetica, Arial, sans-serif, &#8216;Apple Color Emoji&#8217;, &#8216;Segoe UI Emoji&#8217;, &#8216;Segoe UI Symbol&#8217;; font-size: 17px; font-style: normal; font-weight: 400;\u00bb&gt;De acuerdo con la especialista, el Plan se centra en dos acciones: Educaci\u00f3n Ambiental, mediante la cual se prev\u00e9 elaborar materiales acerca de la biodiversidad del lago, las propiedades fisicoqu\u00edmicas de las aguas y de las mejores pr\u00e1cticas para la conservaci\u00f3n de la calidad, as\u00ed como capacitar a los docentes del CIRA para la implementaci\u00f3n de materiales did\u00e1cticos, y otras actividades como la organizaci\u00f3n de talleres, seminarios y cursos en l\u00ednea para la actualizaci\u00f3n de conocimientos orientados al tema.&lt;\/p&gt;&lt;p style=\u00bbmargin-bottom: 1.5em; color: #000000; font-family: -apple-system, system-ui, BlinkMacSystemFont, &#8216;Segoe UI&#8217;, Helvetica, Arial, sans-serif, &#8216;Apple Color Emoji&#8217;, &#8216;Segoe UI Emoji&#8217;, &#8216;Segoe UI Symbol&#8217;; font-size: 17px; font-style: normal; font-weight: 400;\u00bb&gt;Como segunda acci\u00f3n se plantea la Sistematizaci\u00f3n y actualizaci\u00f3n de informaci\u00f3n de la calidad del agua del lago para un monitoreo peri\u00f3dico de par\u00e1metros clave como la transparencia y niveles de nutrientes, monitoreo de las concentraciones de mercurio en sedimento del lago y r\u00edos que permita contar con una base de datos centralizada para compartir datos entre instituciones de investigaci\u00f3n, gobierno y organizaciones internacionales.&lt;\/p&gt;&lt;section data-id=\u00bb48a268f5&#8243; data-element_type=\u00bbsection\u00bb&gt;&lt;p style=\u00bbtext-align: right;\u00bb&gt;&lt;a href=\u00bbhttps:\/\/www.unan.edu.ni\/index.php\/author\/dci\u00bb target=\u00bb_blank\u00bb rel=\u00bbnoopener\u00bb&gt;Direcci\u00f3n de Comunicaci\u00f3n Institucional&lt;\/a&gt;&lt;\/p&gt;&lt;p style=\u00bbtext-align: right;\u00bb&gt;&lt;a href=\u00bbhttps:\/\/www.unan.edu.ni\/index.php\/notas-informativas\/unan-managua-cira-trabaja-en-plan-de-accion-para-la-gestion-de-la-cuenca-del-xolotlan.odp\u00bb target=\u00bb_blank\u00bb rel=\u00bbnoopener\u00bb&gt;UNAN-Managua\u00a0&lt;\/a&gt;&lt;\/p&gt;&lt;\/section&gt; &lt;blockquote&gt; &lt;cite&gt; Notas Informativas &lt;\/cite&gt; &lt;\/blockquote&gt; &lt;article data-id=\u00bb18739&#8243;&gt; &lt;a href=\u00bbhttps:\/\/cira.unan.edu.ni\/index.php\/unan-managua-cira-trabaja-en-plan-de-accion-para-la-gestion-de-la-cuenca-del-xolotlan\/\u00bb&gt;&lt;\/a&gt; &lt;img width=\u00bb1080&#8243; height=\u00bb576&#8243; src=\u00bbhttps:\/\/cira.unan.edu.ni\/wp-content\/uploads\/2025\/04\/WhatsApp-Image-2025-03-20-at-2.57.31-PM.jpeg\u00bb alt=\u00bb\u00bb \/&gt; &lt;header&gt;&lt;p&gt;&lt;a href=\u00bbhttps:\/\/cira.unan.edu.ni\/index.php\/unan-managua-cira-trabaja-en-plan-de-accion-para-la-gestion-de-la-cuenca-del-xolotlan\/\u00bb title=\u00bbUNAN-Managua\/CIRA trabaja en Plan de acci\u00f3n para la Gesti\u00f3n de la Cuenca del Xolotl\u00e1n\u00bb&gt;UNAN-Managua\/CIRA trabaja en Plan de acci\u00f3n para la Gesti\u00f3n de la Cuenca del Xolotl\u00e1n&lt;\/a&gt;&lt;\/p&gt;&lt;\/header&gt; &lt;\/article&gt;&lt;article data-id=\u00bb18717&#8243;&gt; &lt;a href=\u00bbhttps:\/\/cira.unan.edu.ni\/index.php\/personal-de-unan-managua-cira-conoce-sobre-la-clasificacion-de-los-factores-de-riesgos-laborales\/\u00bb&gt;&lt;\/a&gt; &lt;img width=\u00bb1080&#8243; height=\u00bb576&#8243; src=\u00bbhttps:\/\/cira.unan.edu.ni\/wp-content\/uploads\/2025\/04\/04.jpeg\u00bb alt=\u00bb\u00bb \/&gt; &lt;header&gt;&lt;p&gt;&lt;a href=\u00bbhttps:\/\/cira.unan.edu.ni\/index.php\/personal-de-unan-managua-cira-conoce-sobre-la-clasificacion-de-los-factores-de-riesgos-laborales\/\u00bb title=\u00bbPersonal de UNAN-Managua\/CIRA conoce sobre la clasificaci\u00f3n de los factores de riesgos laborales\u00bb&gt;Personal de UNAN-Managua\/CIRA conoce sobre la clasificaci\u00f3n de los factores de riesgos laborales&lt;\/a&gt;&lt;\/p&gt;&lt;\/header&gt; &lt;\/article&gt;&lt;article data-id=\u00bb18595&#8243;&gt; &lt;a href=\u00bbhttps:\/\/cira.unan.edu.ni\/index.php\/docentes-de-unan-managua-cira-consolidan-capacidades-en-la-redaccion-de-articulos-cientificos\/\u00bb&gt;&lt;\/a&gt; &lt;img width=\u00bb1080&#8243; height=\u00bb576&#8243; src=\u00bbhttps:\/\/cira.unan.edu.ni\/wp-content\/uploads\/2025\/02\/articulos-cientificos-5.png\u00bb alt=\u00bb\u00bb \/&gt; &lt;header&gt;&lt;p&gt;&lt;a href=\u00bbhttps:\/\/cira.unan.edu.ni\/index.php\/docentes-de-unan-managua-cira-consolidan-capacidades-en-la-redaccion-de-articulos-cientificos\/\u00bb title=\u00bbDocentes de UNAN-Managua\/CIRA consolidan capacidades en la redacci\u00f3n de art\u00edculos cient\u00edficos\u00bb&gt;Docentes de UNAN-Managua\/CIRA consolidan capacidades en la redacci\u00f3n de art\u00edculos cient\u00edficos&lt;\/a&gt;&lt;\/p&gt;&lt;\/header&gt; &lt;\/article&gt; &lt;button id=\u00bbeael-load-more-btn-770749a2&#8243; data-widget-id=\u00bb770749a2&#8243; data-widget=\u00bb770749a2&#8243; data-page-id=\u00bb18739&#8243; data-template=\u00bb{&amp;quot;dir&amp;quot;:&amp;quot;lite&amp;quot;,&amp;quot;file_name&amp;quot;:&amp;quot;default.php&amp;quot;,&amp;quot;name&amp;quot;:&amp;quot;Post-Grid&amp;quot;}\u00bb data-class=\u00bbEssential_Addons_ElementorElementsPost_Grid\u00bb data-layout=\u00bbgrid\u00bb data-page=\u00bb1&#8243; data-args=\u00bborderby=date&amp;amp;order=desc&amp;amp;ignore_sticky_posts=0&amp;amp;post_status=publish&amp;amp;posts_per_page=3&amp;amp;offset=0&amp;amp;post_type=post&amp;amp;tax_query%5B0%5D%5Btaxonomy%5D=category&amp;amp;tax_query%5B0%5D%5Bfield%5D=term_id&amp;amp;tax_query%5B0%5D%5Bterms%5D%5B0%5D=155&amp;amp;tax_query%5Brelation%5D=AND\u00bb data-max-page=\u00bb165&#8243;&gt; Cargar m\u00e1s &lt;\/button&gt; &lt;blockquote&gt; &lt;cite&gt; Redes Sociales &lt;\/cite&gt; &lt;\/blockquote&gt; &lt;iframe src=\u00bbhttps:\/\/www.facebook.com\/plugins\/page.php?href=https%3A%2F%2Fwww.facebook.com%2FUNAN.Managua&#038;tabs=timeline&#038;width=340&#038;height=600&#038;small_header=false&#038;adapt_container_width=true&#038;hide_cover=false&#038;show_facepile=true&#038;appId\u00bb width=\u00bb340&#8243; height=\u00bb600&#8243; style=\u00bbborder:none;overflow:hidden\u00bb scrolling=\u00bbno\u00bb frameborder=\u00bb0&#8243; allowfullscreen=\u00bbtrue\u00bb allow=\u00bbautoplay; clipboard-write; encrypted-media; picture-in-picture; web-share\u00bb&gt;&lt;\/iframe&gt;<\/p>\n","protected":false},"author":1,"featured_media":18740,"comment_status":"closed","ping_status":"closed","sticky":false,"template":"elementor_header_footer","format":"standard","meta":{"site-sidebar-layout":"default","site-content-layout":"","ast-site-content-layout":"default","site-content-style":"default","site-sidebar-style":"default","ast-global-header-display":"","ast-banner-title-visibility":"","ast-main-header-display":"","ast-hfb-above-header-display":"","ast-hfb-below-header-display":"","ast-hfb-mobile-header-display":"","site-post-title":"","ast-breadcrumbs-content":"","ast-featured-img":"","footer-sml-layout":"","ast-disable-related-posts":"","theme-transparent-header-meta":"","adv-header-id-meta":"","stick-header-meta":"","header-above-stick-meta":"","header-main-stick-meta":"","header-below-stick-meta":"","astra-migrate-meta-layouts":"default","ast-page-background-enabled":"default","ast-page-background-meta":{"desktop":{"background-color":"","background-image":"","background-repeat":"repeat","background-position":"center center","background-size":"auto","background-attachment":"scroll","background-type":"","background-media":"","overlay-type":"","overlay-color":"","overlay-opacity":"","overlay-gradient":""},"tablet":{"background-color":"","background-image":"","background-repeat":"repeat","background-position":"center center","background-size":"auto","background-attachment":"scroll","background-type":"","background-media":"","overlay-type":"","overlay-color":"","overlay-opacity":"","overlay-gradient":""},"mobile":{"background-color":"","background-image":"","background-repeat":"repeat","background-position":"center center","background-size":"auto","background-attachment":"scroll","background-type":"","background-media":"","overlay-type":"","overlay-color":"","overlay-opacity":"","overlay-gradient":""}},"ast-content-background-meta":{"desktop":{"background-color":"var(--ast-global-color-5)","background-image":"","background-repeat":"repeat","background-position":"center center","background-size":"auto","background-attachment":"scroll","background-type":"","background-media":"","overlay-type":"","overlay-color":"","overlay-opacity":"","overlay-gradient":""},"tablet":{"background-color":"var(--ast-global-color-5)","background-image":"","background-repeat":"repeat","background-position":"center center","background-size":"auto","background-attachment":"scroll","background-type":"","background-media":"","overlay-type":"","overlay-color":"","overlay-opacity":"","overlay-gradient":""},"mobile":{"background-color":"var(--ast-global-color-5)","background-image":"","background-repeat":"repeat","background-position":"center center","background-size":"auto","background-attachment":"scroll","background-type":"","background-media":"","overlay-type":"","overlay-color":"","overlay-opacity":"","overlay-gradient":""}},"ngg_post_thumbnail":0,"_jetpack_memberships_contains_paid_content":false,"footnotes":"","jetpack_publicize_message":"","jetpack_publicize_feature_enabled":true,"jetpack_social_post_already_shared":true,"jetpack_social_options":{"image_generator_settings":{"template":"highway","default_image_id":0,"font":"","enabled":false},"version":2}},"categories":[155],"tags":[],"class_list":["post-18739","post","type-post","status-publish","format-standard","has-post-thumbnail","hentry","category-ultimas-noticias"],"yoast_head":"<!-- This site is optimized with the Yoast SEO plugin v27.2 - https:\/\/yoast.com\/product\/yoast-seo-wordpress\/ -->\n<title>UNAN-Managua\/CIRA trabaja en Plan de acci\u00f3n para la Gesti\u00f3n de la Cuenca del Xolotl\u00e1n - UNAN-Managua\/CIRA<\/title>\n<meta name=\"robots\" content=\"index, follow, max-snippet:-1, max-image-preview:large, max-video-preview:-1\" \/>\n<link rel=\"canonical\" href=\"https:\/\/cira.unan.edu.ni\/index.php\/unan-managua-cira-trabaja-en-plan-de-accion-para-la-gestion-de-la-cuenca-del-xolotlan\/\" \/>\n<meta property=\"og:locale\" content=\"es_ES\" \/>\n<meta property=\"og:type\" content=\"article\" \/>\n<meta property=\"og:title\" content=\"UNAN-Managua\/CIRA trabaja en Plan de acci\u00f3n para la Gesti\u00f3n de la Cuenca del Xolotl\u00e1n - UNAN-Managua\/CIRA\" \/>\n<meta property=\"og:description\" content=\"NOTAS INFORMATIVAS &lt;h1&gt;UNAN-Managua\/CIRA trabaja en Plan de acci\u00f3n para la Gesti\u00f3n de la Cuenca del Xolotl\u00e1n&lt;\/h1&gt; &lt;img width=&quot;1080&quot; height=&quot;576&quot; src=&quot;https:\/\/cira.unan.edu.ni\/wp-content\/uploads\/2025\/04\/WhatsApp-Image-2025-03-20-at-2.57.31-PM.jpeg&quot; alt=&quot;&quot; srcset=&quot;https:\/\/cira.unan.edu.ni\/wp-content\/uploads\/2025\/04\/WhatsApp-Image-2025-03-20-at-2.57.31-PM.jpeg 1080w, https:\/\/cira.unan.edu.ni\/wp-content\/uploads\/2025\/04\/WhatsApp-Image-2025-03-20-at-2.57.31-PM-300x160.jpeg 300w, https:\/\/cira.unan.edu.ni\/wp-content\/uploads\/2025\/04\/WhatsApp-Image-2025-03-20-at-2.57.31-PM-1024x546.jpeg 1024w, https:\/\/cira.unan.edu.ni\/wp-content\/uploads\/2025\/04\/WhatsApp-Image-2025-03-20-at-2.57.31-PM-768x410.jpeg 768w&quot; sizes=&quot;(max-width: 1080px) 100vw, 1080px&quot; \/&gt; &lt;p&gt;&lt;strong&gt;Marzo 20, 2025&lt;\/strong&gt;&lt;\/p&gt;&lt;p style=&quot;margin-bottom: 1.5em; color: #000000; font-family: -apple-system, system-ui, BlinkMacSystemFont, &#039;Segoe UI&#039;, Helvetica, Arial, sans-serif, &#039;Apple Color Emoji&#039;, &#039;Segoe UI Emoji&#039;, &#039;Segoe UI Symbol&#039;; font-size: 17px; font-style: normal; font-weight: 400;&quot;&gt;En el marco del D\u00eda Mundial del Agua, el Centro para la Investigaci\u00f3n en Recursos Acu\u00e1ticos (CIRA) de la UNAN-Managua realiz\u00f3 el cuarto seminario cient\u00edfico, facilitado por la m\u00e1ster Kathia Vanessa Rojas Cerda, especialista en an\u00e1lisis de laboratorio, quien present\u00f3 un Plan de Acci\u00f3n para la Gesti\u00f3n de la Cuenca del Lago Xolotl\u00e1n basado en el conocimiento de las buenas pr\u00e1cticas realizadas para la recuperaci\u00f3n del Lago Biwa, Jap\u00f3n.&lt;\/p&gt;&lt;p style=&quot;margin-bottom: 1.5em; color: #000000; font-family: -apple-system, system-ui, BlinkMacSystemFont, &#039;Segoe UI&#039;, Helvetica, Arial, sans-serif, &#039;Apple Color Emoji&#039;, &#039;Segoe UI Emoji&#039;, &#039;Segoe UI Symbol&#039;; font-size: 17px; font-style: normal; font-weight: 400;&quot;&gt;La elaboraci\u00f3n de este Plan se deriva de su participaci\u00f3n en el curso \u00abGesti\u00f3n integrada de cuencas lacustres, fluviales y costeras para el uso sostenible y la conservaci\u00f3n de los recursos h\u00eddricos\u00bb, efectuado del 13 de enero al 19 de febrero en la Prefectura de Shiga, Jap\u00f3n, organizado por la Agencia de Cooperaci\u00f3n Internacional del Jap\u00f3n (JICA).&lt;\/p&gt;&lt;p style=&quot;margin-bottom: 1.5em; color: #000000; font-family: -apple-system, system-ui, BlinkMacSystemFont, &#039;Segoe UI&#039;, Helvetica, Arial, sans-serif, &#039;Apple Color Emoji&#039;, &#039;Segoe UI Emoji&#039;, &#039;Segoe UI Symbol&#039;; font-size: 17px; font-style: normal; font-weight: 400;&quot;&gt;&lt;img src=&quot;https:\/\/www.unan.edu.ni\/wp-content\/uploads\/WhatsApp-Image-2025-03-20-at-2.57.31-PM-1.jpeg&quot; sizes=&quot;(max-width: 1080px) 100vw, 1080px&quot; srcset=&quot;https:\/\/www.unan.edu.ni\/wp-content\/uploads\/WhatsApp-Image-2025-03-20-at-2.57.31-PM-1.jpeg 1080w, https:\/\/www.unan.edu.ni\/wp-content\/uploads\/WhatsApp-Image-2025-03-20-at-2.57.31-PM-1-300x160.jpeg 300w, https:\/\/www.unan.edu.ni\/wp-content\/uploads\/WhatsApp-Image-2025-03-20-at-2.57.31-PM-1-1024x546.jpeg 1024w, https:\/\/www.unan.edu.ni\/wp-content\/uploads\/WhatsApp-Image-2025-03-20-at-2.57.31-PM-1-768x410.jpeg 768w&quot; alt=&quot;&quot; width=&quot;1080&quot; height=&quot;576&quot; \/&gt;&lt;\/p&gt;&lt;p style=&quot;margin-bottom: 1.5em; color: #000000; font-family: -apple-system, system-ui, BlinkMacSystemFont, &#039;Segoe UI&#039;, Helvetica, Arial, sans-serif, &#039;Apple Color Emoji&#039;, &#039;Segoe UI Emoji&#039;, &#039;Segoe UI Symbol&#039;; font-size: 17px; font-style: normal; font-weight: 400;&quot;&gt;De acuerdo con la especialista, el Plan se centra en dos acciones: Educaci\u00f3n Ambiental, mediante la cual se prev\u00e9 elaborar materiales acerca de la biodiversidad del lago, las propiedades fisicoqu\u00edmicas de las aguas y de las mejores pr\u00e1cticas para la conservaci\u00f3n de la calidad, as\u00ed como capacitar a los docentes del CIRA para la implementaci\u00f3n de materiales did\u00e1cticos, y otras actividades como la organizaci\u00f3n de talleres, seminarios y cursos en l\u00ednea para la actualizaci\u00f3n de conocimientos orientados al tema.&lt;\/p&gt;&lt;p style=&quot;margin-bottom: 1.5em; color: #000000; font-family: -apple-system, system-ui, BlinkMacSystemFont, &#039;Segoe UI&#039;, Helvetica, Arial, sans-serif, &#039;Apple Color Emoji&#039;, &#039;Segoe UI Emoji&#039;, &#039;Segoe UI Symbol&#039;; font-size: 17px; font-style: normal; font-weight: 400;&quot;&gt;Como segunda acci\u00f3n se plantea la Sistematizaci\u00f3n y actualizaci\u00f3n de informaci\u00f3n de la calidad del agua del lago para un monitoreo peri\u00f3dico de par\u00e1metros clave como la transparencia y niveles de nutrientes, monitoreo de las concentraciones de mercurio en sedimento del lago y r\u00edos que permita contar con una base de datos centralizada para compartir datos entre instituciones de investigaci\u00f3n, gobierno y organizaciones internacionales.&lt;\/p&gt;&lt;section data-id=&quot;48a268f5&quot; data-element_type=&quot;section&quot;&gt;&lt;p style=&quot;text-align: right;&quot;&gt;&lt;a href=&quot;https:\/\/www.unan.edu.ni\/index.php\/author\/dci&quot; target=&quot;_blank&quot; rel=&quot;noopener&quot;&gt;Direcci\u00f3n de Comunicaci\u00f3n Institucional&lt;\/a&gt;&lt;\/p&gt;&lt;p style=&quot;text-align: right;&quot;&gt;&lt;a href=&quot;https:\/\/www.unan.edu.ni\/index.php\/notas-informativas\/unan-managua-cira-trabaja-en-plan-de-accion-para-la-gestion-de-la-cuenca-del-xolotlan.odp&quot; target=&quot;_blank&quot; rel=&quot;noopener&quot;&gt;UNAN-Managua\u00a0&lt;\/a&gt;&lt;\/p&gt;&lt;\/section&gt; &lt;blockquote&gt; &lt;cite&gt; Notas Informativas &lt;\/cite&gt; &lt;\/blockquote&gt; &lt;article data-id=&quot;18739&quot;&gt; &lt;a href=&quot;https:\/\/cira.unan.edu.ni\/index.php\/unan-managua-cira-trabaja-en-plan-de-accion-para-la-gestion-de-la-cuenca-del-xolotlan\/&quot;&gt;&lt;\/a&gt; &lt;img width=&quot;1080&quot; height=&quot;576&quot; src=&quot;https:\/\/cira.unan.edu.ni\/wp-content\/uploads\/2025\/04\/WhatsApp-Image-2025-03-20-at-2.57.31-PM.jpeg&quot; alt=&quot;&quot; \/&gt; &lt;header&gt;&lt;p&gt;&lt;a href=&quot;https:\/\/cira.unan.edu.ni\/index.php\/unan-managua-cira-trabaja-en-plan-de-accion-para-la-gestion-de-la-cuenca-del-xolotlan\/&quot; title=&quot;UNAN-Managua\/CIRA trabaja en Plan de acci\u00f3n para la Gesti\u00f3n de la Cuenca del Xolotl\u00e1n&quot;&gt;UNAN-Managua\/CIRA trabaja en Plan de acci\u00f3n para la Gesti\u00f3n de la Cuenca del Xolotl\u00e1n&lt;\/a&gt;&lt;\/p&gt;&lt;\/header&gt; &lt;\/article&gt;&lt;article data-id=&quot;18717&quot;&gt; &lt;a href=&quot;https:\/\/cira.unan.edu.ni\/index.php\/personal-de-unan-managua-cira-conoce-sobre-la-clasificacion-de-los-factores-de-riesgos-laborales\/&quot;&gt;&lt;\/a&gt; &lt;img width=&quot;1080&quot; height=&quot;576&quot; src=&quot;https:\/\/cira.unan.edu.ni\/wp-content\/uploads\/2025\/04\/04.jpeg&quot; alt=&quot;&quot; \/&gt; &lt;header&gt;&lt;p&gt;&lt;a href=&quot;https:\/\/cira.unan.edu.ni\/index.php\/personal-de-unan-managua-cira-conoce-sobre-la-clasificacion-de-los-factores-de-riesgos-laborales\/&quot; title=&quot;Personal de UNAN-Managua\/CIRA conoce sobre la clasificaci\u00f3n de los factores de riesgos laborales&quot;&gt;Personal de UNAN-Managua\/CIRA conoce sobre la clasificaci\u00f3n de los factores de riesgos laborales&lt;\/a&gt;&lt;\/p&gt;&lt;\/header&gt; &lt;\/article&gt;&lt;article data-id=&quot;18595&quot;&gt; &lt;a href=&quot;https:\/\/cira.unan.edu.ni\/index.php\/docentes-de-unan-managua-cira-consolidan-capacidades-en-la-redaccion-de-articulos-cientificos\/&quot;&gt;&lt;\/a&gt; &lt;img width=&quot;1080&quot; height=&quot;576&quot; src=&quot;https:\/\/cira.unan.edu.ni\/wp-content\/uploads\/2025\/02\/articulos-cientificos-5.png&quot; alt=&quot;&quot; \/&gt; &lt;header&gt;&lt;p&gt;&lt;a href=&quot;https:\/\/cira.unan.edu.ni\/index.php\/docentes-de-unan-managua-cira-consolidan-capacidades-en-la-redaccion-de-articulos-cientificos\/&quot; title=&quot;Docentes de UNAN-Managua\/CIRA consolidan capacidades en la redacci\u00f3n de art\u00edculos cient\u00edficos&quot;&gt;Docentes de UNAN-Managua\/CIRA consolidan capacidades en la redacci\u00f3n de art\u00edculos cient\u00edficos&lt;\/a&gt;&lt;\/p&gt;&lt;\/header&gt; &lt;\/article&gt; &lt;button id=&quot;eael-load-more-btn-770749a2&quot; data-widget-id=&quot;770749a2&quot; data-widget=&quot;770749a2&quot; data-page-id=&quot;18739&quot; data-template=&quot;{&amp;quot;dir&amp;quot;:&amp;quot;lite&amp;quot;,&amp;quot;file_name&amp;quot;:&amp;quot;default.php&amp;quot;,&amp;quot;name&amp;quot;:&amp;quot;Post-Grid&amp;quot;}&quot; data-class=&quot;Essential_Addons_ElementorElementsPost_Grid&quot; data-layout=&quot;grid&quot; data-page=&quot;1&quot; data-args=&quot;orderby=date&amp;amp;order=desc&amp;amp;ignore_sticky_posts=0&amp;amp;post_status=publish&amp;amp;posts_per_page=3&amp;amp;offset=0&amp;amp;post_type=post&amp;amp;tax_query%5B0%5D%5Btaxonomy%5D=category&amp;amp;tax_query%5B0%5D%5Bfield%5D=term_id&amp;amp;tax_query%5B0%5D%5Bterms%5D%5B0%5D=155&amp;amp;tax_query%5Brelation%5D=AND&quot; data-max-page=&quot;165&quot;&gt; Cargar m\u00e1s &lt;\/button&gt; &lt;blockquote&gt; &lt;cite&gt; Redes Sociales &lt;\/cite&gt; &lt;\/blockquote&gt; &lt;iframe src=&quot;https:\/\/www.facebook.com\/plugins\/page.php?href=https%3A%2F%2Fwww.facebook.com%2FUNAN.Managua&amp;tabs=timeline&amp;width=340&amp;height=600&amp;small_header=false&amp;adapt_container_width=true&amp;hide_cover=false&amp;show_facepile=true&amp;appId&quot; width=&quot;340&quot; height=&quot;600&quot; style=&quot;border:none;overflow:hidden&quot; scrolling=&quot;no&quot; frameborder=&quot;0&quot; allowfullscreen=&quot;true&quot; allow=&quot;autoplay; clipboard-write; encrypted-media; picture-in-picture; web-share&quot;&gt;&lt;\/iframe&gt;\" \/>\n<meta property=\"og:url\" content=\"https:\/\/cira.unan.edu.ni\/index.php\/unan-managua-cira-trabaja-en-plan-de-accion-para-la-gestion-de-la-cuenca-del-xolotlan\/\" \/>\n<meta property=\"og:site_name\" content=\"UNAN-Managua\/CIRA\" \/>\n<meta property=\"article:publisher\" content=\"https:\/\/www.facebook.com\/Cira.Unan\/\" \/>\n<meta property=\"article:published_time\" content=\"2025-04-02T23:43:56+00:00\" \/>\n<meta property=\"article:modified_time\" content=\"2025-04-02T23:46:30+00:00\" \/>\n<meta property=\"og:image\" content=\"https:\/\/cira.unan.edu.ni\/wp-content\/uploads\/2025\/04\/WhatsApp-Image-2025-03-20-at-2.57.31-PM.jpeg\" \/>\n\t<meta property=\"og:image:width\" content=\"1080\" \/>\n\t<meta property=\"og:image:height\" content=\"576\" \/>\n\t<meta property=\"og:image:type\" content=\"image\/jpeg\" \/>\n<meta name=\"author\" content=\"admin-cira\" \/>\n<meta name=\"twitter:card\" content=\"summary_large_image\" \/>\n<meta name=\"twitter:creator\" content=\"@CiraUnan\" \/>\n<meta name=\"twitter:site\" content=\"@CiraUnan\" \/>\n<meta name=\"twitter:label1\" content=\"Escrito por\" \/>\n\t<meta name=\"twitter:data1\" content=\"\" \/>\n\t<meta name=\"twitter:label2\" content=\"Tiempo de lectura\" \/>\n\t<meta name=\"twitter:data2\" content=\"3 minutos\" \/>\n<script type=\"application\/ld+json\" class=\"yoast-schema-graph\">{\"@context\":\"https:\/\/schema.org\",\"@graph\":[{\"@type\":\"Article\",\"@id\":\"https:\/\/cira.unan.edu.ni\/index.php\/unan-managua-cira-trabaja-en-plan-de-accion-para-la-gestion-de-la-cuenca-del-xolotlan\/#article\",\"isPartOf\":{\"@id\":\"https:\/\/cira.unan.edu.ni\/index.php\/unan-managua-cira-trabaja-en-plan-de-accion-para-la-gestion-de-la-cuenca-del-xolotlan\/\"},\"author\":{\"name\":\"admin-cira\",\"@id\":\"https:\/\/cira.unan.edu.ni\/#\/schema\/person\/ea471033ecfbf0f1297140bb71bc2661\"},\"headline\":\"UNAN-Managua\/CIRA trabaja en Plan de acci\u00f3n para la Gesti\u00f3n de la Cuenca del Xolotl\u00e1n\",\"datePublished\":\"2025-04-02T23:43:56+00:00\",\"dateModified\":\"2025-04-02T23:46:30+00:00\",\"mainEntityOfPage\":{\"@id\":\"https:\/\/cira.unan.edu.ni\/index.php\/unan-managua-cira-trabaja-en-plan-de-accion-para-la-gestion-de-la-cuenca-del-xolotlan\/\"},\"wordCount\":20,\"publisher\":{\"@id\":\"https:\/\/cira.unan.edu.ni\/#organization\"},\"image\":{\"@id\":\"https:\/\/cira.unan.edu.ni\/index.php\/unan-managua-cira-trabaja-en-plan-de-accion-para-la-gestion-de-la-cuenca-del-xolotlan\/#primaryimage\"},\"thumbnailUrl\":\"https:\/\/cira.unan.edu.ni\/wp-content\/uploads\/2025\/04\/WhatsApp-Image-2025-03-20-at-2.57.31-PM.jpeg\",\"articleSection\":[\"Ultimas noticias\"],\"inLanguage\":\"es\"},{\"@type\":\"WebPage\",\"@id\":\"https:\/\/cira.unan.edu.ni\/index.php\/unan-managua-cira-trabaja-en-plan-de-accion-para-la-gestion-de-la-cuenca-del-xolotlan\/\",\"url\":\"https:\/\/cira.unan.edu.ni\/index.php\/unan-managua-cira-trabaja-en-plan-de-accion-para-la-gestion-de-la-cuenca-del-xolotlan\/\",\"name\":\"UNAN-Managua\/CIRA trabaja en Plan de acci\u00f3n para la Gesti\u00f3n de la Cuenca del Xolotl\u00e1n - UNAN-Managua\/CIRA\",\"isPartOf\":{\"@id\":\"https:\/\/cira.unan.edu.ni\/#website\"},\"primaryImageOfPage\":{\"@id\":\"https:\/\/cira.unan.edu.ni\/index.php\/unan-managua-cira-trabaja-en-plan-de-accion-para-la-gestion-de-la-cuenca-del-xolotlan\/#primaryimage\"},\"image\":{\"@id\":\"https:\/\/cira.unan.edu.ni\/index.php\/unan-managua-cira-trabaja-en-plan-de-accion-para-la-gestion-de-la-cuenca-del-xolotlan\/#primaryimage\"},\"thumbnailUrl\":\"https:\/\/cira.unan.edu.ni\/wp-content\/uploads\/2025\/04\/WhatsApp-Image-2025-03-20-at-2.57.31-PM.jpeg\",\"datePublished\":\"2025-04-02T23:43:56+00:00\",\"dateModified\":\"2025-04-02T23:46:30+00:00\",\"breadcrumb\":{\"@id\":\"https:\/\/cira.unan.edu.ni\/index.php\/unan-managua-cira-trabaja-en-plan-de-accion-para-la-gestion-de-la-cuenca-del-xolotlan\/#breadcrumb\"},\"inLanguage\":\"es\",\"potentialAction\":[{\"@type\":\"ReadAction\",\"target\":[\"https:\/\/cira.unan.edu.ni\/index.php\/unan-managua-cira-trabaja-en-plan-de-accion-para-la-gestion-de-la-cuenca-del-xolotlan\/\"]}]},{\"@type\":\"ImageObject\",\"inLanguage\":\"es\",\"@id\":\"https:\/\/cira.unan.edu.ni\/index.php\/unan-managua-cira-trabaja-en-plan-de-accion-para-la-gestion-de-la-cuenca-del-xolotlan\/#primaryimage\",\"url\":\"https:\/\/cira.unan.edu.ni\/wp-content\/uploads\/2025\/04\/WhatsApp-Image-2025-03-20-at-2.57.31-PM.jpeg\",\"contentUrl\":\"https:\/\/cira.unan.edu.ni\/wp-content\/uploads\/2025\/04\/WhatsApp-Image-2025-03-20-at-2.57.31-PM.jpeg\",\"width\":1080,\"height\":576},{\"@type\":\"BreadcrumbList\",\"@id\":\"https:\/\/cira.unan.edu.ni\/index.php\/unan-managua-cira-trabaja-en-plan-de-accion-para-la-gestion-de-la-cuenca-del-xolotlan\/#breadcrumb\",\"itemListElement\":[{\"@type\":\"ListItem\",\"position\":1,\"name\":\"Portada\",\"item\":\"https:\/\/cira.unan.edu.ni\/\"},{\"@type\":\"ListItem\",\"position\":2,\"name\":\"UNAN-Managua\/CIRA trabaja en Plan de acci\u00f3n para la Gesti\u00f3n de la Cuenca del Xolotl\u00e1n\"}]},{\"@type\":\"WebSite\",\"@id\":\"https:\/\/cira.unan.edu.ni\/#website\",\"url\":\"https:\/\/cira.unan.edu.ni\/\",\"name\":\"CIRA\/UNAN-Managua\",\"description\":\"\",\"publisher\":{\"@id\":\"https:\/\/cira.unan.edu.ni\/#organization\"},\"potentialAction\":[{\"@type\":\"SearchAction\",\"target\":{\"@type\":\"EntryPoint\",\"urlTemplate\":\"https:\/\/cira.unan.edu.ni\/?s={search_term_string}\"},\"query-input\":{\"@type\":\"PropertyValueSpecification\",\"valueRequired\":true,\"valueName\":\"search_term_string\"}}],\"inLanguage\":\"es\"},{\"@type\":\"Organization\",\"@id\":\"https:\/\/cira.unan.edu.ni\/#organization\",\"name\":\"CIRA\/UNAN-Managua\",\"url\":\"https:\/\/cira.unan.edu.ni\/\",\"logo\":{\"@type\":\"ImageObject\",\"inLanguage\":\"es\",\"@id\":\"https:\/\/cira.unan.edu.ni\/#\/schema\/logo\/image\/\",\"url\":\"https:\/\/cira.unan.edu.ni\/wp-content\/uploads\/2018\/01\/logo_web_2018.fw_.png\",\"contentUrl\":\"https:\/\/cira.unan.edu.ni\/wp-content\/uploads\/2018\/01\/logo_web_2018.fw_.png\",\"width\":413,\"height\":88,\"caption\":\"CIRA\/UNAN-Managua\"},\"image\":{\"@id\":\"https:\/\/cira.unan.edu.ni\/#\/schema\/logo\/image\/\"},\"sameAs\":[\"https:\/\/www.facebook.com\/Cira.Unan\/\",\"https:\/\/x.com\/CiraUnan\",\"https:\/\/www.linkedin.com\/in\/cira-unan-managua-77058327\/\",\"https:\/\/www.youtube.com\/channel\/UCJ6caCqajBqeuhTqIPz5shg\"]},{\"@type\":\"Person\",\"@id\":\"https:\/\/cira.unan.edu.ni\/#\/schema\/person\/ea471033ecfbf0f1297140bb71bc2661\",\"name\":\"admin-cira\",\"image\":{\"@type\":\"ImageObject\",\"inLanguage\":\"es\",\"@id\":\"https:\/\/secure.gravatar.com\/avatar\/0760a9b63fc3293644d0450eb8175c0c7d9ddd41708cd3d9ab626d656a9a9876?s=96&d=mm&r=g\",\"url\":\"https:\/\/secure.gravatar.com\/avatar\/0760a9b63fc3293644d0450eb8175c0c7d9ddd41708cd3d9ab626d656a9a9876?s=96&d=mm&r=g\",\"contentUrl\":\"https:\/\/secure.gravatar.com\/avatar\/0760a9b63fc3293644d0450eb8175c0c7d9ddd41708cd3d9ab626d656a9a9876?s=96&d=mm&r=g\",\"caption\":\"admin-cira\"}}]}<\/script>\n<!-- \/ Yoast SEO plugin. -->","yoast_head_json":{"title":"UNAN-Managua\/CIRA trabaja en Plan de acci\u00f3n para la Gesti\u00f3n de la Cuenca del Xolotl\u00e1n - UNAN-Managua\/CIRA","robots":{"index":"index","follow":"follow","max-snippet":"max-snippet:-1","max-image-preview":"max-image-preview:large","max-video-preview":"max-video-preview:-1"},"canonical":"https:\/\/cira.unan.edu.ni\/index.php\/unan-managua-cira-trabaja-en-plan-de-accion-para-la-gestion-de-la-cuenca-del-xolotlan\/","og_locale":"es_ES","og_type":"article","og_title":"UNAN-Managua\/CIRA trabaja en Plan de acci\u00f3n para la Gesti\u00f3n de la Cuenca del Xolotl\u00e1n - UNAN-Managua\/CIRA","og_description":"NOTAS INFORMATIVAS &lt;h1&gt;UNAN-Managua\/CIRA trabaja en Plan de acci\u00f3n para la Gesti\u00f3n de la Cuenca del Xolotl\u00e1n&lt;\/h1&gt; &lt;img width=\"1080\" height=\"576\" src=\"https:\/\/cira.unan.edu.ni\/wp-content\/uploads\/2025\/04\/WhatsApp-Image-2025-03-20-at-2.57.31-PM.jpeg\" alt=\"\" srcset=\"https:\/\/cira.unan.edu.ni\/wp-content\/uploads\/2025\/04\/WhatsApp-Image-2025-03-20-at-2.57.31-PM.jpeg 1080w, https:\/\/cira.unan.edu.ni\/wp-content\/uploads\/2025\/04\/WhatsApp-Image-2025-03-20-at-2.57.31-PM-300x160.jpeg 300w, https:\/\/cira.unan.edu.ni\/wp-content\/uploads\/2025\/04\/WhatsApp-Image-2025-03-20-at-2.57.31-PM-1024x546.jpeg 1024w, https:\/\/cira.unan.edu.ni\/wp-content\/uploads\/2025\/04\/WhatsApp-Image-2025-03-20-at-2.57.31-PM-768x410.jpeg 768w\" sizes=\"(max-width: 1080px) 100vw, 1080px\" \/&gt; &lt;p&gt;&lt;strong&gt;Marzo 20, 2025&lt;\/strong&gt;&lt;\/p&gt;&lt;p style=\"margin-bottom: 1.5em; color: #000000; font-family: -apple-system, system-ui, BlinkMacSystemFont, 'Segoe UI', Helvetica, Arial, sans-serif, 'Apple Color Emoji', 'Segoe UI Emoji', 'Segoe UI Symbol'; font-size: 17px; font-style: normal; font-weight: 400;\"&gt;En el marco del D\u00eda Mundial del Agua, el Centro para la Investigaci\u00f3n en Recursos Acu\u00e1ticos (CIRA) de la UNAN-Managua realiz\u00f3 el cuarto seminario cient\u00edfico, facilitado por la m\u00e1ster Kathia Vanessa Rojas Cerda, especialista en an\u00e1lisis de laboratorio, quien present\u00f3 un Plan de Acci\u00f3n para la Gesti\u00f3n de la Cuenca del Lago Xolotl\u00e1n basado en el conocimiento de las buenas pr\u00e1cticas realizadas para la recuperaci\u00f3n del Lago Biwa, Jap\u00f3n.&lt;\/p&gt;&lt;p style=\"margin-bottom: 1.5em; color: #000000; font-family: -apple-system, system-ui, BlinkMacSystemFont, 'Segoe UI', Helvetica, Arial, sans-serif, 'Apple Color Emoji', 'Segoe UI Emoji', 'Segoe UI Symbol'; font-size: 17px; font-style: normal; font-weight: 400;\"&gt;La elaboraci\u00f3n de este Plan se deriva de su participaci\u00f3n en el curso \u00abGesti\u00f3n integrada de cuencas lacustres, fluviales y costeras para el uso sostenible y la conservaci\u00f3n de los recursos h\u00eddricos\u00bb, efectuado del 13 de enero al 19 de febrero en la Prefectura de Shiga, Jap\u00f3n, organizado por la Agencia de Cooperaci\u00f3n Internacional del Jap\u00f3n (JICA).&lt;\/p&gt;&lt;p style=\"margin-bottom: 1.5em; color: #000000; font-family: -apple-system, system-ui, BlinkMacSystemFont, 'Segoe UI', Helvetica, Arial, sans-serif, 'Apple Color Emoji', 'Segoe UI Emoji', 'Segoe UI Symbol'; font-size: 17px; font-style: normal; font-weight: 400;\"&gt;&lt;img src=\"https:\/\/www.unan.edu.ni\/wp-content\/uploads\/WhatsApp-Image-2025-03-20-at-2.57.31-PM-1.jpeg\" sizes=\"(max-width: 1080px) 100vw, 1080px\" srcset=\"https:\/\/www.unan.edu.ni\/wp-content\/uploads\/WhatsApp-Image-2025-03-20-at-2.57.31-PM-1.jpeg 1080w, https:\/\/www.unan.edu.ni\/wp-content\/uploads\/WhatsApp-Image-2025-03-20-at-2.57.31-PM-1-300x160.jpeg 300w, https:\/\/www.unan.edu.ni\/wp-content\/uploads\/WhatsApp-Image-2025-03-20-at-2.57.31-PM-1-1024x546.jpeg 1024w, https:\/\/www.unan.edu.ni\/wp-content\/uploads\/WhatsApp-Image-2025-03-20-at-2.57.31-PM-1-768x410.jpeg 768w\" alt=\"\" width=\"1080\" height=\"576\" \/&gt;&lt;\/p&gt;&lt;p style=\"margin-bottom: 1.5em; color: #000000; font-family: -apple-system, system-ui, BlinkMacSystemFont, 'Segoe UI', Helvetica, Arial, sans-serif, 'Apple Color Emoji', 'Segoe UI Emoji', 'Segoe UI Symbol'; font-size: 17px; font-style: normal; font-weight: 400;\"&gt;De acuerdo con la especialista, el Plan se centra en dos acciones: Educaci\u00f3n Ambiental, mediante la cual se prev\u00e9 elaborar materiales acerca de la biodiversidad del lago, las propiedades fisicoqu\u00edmicas de las aguas y de las mejores pr\u00e1cticas para la conservaci\u00f3n de la calidad, as\u00ed como capacitar a los docentes del CIRA para la implementaci\u00f3n de materiales did\u00e1cticos, y otras actividades como la organizaci\u00f3n de talleres, seminarios y cursos en l\u00ednea para la actualizaci\u00f3n de conocimientos orientados al tema.&lt;\/p&gt;&lt;p style=\"margin-bottom: 1.5em; color: #000000; font-family: -apple-system, system-ui, BlinkMacSystemFont, 'Segoe UI', Helvetica, Arial, sans-serif, 'Apple Color Emoji', 'Segoe UI Emoji', 'Segoe UI Symbol'; font-size: 17px; font-style: normal; font-weight: 400;\"&gt;Como segunda acci\u00f3n se plantea la Sistematizaci\u00f3n y actualizaci\u00f3n de informaci\u00f3n de la calidad del agua del lago para un monitoreo peri\u00f3dico de par\u00e1metros clave como la transparencia y niveles de nutrientes, monitoreo de las concentraciones de mercurio en sedimento del lago y r\u00edos que permita contar con una base de datos centralizada para compartir datos entre instituciones de investigaci\u00f3n, gobierno y organizaciones internacionales.&lt;\/p&gt;&lt;section data-id=\"48a268f5\" data-element_type=\"section\"&gt;&lt;p style=\"text-align: right;\"&gt;&lt;a href=\"https:\/\/www.unan.edu.ni\/index.php\/author\/dci\" target=\"_blank\" rel=\"noopener\"&gt;Direcci\u00f3n de Comunicaci\u00f3n Institucional&lt;\/a&gt;&lt;\/p&gt;&lt;p style=\"text-align: right;\"&gt;&lt;a href=\"https:\/\/www.unan.edu.ni\/index.php\/notas-informativas\/unan-managua-cira-trabaja-en-plan-de-accion-para-la-gestion-de-la-cuenca-del-xolotlan.odp\" target=\"_blank\" rel=\"noopener\"&gt;UNAN-Managua\u00a0&lt;\/a&gt;&lt;\/p&gt;&lt;\/section&gt; &lt;blockquote&gt; &lt;cite&gt; Notas Informativas &lt;\/cite&gt; &lt;\/blockquote&gt; &lt;article data-id=\"18739\"&gt; &lt;a href=\"https:\/\/cira.unan.edu.ni\/index.php\/unan-managua-cira-trabaja-en-plan-de-accion-para-la-gestion-de-la-cuenca-del-xolotlan\/\"&gt;&lt;\/a&gt; &lt;img width=\"1080\" height=\"576\" src=\"https:\/\/cira.unan.edu.ni\/wp-content\/uploads\/2025\/04\/WhatsApp-Image-2025-03-20-at-2.57.31-PM.jpeg\" alt=\"\" \/&gt; &lt;header&gt;&lt;p&gt;&lt;a href=\"https:\/\/cira.unan.edu.ni\/index.php\/unan-managua-cira-trabaja-en-plan-de-accion-para-la-gestion-de-la-cuenca-del-xolotlan\/\" title=\"UNAN-Managua\/CIRA trabaja en Plan de acci\u00f3n para la Gesti\u00f3n de la Cuenca del Xolotl\u00e1n\"&gt;UNAN-Managua\/CIRA trabaja en Plan de acci\u00f3n para la Gesti\u00f3n de la Cuenca del Xolotl\u00e1n&lt;\/a&gt;&lt;\/p&gt;&lt;\/header&gt; &lt;\/article&gt;&lt;article data-id=\"18717\"&gt; &lt;a href=\"https:\/\/cira.unan.edu.ni\/index.php\/personal-de-unan-managua-cira-conoce-sobre-la-clasificacion-de-los-factores-de-riesgos-laborales\/\"&gt;&lt;\/a&gt; &lt;img width=\"1080\" height=\"576\" src=\"https:\/\/cira.unan.edu.ni\/wp-content\/uploads\/2025\/04\/04.jpeg\" alt=\"\" \/&gt; &lt;header&gt;&lt;p&gt;&lt;a href=\"https:\/\/cira.unan.edu.ni\/index.php\/personal-de-unan-managua-cira-conoce-sobre-la-clasificacion-de-los-factores-de-riesgos-laborales\/\" title=\"Personal de UNAN-Managua\/CIRA conoce sobre la clasificaci\u00f3n de los factores de riesgos laborales\"&gt;Personal de UNAN-Managua\/CIRA conoce sobre la clasificaci\u00f3n de los factores de riesgos laborales&lt;\/a&gt;&lt;\/p&gt;&lt;\/header&gt; &lt;\/article&gt;&lt;article data-id=\"18595\"&gt; &lt;a href=\"https:\/\/cira.unan.edu.ni\/index.php\/docentes-de-unan-managua-cira-consolidan-capacidades-en-la-redaccion-de-articulos-cientificos\/\"&gt;&lt;\/a&gt; &lt;img width=\"1080\" height=\"576\" src=\"https:\/\/cira.unan.edu.ni\/wp-content\/uploads\/2025\/02\/articulos-cientificos-5.png\" alt=\"\" \/&gt; &lt;header&gt;&lt;p&gt;&lt;a href=\"https:\/\/cira.unan.edu.ni\/index.php\/docentes-de-unan-managua-cira-consolidan-capacidades-en-la-redaccion-de-articulos-cientificos\/\" title=\"Docentes de UNAN-Managua\/CIRA consolidan capacidades en la redacci\u00f3n de art\u00edculos cient\u00edficos\"&gt;Docentes de UNAN-Managua\/CIRA consolidan capacidades en la redacci\u00f3n de art\u00edculos cient\u00edficos&lt;\/a&gt;&lt;\/p&gt;&lt;\/header&gt; &lt;\/article&gt; &lt;button id=\"eael-load-more-btn-770749a2\" data-widget-id=\"770749a2\" data-widget=\"770749a2\" data-page-id=\"18739\" data-template=\"{&amp;quot;dir&amp;quot;:&amp;quot;lite&amp;quot;,&amp;quot;file_name&amp;quot;:&amp;quot;default.php&amp;quot;,&amp;quot;name&amp;quot;:&amp;quot;Post-Grid&amp;quot;}\" data-class=\"Essential_Addons_ElementorElementsPost_Grid\" data-layout=\"grid\" data-page=\"1\" data-args=\"orderby=date&amp;amp;order=desc&amp;amp;ignore_sticky_posts=0&amp;amp;post_status=publish&amp;amp;posts_per_page=3&amp;amp;offset=0&amp;amp;post_type=post&amp;amp;tax_query%5B0%5D%5Btaxonomy%5D=category&amp;amp;tax_query%5B0%5D%5Bfield%5D=term_id&amp;amp;tax_query%5B0%5D%5Bterms%5D%5B0%5D=155&amp;amp;tax_query%5Brelation%5D=AND\" data-max-page=\"165\"&gt; Cargar m\u00e1s &lt;\/button&gt; &lt;blockquote&gt; &lt;cite&gt; Redes Sociales &lt;\/cite&gt; &lt;\/blockquote&gt; &lt;iframe src=\"https:\/\/www.facebook.com\/plugins\/page.php?href=https%3A%2F%2Fwww.facebook.com%2FUNAN.Managua&tabs=timeline&width=340&height=600&small_header=false&adapt_container_width=true&hide_cover=false&show_facepile=true&appId\" width=\"340\" height=\"600\" style=\"border:none;overflow:hidden\" scrolling=\"no\" frameborder=\"0\" allowfullscreen=\"true\" allow=\"autoplay; clipboard-write; encrypted-media; picture-in-picture; web-share\"&gt;&lt;\/iframe&gt;","og_url":"https:\/\/cira.unan.edu.ni\/index.php\/unan-managua-cira-trabaja-en-plan-de-accion-para-la-gestion-de-la-cuenca-del-xolotlan\/","og_site_name":"UNAN-Managua\/CIRA","article_publisher":"https:\/\/www.facebook.com\/Cira.Unan\/","article_published_time":"2025-04-02T23:43:56+00:00","article_modified_time":"2025-04-02T23:46:30+00:00","og_image":[{"width":1080,"height":576,"url":"https:\/\/cira.unan.edu.ni\/wp-content\/uploads\/2025\/04\/WhatsApp-Image-2025-03-20-at-2.57.31-PM.jpeg","type":"image\/jpeg"}],"author":"admin-cira","twitter_card":"summary_large_image","twitter_creator":"@CiraUnan","twitter_site":"@CiraUnan","twitter_misc":{"Escrito por":false,"Tiempo de lectura":"3 minutos"},"schema":{"@context":"https:\/\/schema.org","@graph":[{"@type":"Article","@id":"https:\/\/cira.unan.edu.ni\/index.php\/unan-managua-cira-trabaja-en-plan-de-accion-para-la-gestion-de-la-cuenca-del-xolotlan\/#article","isPartOf":{"@id":"https:\/\/cira.unan.edu.ni\/index.php\/unan-managua-cira-trabaja-en-plan-de-accion-para-la-gestion-de-la-cuenca-del-xolotlan\/"},"author":{"name":"admin-cira","@id":"https:\/\/cira.unan.edu.ni\/#\/schema\/person\/ea471033ecfbf0f1297140bb71bc2661"},"headline":"UNAN-Managua\/CIRA trabaja en Plan de acci\u00f3n para la Gesti\u00f3n de la Cuenca del Xolotl\u00e1n","datePublished":"2025-04-02T23:43:56+00:00","dateModified":"2025-04-02T23:46:30+00:00","mainEntityOfPage":{"@id":"https:\/\/cira.unan.edu.ni\/index.php\/unan-managua-cira-trabaja-en-plan-de-accion-para-la-gestion-de-la-cuenca-del-xolotlan\/"},"wordCount":20,"publisher":{"@id":"https:\/\/cira.unan.edu.ni\/#organization"},"image":{"@id":"https:\/\/cira.unan.edu.ni\/index.php\/unan-managua-cira-trabaja-en-plan-de-accion-para-la-gestion-de-la-cuenca-del-xolotlan\/#primaryimage"},"thumbnailUrl":"https:\/\/cira.unan.edu.ni\/wp-content\/uploads\/2025\/04\/WhatsApp-Image-2025-03-20-at-2.57.31-PM.jpeg","articleSection":["Ultimas noticias"],"inLanguage":"es"},{"@type":"WebPage","@id":"https:\/\/cira.unan.edu.ni\/index.php\/unan-managua-cira-trabaja-en-plan-de-accion-para-la-gestion-de-la-cuenca-del-xolotlan\/","url":"https:\/\/cira.unan.edu.ni\/index.php\/unan-managua-cira-trabaja-en-plan-de-accion-para-la-gestion-de-la-cuenca-del-xolotlan\/","name":"UNAN-Managua\/CIRA trabaja en Plan de acci\u00f3n para la Gesti\u00f3n de la Cuenca del Xolotl\u00e1n - UNAN-Managua\/CIRA","isPartOf":{"@id":"https:\/\/cira.unan.edu.ni\/#website"},"primaryImageOfPage":{"@id":"https:\/\/cira.unan.edu.ni\/index.php\/unan-managua-cira-trabaja-en-plan-de-accion-para-la-gestion-de-la-cuenca-del-xolotlan\/#primaryimage"},"image":{"@id":"https:\/\/cira.unan.edu.ni\/index.php\/unan-managua-cira-trabaja-en-plan-de-accion-para-la-gestion-de-la-cuenca-del-xolotlan\/#primaryimage"},"thumbnailUrl":"https:\/\/cira.unan.edu.ni\/wp-content\/uploads\/2025\/04\/WhatsApp-Image-2025-03-20-at-2.57.31-PM.jpeg","datePublished":"2025-04-02T23:43:56+00:00","dateModified":"2025-04-02T23:46:30+00:00","breadcrumb":{"@id":"https:\/\/cira.unan.edu.ni\/index.php\/unan-managua-cira-trabaja-en-plan-de-accion-para-la-gestion-de-la-cuenca-del-xolotlan\/#breadcrumb"},"inLanguage":"es","potentialAction":[{"@type":"ReadAction","target":["https:\/\/cira.unan.edu.ni\/index.php\/unan-managua-cira-trabaja-en-plan-de-accion-para-la-gestion-de-la-cuenca-del-xolotlan\/"]}]},{"@type":"ImageObject","inLanguage":"es","@id":"https:\/\/cira.unan.edu.ni\/index.php\/unan-managua-cira-trabaja-en-plan-de-accion-para-la-gestion-de-la-cuenca-del-xolotlan\/#primaryimage","url":"https:\/\/cira.unan.edu.ni\/wp-content\/uploads\/2025\/04\/WhatsApp-Image-2025-03-20-at-2.57.31-PM.jpeg","contentUrl":"https:\/\/cira.unan.edu.ni\/wp-content\/uploads\/2025\/04\/WhatsApp-Image-2025-03-20-at-2.57.31-PM.jpeg","width":1080,"height":576},{"@type":"BreadcrumbList","@id":"https:\/\/cira.unan.edu.ni\/index.php\/unan-managua-cira-trabaja-en-plan-de-accion-para-la-gestion-de-la-cuenca-del-xolotlan\/#breadcrumb","itemListElement":[{"@type":"ListItem","position":1,"name":"Portada","item":"https:\/\/cira.unan.edu.ni\/"},{"@type":"ListItem","position":2,"name":"UNAN-Managua\/CIRA trabaja en Plan de acci\u00f3n para la Gesti\u00f3n de la Cuenca del Xolotl\u00e1n"}]},{"@type":"WebSite","@id":"https:\/\/cira.unan.edu.ni\/#website","url":"https:\/\/cira.unan.edu.ni\/","name":"CIRA\/UNAN-Managua","description":"","publisher":{"@id":"https:\/\/cira.unan.edu.ni\/#organization"},"potentialAction":[{"@type":"SearchAction","target":{"@type":"EntryPoint","urlTemplate":"https:\/\/cira.unan.edu.ni\/?s={search_term_string}"},"query-input":{"@type":"PropertyValueSpecification","valueRequired":true,"valueName":"search_term_string"}}],"inLanguage":"es"},{"@type":"Organization","@id":"https:\/\/cira.unan.edu.ni\/#organization","name":"CIRA\/UNAN-Managua","url":"https:\/\/cira.unan.edu.ni\/","logo":{"@type":"ImageObject","inLanguage":"es","@id":"https:\/\/cira.unan.edu.ni\/#\/schema\/logo\/image\/","url":"https:\/\/cira.unan.edu.ni\/wp-content\/uploads\/2018\/01\/logo_web_2018.fw_.png","contentUrl":"https:\/\/cira.unan.edu.ni\/wp-content\/uploads\/2018\/01\/logo_web_2018.fw_.png","width":413,"height":88,"caption":"CIRA\/UNAN-Managua"},"image":{"@id":"https:\/\/cira.unan.edu.ni\/#\/schema\/logo\/image\/"},"sameAs":["https:\/\/www.facebook.com\/Cira.Unan\/","https:\/\/x.com\/CiraUnan","https:\/\/www.linkedin.com\/in\/cira-unan-managua-77058327\/","https:\/\/www.youtube.com\/channel\/UCJ6caCqajBqeuhTqIPz5shg"]},{"@type":"Person","@id":"https:\/\/cira.unan.edu.ni\/#\/schema\/person\/ea471033ecfbf0f1297140bb71bc2661","name":"admin-cira","image":{"@type":"ImageObject","inLanguage":"es","@id":"https:\/\/secure.gravatar.com\/avatar\/0760a9b63fc3293644d0450eb8175c0c7d9ddd41708cd3d9ab626d656a9a9876?s=96&d=mm&r=g","url":"https:\/\/secure.gravatar.com\/avatar\/0760a9b63fc3293644d0450eb8175c0c7d9ddd41708cd3d9ab626d656a9a9876?s=96&d=mm&r=g","contentUrl":"https:\/\/secure.gravatar.com\/avatar\/0760a9b63fc3293644d0450eb8175c0c7d9ddd41708cd3d9ab626d656a9a9876?s=96&d=mm&r=g","caption":"admin-cira"}}]}},"jetpack_publicize_connections":[],"jetpack_featured_media_url":"https:\/\/cira.unan.edu.ni\/wp-content\/uploads\/2025\/04\/WhatsApp-Image-2025-03-20-at-2.57.31-PM.jpeg","jetpack_sharing_enabled":true,"_links":{"self":[{"href":"https:\/\/cira.unan.edu.ni\/index.php\/wp-json\/wp\/v2\/posts\/18739","targetHints":{"allow":["GET"]}}],"collection":[{"href":"https:\/\/cira.unan.edu.ni\/index.php\/wp-json\/wp\/v2\/posts"}],"about":[{"href":"https:\/\/cira.unan.edu.ni\/index.php\/wp-json\/wp\/v2\/types\/post"}],"author":[{"embeddable":true,"href":"https:\/\/cira.unan.edu.ni\/index.php\/wp-json\/wp\/v2\/users\/1"}],"replies":[{"embeddable":true,"href":"https:\/\/cira.unan.edu.ni\/index.php\/wp-json\/wp\/v2\/comments?post=18739"}],"version-history":[{"count":7,"href":"https:\/\/cira.unan.edu.ni\/index.php\/wp-json\/wp\/v2\/posts\/18739\/revisions"}],"predecessor-version":[{"id":18747,"href":"https:\/\/cira.unan.edu.ni\/index.php\/wp-json\/wp\/v2\/posts\/18739\/revisions\/18747"}],"wp:featuredmedia":[{"embeddable":true,"href":"https:\/\/cira.unan.edu.ni\/index.php\/wp-json\/wp\/v2\/media\/18740"}],"wp:attachment":[{"href":"https:\/\/cira.unan.edu.ni\/index.php\/wp-json\/wp\/v2\/media?parent=18739"}],"wp:term":[{"taxonomy":"category","embeddable":true,"href":"https:\/\/cira.unan.edu.ni\/index.php\/wp-json\/wp\/v2\/categories?post=18739"},{"taxonomy":"post_tag","embeddable":true,"href":"https:\/\/cira.unan.edu.ni\/index.php\/wp-json\/wp\/v2\/tags?post=18739"}],"curies":[{"name":"wp","href":"https:\/\/api.w.org\/{rel}","templated":true}]}}